{"id":506422,"date":"2025-11-02T09:09:12","date_gmt":"2025-11-02T09:09:12","guid":{"rendered":"https:\/\/www.europesays.com\/fr\/506422\/"},"modified":"2025-11-02T09:09:12","modified_gmt":"2025-11-02T09:09:12","slug":"lachee-par-gabriel-attal-rachida-dati-reste-determinee-a-succeder-a-anne-hidalgo","status":"publish","type":"post","link":"https:\/\/www.europesays.com\/fr\/506422\/","title":{"rendered":"l\u00e2ch\u00e9e par Gabriel Attal, Rachida Dati reste d\u00e9termin\u00e9e \u00e0 succ\u00e9der \u00e0 Anne Hidalgo"},"content":{"rendered":"<p>            Par<br \/>\n        <strong><br \/>\n            <a href=\"https:\/\/actu.fr\/auteur\/thomas-martin\" title=\"Consulter tous les articles de Thomas Martin\" target=\"_blank\" rel=\"noopener\">Thomas Martin<\/a><br \/>\n        <\/strong><\/p>\n<p>        Publi\u00e9 le<\/p>\n<p>            2 nov. 2025 \u00e0 7h40        <\/p>\n<p>L\u2019absence de soutien de Renaissance freine-t-elle <a href=\"https:\/\/actu.fr\/tag\/rachida-dati\" target=\"_blank\" rel=\"noopener\">Rachida Dati<\/a> dans sa course \u00e0 la mairie de Paris ? Ses proches balayent l\u2019id\u00e9e : pour eux, la ministre de la Culture est la seule capable de gagner \u00e0 droite, une \u00ab\u00a0marque\u00a0\u00bb qui transcende les appareils partisans. Eclat\u00e9e en trois groupes au <a href=\"https:\/\/actu.fr\/tag\/conseil-de-paris\" target=\"_blank\" rel=\"noopener\">Conseil de Paris<\/a>, la droite misait sur l\u2019investiture promise de Rachida Dati par Renaissance pour ravir enfin la capitale \u00e0 une gauche \u00e9clat\u00e9e, au pouvoir depuis 2001.\u00a0 Mais le parti pr\u00e9sidentiel a finalement choisi <a href=\"https:\/\/actu.fr\/ile-de-france\/paris_75056\/consensuel-inconnu-qui-est-pierre-yves-bournazel-l-anti-dati-a-droite-pour-les-municipales-a-paris_63365132.html\" target=\"_blank\" rel=\"noopener\">Pierre-Yves Bournazel<\/a>, proche d\u2019<a href=\"https:\/\/actu.fr\/tag\/edouard-philippe\" target=\"_blank\" rel=\"noopener\">Edouard Philippe<\/a>, en raison notamment de la rupture d\u00e9clar\u00e9e entre son patron, <a href=\"https:\/\/actu.fr\/tag\/gabriel-attal\" target=\"_blank\" rel=\"noopener\">Gabriel Attal<\/a>, et la maire du 7e arrondissement.<\/p>\n<p>\u00ab\u00a0L\u2019\u00e9lection parisienne est une \u00e9lection de personnalit\u00e9\u00a0\u00bb<\/p>\n<p class=\" wall-content\">\u00ab\u00a0Rachida, elle n\u2019est ni LR, ni Renaissance, ni Horizon, elle est \u2018datiste\u2019 avant tout. C\u2019est une marque, une personnalit\u00e9 qui incarne l\u2019opposition \u00e0 la gauche et se place au-dessus des partis, comme Jean-Michel Aulas \u00e0 Lyon\u00a0\u00bb, assure aupr\u00e8s de l\u2019AFP Agn\u00e8s Evren, pr\u00e9sidente de la F\u00e9d\u00e9ration LR de Paris.<\/p>\n<p class=\" wall-content\">Une singularit\u00e9 que Rachida Dati revendique sans d\u00e9tour. \u00ab\u00a0\u00c7a ne change pas ma vie, \u00e7a ne change pas ma campagne, et \u00e7a ne va pas changer cette volont\u00e9 de victoire et de conqu\u00eate\u00a0\u00bb, a-t-elle d\u00e9clar\u00e9 mercredi sur LCI, posant pour la photo autour d\u2019un caf\u00e9 avec Benjamin Haddad, ministre d\u00e9l\u00e9gu\u00e9 charg\u00e9 de l\u2019Europe, et Sylvain Maillard, en retrait de la pr\u00e9sidence de Renaissance \u00e0 Paris pour continuer \u00e0 la soutenir.<\/p>\n<p class=\" wall-content\">Certains partisans assimilent ce revirement \u00e0 une simple \u00ab\u00a0p\u00e9rip\u00e9tie de campagne\u00a0\u00bb. \u00ab\u00a0Le choix de Bournazel est un choix de l\u2019appareil national mais sur le terrain, il fracture en deux Renaissance\u00a0\u00bb, insiste David Alphand, conseiller LR de Paris. Selon ce proche de Dati, la campagne ne se jouera pas sur les \u00e9tiquettes politiques, \u00ab\u00a0aujourd\u2019hui tr\u00e8s largement d\u00e9valoris\u00e9es\u00a0\u00bb.<\/p>\n<p class=\" wall-content\">\u00ab\u00a0L\u2019\u00e9lection parisienne est une \u00e9lection de personnalit\u00e9. Les Parisiens recherchent un maire avec de l\u2019envergure\u00a0\u00bb, compl\u00e8te-t-il en assurant que cette fois, la droite \u00ab\u00a0ne rejouera pas la guerre Tib\u00e9ri-S\u00e9guin ni les d\u00e9chirements de 2020\u00a0\u00bb alors que la gauche affiche elle \u00ab\u00a0quatre candidats\u00a0\u00bb au d\u00e9part.<\/p>\n<p>A l\u2019arriv\u00e9e, c\u2019est Rachida Dati qui gagne ?\u00a0<\/p>\n<p class=\" wall-content\">En coulisses, un dirigeant LR juge pourtant l\u2019investiture de Bournazel \u00ab\u00a0emb\u00eatante\u00a0\u00bb, faisant \u00ab\u00a0perdre sa dynamique\u00a0\u00bb \u00e0 Dati, m\u00eame si \u00ab\u00a0\u00e0 l\u2019arriv\u00e9e, elle gagne\u00a0\u00bb. \u00ab\u00a0S\u2019il y a deux listes, il faut qu\u2019elles se r\u00e9unissent au second tour. Plus ce sera tendu entre eux, plus ce sera difficile\u00a0\u00bb, juge un autre baron LR, tandis qu\u2019un membre de l\u2019entourage de Bruno Retailleau est plus critique, soulignant simplement qu\u2019il n\u2019y a \u00ab\u00a0pas de plan B\u00a0\u00bb \u00e0 Dati.<\/p>\n<p class=\" wall-content\">Si la ministre peut s\u00e9duire des \u00e9lecteurs des quartiers populaires, assure une personnalit\u00e9 de la droite parisienne, sur le terrain, certains n\u2019h\u00e9sitent pas \u00e0 la qualifier de \u00ab\u00a0tra\u00eetre\u00a0\u00bb ou \u00ab\u00a0voleuse\u00a0\u00bb.\u00a0 Une image qui pourrait lui co\u00fbter cher, moins d\u2019un an avant son proc\u00e8s dans l\u2019affaire Renault-Ghosn.<\/p>\n<p>Votre r\u00e9gion, votre actu !<\/p>\n<p>Recevez chaque jour les infos qui comptent pour vous.<\/p>\n<p>\t<a href=\"https:\/\/actu.fr\/newsletter\" class=\"ac-btn ac-btn--corner ac-btn--medium ac-btn--blue800\" target=\"_blank\" rel=\"noopener\">S&rsquo;incrire<\/a><\/p>\n<p class=\" wall-content\">Ancien rival devenu alli\u00e9, le maire LR du XVe arrondissement Philippe Goujon admet que \u00ab\u00a0tout le monde n\u2019aime pas la personnalit\u00e9\u00a0\u00bb de Rachida Dati, \u00ab\u00a0tr\u00e8s clivante\u00a0\u00bb, mais souligne aussi qu\u2019elle \u00ab\u00a0accroche la lumi\u00e8re\u00a0\u00bb.<\/p>\n<p class=\" wall-content\">L\u2019absence de soutien de Renaissance ne devrait en revanche pas peser du c\u00f4t\u00e9 de la force militante. Selon Agn\u00e8s Evren, la f\u00e9d\u00e9ration LR de Paris regroupe \u00ab\u00a011 000 adh\u00e9rents\u00a0\u00bb contre \u00ab\u00a010.000 au plan national pour Renaissance\u00a0\u00bb.<\/p>\n<p>La strat\u00e9gie de Rachida Dati fragilis\u00e9e ?\u00a0<\/p>\n<p class=\" wall-content\">Sur le plan strat\u00e9gique, Rachida Dati a inaugur\u00e9 son si\u00e8ge de campagne dans le XIIe arrondissement, bastion de son adversaire socialiste Emmanuel Gr\u00e9goire, et multiplie les d\u00e9placements dans les quartiers populaires.<\/p>\n<p class=\" wall-content\">Une tactique justifi\u00e9e par la r\u00e9forme de la loi PLM (Paris-Lyon-Marseille), port\u00e9e par le d\u00e9put\u00e9 Renaissance Sylvain Maillard, qui permet \u00e0 chaque Parisien d\u2019\u00e9lire directement les membres du Conseil de Paris sans passer par le filtre de l\u2019arrondissement.<\/p>\n<p class=\" wall-content\">Selon le constitutionnaliste Benjamin Morel, Rachida Dati comptait s\u2019appuyer sur cette r\u00e9forme, qui favorise le camp le plus uni, et faire \u00ab\u00a0table rase autour d\u2019elle\u00a0\u00bb pour arriver en t\u00eate au second tour et l\u2019emporter avec 35% des voix, en comptant sur la prime majoritaire et l\u2019absence de ralliement de LFI. \u00ab\u00a0C\u2019\u00e9tait un bon plan\u00a0\u00bb, estime-t-il.<\/p>\n<p class=\" wall-content\">Mais l\u2019arriv\u00e9e de Pierre-Yves Bournazel complique la donne : \u00ab\u00a0M\u00eame s\u2019il se rallie \u00e0 Dati au second tour, une partie de ses soutiens, comme Cl\u00e9ment Beaune, seront sans doute plus prompts \u00e0 voter PS au second tour\u00a0\u00bb.<\/p>\n<p class=\" wall-content\"><strong>AFP<\/strong><\/p>\n<p class=\" wall-content\">Personnalisez votre actualit\u00e9 en ajoutant vos villes et m\u00e9dias en favori avec <a href=\"https:\/\/moncompte.actu.fr\" title=\"D\u00e9couvez Mon Actu\" rel=\"nofollow noopener\" data-trk=\"{&quot;cta&quot;:{&quot;action&quot;:&quot;https:\\\/\\\/moncompte.actu.fr&quot;,&quot;category&quot;:&quot;mon compte&quot;,&quot;from&quot;:&quot;article footer&quot;,&quot;name&quot;:&quot;Mon actu&quot;,&quot;type&quot;:&quot;cta&quot;}}\" target=\"_blank\">Mon Actu<\/a>.<\/p>\n","protected":false},"excerpt":{"rendered":"Par Thomas Martin Publi\u00e9 le 2 nov. 2025 \u00e0 7h40 L\u2019absence de soutien de Renaissance freine-t-elle Rachida Dati&hellip;\n","protected":false},"author":2,"featured_media":506423,"comment_status":"","ping_status":"","sticky":false,"template":"","format":"standard","meta":{"footnotes":""},"categories":[1888],"tags":[11,4188,1777,674,1011,27,2381,3434,12,626,316,417,25],"class_list":{"0":"post-506422","1":"post","2":"type-post","3":"status-publish","4":"format-standard","5":"has-post-thumbnail","7":"category-paris","8":"tag-actualites","9":"tag-elections-municipales","10":"tag-eu","11":"tag-europe","12":"tag-fr","13":"tag-france","14":"tag-mairie-de-paris","15":"tag-municipales-2026","16":"tag-news","17":"tag-paris","18":"tag-politique","19":"tag-rachida-dati","20":"tag-republique-francaise"},"share_on_mastodon":{"url":"https:\/\/pubeurope.com\/@fr\/115479325261885875","error":""},"_links":{"self":[{"href":"https:\/\/www.europesays.com\/fr\/wp-json\/wp\/v2\/posts\/506422","targetHints":{"allow":["GET"]}}],"collection":[{"href":"https:\/\/www.europesays.com\/fr\/wp-json\/wp\/v2\/posts"}],"about":[{"href":"https:\/\/www.europesays.com\/fr\/wp-json\/wp\/v2\/types\/post"}],"author":[{"embeddable":true,"href":"https:\/\/www.europesays.com\/fr\/wp-json\/wp\/v2\/users\/2"}],"replies":[{"embeddable":true,"href":"https:\/\/www.europesays.com\/fr\/wp-json\/wp\/v2\/comments?post=506422"}],"version-history":[{"count":0,"href":"https:\/\/www.europesays.com\/fr\/wp-json\/wp\/v2\/posts\/506422\/revisions"}],"wp:featuredmedia":[{"embeddable":true,"href":"https:\/\/www.europesays.com\/fr\/wp-json\/wp\/v2\/media\/506423"}],"wp:attachment":[{"href":"https:\/\/www.europesays.com\/fr\/wp-json\/wp\/v2\/media?parent=506422"}],"wp:term":[{"taxonomy":"category","embeddable":true,"href":"https:\/\/www.europesays.com\/fr\/wp-json\/wp\/v2\/categories?post=506422"},{"taxonomy":"post_tag","embeddable":true,"href":"https:\/\/www.europesays.com\/fr\/wp-json\/wp\/v2\/tags?post=506422"}],"curies":[{"name":"wp","href":"https:\/\/api.w.org\/{rel}","templated":true}]}}