{"id":50643,"date":"2025-04-25T02:13:24","date_gmt":"2025-04-25T02:13:24","guid":{"rendered":"https:\/\/www.europesays.com\/fr\/50643\/"},"modified":"2025-04-25T02:13:24","modified_gmt":"2025-04-25T02:13:24","slug":"combien-coute-un-portail-de-securite","status":"publish","type":"post","link":"https:\/\/www.europesays.com\/fr\/50643\/","title":{"rendered":"combien co\u00fbte un portail de s\u00e9curit\u00e9 ?"},"content":{"rendered":"<p class=\"articleHead-lead\">\n            Apr\u00e8s le choc suscit\u00e9 \u00e0 Nantes par la mort d&rsquo;une adolescente apr\u00e8s une attaque au couteau dans son lyc\u00e9e, le Premier ministre repose le d\u00e9bat des portiques de s\u00e9curit\u00e9 \u00e0 l&rsquo;entr\u00e9e des \u00e9tablissements. Un dispositif mis en place en Auvergne-Rh\u00f4ne-Alpes, mais qui n&rsquo;a pas vraiment fait ses preuves&#8230; et a un co\u00fbt \u00e9lev\u00e9.\n        <\/p>\n<p>            <img decoding=\"async\"  src=\"https:\/\/www.europesays.com\/fr\/wp-content\/uploads\/2025\/04\/1745547204_430_picture.jpg\"  class=\"apply-ratio\" alt=\"Un portique de s\u00e9curit\u00e9 \u00e0 l'entr\u00e9e d'une station de m\u00e9tro (photo d'illustration).\"\/><\/p>\n<p>\n                                            \u00a9 Adobe stock<\/p>\n<p>                                             &#8211; Un portique de s\u00e9curit\u00e9 \u00e0 l&rsquo;entr\u00e9e d&rsquo;une station de m\u00e9tro (photo d&rsquo;illustration).\n                                    <\/p>\n<ul class=\"articleMainFollow-list\">\n<li class=\"articleMainFollow-item\">\n<p>                        Sauvegarder<\/p>\n<p>                        Sauvegard\u00e9<\/p>\n<\/li>\n<li class=\"articleMainFollow-item\">\n<\/li>\n<\/ul>\n<p>\n                    Recevoir les alertes S\u00e9curit\u00e9\n                <\/p>\n<p>Le 24 avril, un lyc\u00e9en a poignard\u00e9 quatre \u00e9l\u00e8ves dans l&rsquo;\u00e9tablissement priv\u00e9 Notre-Dame-de-Toutes-Aides, \u00e0 Nantes, <strong>tuant une jeune fille <\/strong>de 17 ans. Apr\u00e8s cette attaque, le Premier ministre, <a href=\"https:\/\/www.capital.fr\/economie-politique\/une-dette-de-50-000-euros-par-francais-cest-quoi-ce-chiffre-avance-par-francois-bayrou-1512720\" target=\"_blank\" rel=\"noopener\">Fran\u00e7ois Bayrou<\/a>, a d\u00e9clar\u00e9 qu&rsquo;il souhaitait \u00abune intensification des contr\u00f4les mis en place aux abords et au sein des \u00e9tablissements scolaires\u00bb et \u00ab<strong>des propositions concr\u00e8tes<\/strong> en mati\u00e8re de pr\u00e9vention, de r\u00e9glementation et de r\u00e9pression\u00bb, \u00e9voquant notamment la mise en place de portiques de s\u00e9curit\u00e9.<\/p>\n<p>De tels dispositifs \u00e0 l&rsquo;entr\u00e9e des \u00e9tablissements sont-ils efficaces ? Il faut, pour r\u00e9pondre, se tourner vers les collectivit\u00e9s qui connaissent bien le sujet. En la mati\u00e8re, la r\u00e9gion Auvergne-Rh\u00f4ne-Alpes pr\u00e9sid\u00e9e par<a href=\"https:\/\/www.capital.fr\/economie-politique\/si-l-abattement-des-retraites-est-supprime-les-deputes-lr-ne-voteront-pas-le-budget-1513049\" target=\"_blank\" rel=\"noopener\"> Laurent Wauquiez<\/a> fait figure de pionni\u00e8re. D\u00e8s 2016, en r\u00e9action aux attentats du 13 novembre 2015 \u00e0 Paris, <strong>272 des 305 lyc\u00e9es <\/strong>de la r\u00e9gion ont \u00e9t\u00e9 dot\u00e9s d&rsquo;un syst\u00e8me de s\u00e9curisation anti-intrusion : portiques, tourniquets ou sas \u00e9tanches, pour un co\u00fbt total de <strong>102 millions d&rsquo;euros<\/strong>.<\/p>\n<p>        \u00c0 lire aussi :<br \/>\n        <a class=\"articleToRead-link\" href=\"https:\/\/www.capital.fr\/economie-politique\/fouilles-conseil-de-discipline-les-nouvelles-regles-a-l-ecole-pour-lutter-contre-la-violence-1509568\" data-wide=\"\" target=\"_blank\" rel=\"noopener\"><br \/>\n            Fouilles, conseil de discipline\u2026 les nouvelles r\u00e8gles \u00e0 l\u2019\u00e9cole pour lutter contre la violence<br \/>\n        <\/a><\/p>\n<p>\u00abUne fois que \u00e7a bloque, plus personne ne rentre, ni ne sort\u00bb<\/p>\n<p>L&rsquo;installation d&rsquo;un seul portique, assorti d&rsquo;un syst\u00e8me d&rsquo;entr\u00e9e par badge et de <a href=\"https:\/\/www.capital.fr\/votre-carriere\/videosurveillance-votre-employeur-a-t-il-le-droit-de-vous-filmer-au-travail-1505502\" target=\"_blank\" rel=\"noopener\">vid\u00e9osurveillance<\/a>, co\u00fbte <strong>100 000 euros.<\/strong>  Mais ce d\u00e9ploiement s\u00e9curitaire \u00e0 l&rsquo;entr\u00e9e des \u00e9tablissements en 2016, n&rsquo;avait alors pas \u00e9t\u00e9 jug\u00e9 efficace par tous les directeurs. Sept ans plus tard, la direction du lyc\u00e9e Pierre B\u00e9ghin \u00e0 Moirans (Is\u00e8re), t\u00e9moignait aupr\u00e8s de <a href=\"https:\/\/www.bfmtv.com\/societe\/education\/des-portiques-pour-securiser-tous-les-lycees-le-resultat-en-demi-teinte-en-auvergne-rhone-alpes_AN-202310170679.html#:~:text=Co%C3%BBt%20total%20de%20ce%20dispositif,de%20vid%C3%A9oprotection%2C%20pr%C3%A9cise%20la%20r%C3%A9gion.\" target=\"_blank\" rel=\"noopener\">BFMTV <\/a>: \u00abAu final, une fois que \u00e7a bloque, plus personne ne rentre,<strong> ni ne sort<\/strong><strong>.<\/strong>\u00bb Le lyc\u00e9e est revenu aux portes lambda.<\/p>\n<p>A Bron, deux portiques avaient \u00e9t\u00e9 install\u00e9s au d\u00e9but du premier mandat de Laurent Wauquiez (2016-2021). Ils ne fonctionnent plus,<strong> les lecteurs de badge <\/strong>ayant \u00e9t\u00e9 vandalis\u00e9s et \u00e9tant trop chers \u00e0 remplacer. Plusieurs directeurs pointent un manque de fluidit\u00e9, des retards dans les classes en raison du temps pass\u00e9 au portique. Ce 24 avril, dans <a href=\"https:\/\/www.sudouest.fr\/faits-divers\/attaque-dans-un-lycee-a-nantes-controles-portiques-de-securite-face-a-la-violence-a-l-ecole-les-experts-ne-croient-pas-au-tout-securitaire-24166343.php\" target=\"_blank\" rel=\"noopener\">Sud-Ouest<\/a>, Johanna Dagorn, membre de la d\u00e9l\u00e9gation minist\u00e9rielle en charge de la pr\u00e9vention et de la lutte contre les violences en milieu scolaire, estime que \u00ab<strong>le tout s\u00e9curitaire est un fantasme.<\/strong> Si l\u2019on met un portique de plus, ce n\u2019est pas une pr\u00e9vention \u00e0 long terme\u00bb.<\/p>\n<p>        Recevez nos derni\u00e8res news<\/p>\n<p>        Tous les jours, la s\u00e9lection des <b>principales infos<\/b> de la journ\u00e9e.<\/p>\n","protected":false},"excerpt":{"rendered":"Apr\u00e8s le choc suscit\u00e9 \u00e0 Nantes par la mort d&rsquo;une adolescente apr\u00e8s une attaque au couteau dans son&hellip;\n","protected":false},"author":2,"featured_media":50644,"comment_status":"","ping_status":"","sticky":false,"template":"","format":"standard","meta":{"footnotes":""},"categories":[2818],"tags":[1111,11,834,1777,674,1011,27,14341,766,12,2636,25,7691],"class_list":{"0":"post-50643","1":"post","2":"type-post","3":"status-publish","4":"format-standard","5":"has-post-thumbnail","7":"category-nantes","8":"tag-actu","9":"tag-actualites","10":"tag-attaque","11":"tag-eu","12":"tag-europe","13":"tag-fr","14":"tag-france","15":"tag-lycu00e9e","16":"tag-nantes","17":"tag-news","18":"tag-pays-de-la-loire","19":"tag-republique-francaise","20":"tag-su00e9curitu00e9"},"share_on_mastodon":{"url":"https:\/\/pubeurope.com\/@fr\/114396188102603167","error":""},"_links":{"self":[{"href":"https:\/\/www.europesays.com\/fr\/wp-json\/wp\/v2\/posts\/50643","targetHints":{"allow":["GET"]}}],"collection":[{"href":"https:\/\/www.europesays.com\/fr\/wp-json\/wp\/v2\/posts"}],"about":[{"href":"https:\/\/www.europesays.com\/fr\/wp-json\/wp\/v2\/types\/post"}],"author":[{"embeddable":true,"href":"https:\/\/www.europesays.com\/fr\/wp-json\/wp\/v2\/users\/2"}],"replies":[{"embeddable":true,"href":"https:\/\/www.europesays.com\/fr\/wp-json\/wp\/v2\/comments?post=50643"}],"version-history":[{"count":0,"href":"https:\/\/www.europesays.com\/fr\/wp-json\/wp\/v2\/posts\/50643\/revisions"}],"wp:featuredmedia":[{"embeddable":true,"href":"https:\/\/www.europesays.com\/fr\/wp-json\/wp\/v2\/media\/50644"}],"wp:attachment":[{"href":"https:\/\/www.europesays.com\/fr\/wp-json\/wp\/v2\/media?parent=50643"}],"wp:term":[{"taxonomy":"category","embeddable":true,"href":"https:\/\/www.europesays.com\/fr\/wp-json\/wp\/v2\/categories?post=50643"},{"taxonomy":"post_tag","embeddable":true,"href":"https:\/\/www.europesays.com\/fr\/wp-json\/wp\/v2\/tags?post=50643"}],"curies":[{"name":"wp","href":"https:\/\/api.w.org\/{rel}","templated":true}]}}