{"id":506432,"date":"2025-11-02T09:14:19","date_gmt":"2025-11-02T09:14:19","guid":{"rendered":"https:\/\/www.europesays.com\/fr\/506432\/"},"modified":"2025-11-02T09:14:19","modified_gmt":"2025-11-02T09:14:19","slug":"qui-sont-les-deux-suspects-arretes-ce-que-lon-sait","status":"publish","type":"post","link":"https:\/\/www.europesays.com\/fr\/506432\/","title":{"rendered":"qui sont les deux suspects arr\u00eat\u00e9s\u00a0? Ce que l&rsquo;on sait"},"content":{"rendered":"<p class=\"app_entry_lead\">\n<p>                    <a title=\"\u00a0\u00a9\u00a0Marcin Nowak\/Shutterstock \/SIPA (publi\u00e9e le 02\/11\/2025)\" href=\"https:\/\/www.europesays.com\/fr\/wp-content\/uploads\/2025\/11\/82270926.jpg\" class=\"fancy\"><\/p>\n<p>                            <img loading=\"lazy\" decoding=\"async\" src=\"https:\/\/www.europesays.com\/fr\/wp-content\/uploads\/2025\/11\/82270926.jpg\" alt=\"Attaque au couteau au Royaume-Uni\u00a0: qui sont les deux suspects arr\u00eat\u00e9s\u00a0? Ce que l'on sait\" width=\"1500\" height=\"1000\"\/><\/p>\n<p>                    <\/a><\/p>\n<p>                L&rsquo;enqu\u00eate sur le drame survenu \u00e0 Londres, samedi 1er novembre en fin d&rsquo;apr\u00e8s-midi, a \u00e0 peine d\u00e9but\u00e9. La police des transports a annonc\u00e9 qu&rsquo;elle avait arr\u00eat\u00e9 deux personnes.<\/p>\n<p>Vision d&rsquo;horreur pour les passagers de ce train parti de Doncaster en direction de <a href=\"https:\/\/www.linternaute.fr\/voyage\/guides-de-voyage\/1455656-londres-lieux-a-visiter-fish-and-chips-pubs-bons-plans-meteo-brexit-le-guide\/\" title=\"Londres\" rel=\"nofollow noopener\" target=\"_blank\">Londres<\/a>, samedi 1er novembre 2025\u00a0en d\u00e9but de soir\u00e9e. Une attaque \u00e0 l&rsquo;arme blanche a fait au moins dix bless\u00e9s, dont neuf sont dans un \u00e9tat pr\u00e9occupant. La police des transports a annonc\u00e9 qu&rsquo;elle avait arr\u00eat\u00e9 deux personnes, sans donner plus de d\u00e9tails sur leurs identit\u00e9s. On fait le point.<\/p>\n<p>Parmi les passagers de ce train en partance pour la ville de Londres, il n&rsquo;a pas \u00e9t\u00e9 \u00e9vident de comprendre tout de suite le d\u00e9roul\u00e9 des \u00e9v\u00e8nements. Comme le raconte la <a href=\"https:\/\/www.bbc.com\/news\/live\/cm2zvjx1z14t\" target=\"_blank\" rel=\"nofollow noopener\">BBC<\/a> en citant un t\u00e9moin de la sc\u00e8ne. Au d\u00e9part, Olly Foster a d&rsquo;abord cru \u00e0 une plaisanterie d&rsquo;Halloween [la f\u00eate d&rsquo;Halloween ayant eu lieu le 31\u00a0octobre, soit la veille, NDLR].<\/p>\n<p>Mais tr\u00e8s vite, en entendant les cris de terreur des passagers, il a compris que quelque chose clochait. Il explique que les personnes tentaient de fuir et pr\u00e9venaient les autres de le faire aussi, ce qui a provoqu\u00e9 un mouvement de foule. Olly Foster d\u00e9crit aussi des si\u00e8ges tach\u00e9s de grosses taches de sang. Selon lui, un homme a voulu prot\u00e9ger une jeune fille en s&rsquo;interposant entre elle et l&rsquo;assaillant. L&rsquo;homme a \u00e9t\u00e9 bless\u00e9 au cou et \u00e0 la t\u00eate. Au total, les faits se sont d\u00e9roul\u00e9s dans un laps de temps compris entre dix et quinze minutes.<\/p>\n<p>Le bilan humain et le point sur l&rsquo;enqu\u00eate<\/p>\n<p>Pour l&rsquo;heure, dix bless\u00e9s, dont neuf graves, sont \u00e0 d\u00e9plorer. C&rsquo;est un communiqu\u00e9 officiel des autorit\u00e9s qui est tomb\u00e9 dans la nuit pour l&rsquo;annoncer. Toutes les victimes ont \u00e9t\u00e9 amen\u00e9es \u00e0 l&rsquo;h\u00f4pital. Certaines sont encore en urgence absolue. Pour le moment, aucune pr\u00e9cision n&rsquo;a \u00e9t\u00e9 donn\u00e9e sur leur identit\u00e9.<\/p>\n<p>Les services antiterroristes ont \u00e9t\u00e9 saisis et deux personnes ont \u00e9t\u00e9 interpell\u00e9es. \u00ab\u00a0L&rsquo;attaque a \u00e9t\u00e9 d\u00e9clar\u00e9e incident majeur et la police antiterroriste aide \u00e0 l&rsquo;enqu\u00eate pendant que nous travaillons \u00e0 \u00e9tablir toutes les circonstances de l&rsquo;incident\u00a0\u00bb, a expliqu\u00e9 la police des transports.<\/p>\n<p>En ce qui concerne les deux interpellations, la police est rest\u00e9e prudente\u00a0: \u00ab\u00a0Nous menons actuellement des v\u00e9rifications urgentes afin de d\u00e9terminer ce qui s&rsquo;est pass\u00e9 et il faudra peut-\u00eatre un certain temps avant que nous soyons en mesure de confirmer quoi que ce soit\u00a0\u00bb, pr\u00e9vient le commissaire Chris Casey. Ce dernier a aussi appel\u00e9 \u00e0 ne pas \u00ab\u00a0sp\u00e9culer sur les causes de l&rsquo;incident\u00a0\u00bb.<\/p>\n<p>La r\u00e9action du Premier ministre britannique<\/p>\n<p>Sur le r\u00e9seau social X, le Premier ministre Keir Starmer a r\u00e9agi au cours de la soir\u00e9e. Il a qualifi\u00e9 le drame d'\u00a0\u00bbextr\u00eamement pr\u00e9occupant\u00a0\u00bb. Il a aussi ajout\u00e9 un message \u00e0 l&rsquo;attention des proches de victimes\u00a0: \u00ab\u00a0Mes pens\u00e9es vont \u00e0 toutes les personnes touch\u00e9es, et je remercie les services d&rsquo;urgence pour leur r\u00e9action\u00a0\u00bb, a-t-il exprim\u00e9.<\/p>\n<blockquote class=\"twitter-tweet\">\n<p dir=\"ltr\" lang=\"en\">The appalling incident on a train near Huntingdon is deeply concerning.<\/p>\n<p>My thoughts are with all those affected, and my thanks go to the emergency services for their response.<\/p>\n<p>Anyone in the area should follow the advice of the police.<\/p>\n<p>\u2014 Keir Starmer (@Keir_Starmer) <a href=\"https:\/\/twitter.com\/Keir_Starmer\/status\/1984743058856869942?ref_src=twsrc%5Etfw\" rel=\"nofollow noopener\" target=\"_blank\">November 1, 2025<\/a><\/p><\/blockquote>\n<p>Comme l&rsquo;indique <a href=\"https:\/\/www.leparisien.fr\/international\/royaume-uni\/dix-blesses-deux-suspects-interpelles-ce-que-lon-sait-de-lattaque-a-larme-blanche-dans-un-train-qui-allait-a-londres-02-11-2025-ITCX7DZWSBG5BJM23R22XH3NRY.php?xtor=AD-366\" target=\"_blank\" rel=\"nofollow noopener\">Le Parisien<\/a>, au cours des quinze derni\u00e8res ann\u00e9es, le pays a connu une augmentation des attaques \u00e0 l&rsquo;arme blanche. L&rsquo;attaque d&rsquo;hier soir intervient un mois apr\u00e8s celle contre une synagogue au nord de Manchester. Un homme avait alors attaqu\u00e9 des fid\u00e8les arm\u00e9 d&rsquo;un couteau.<\/p>\n<p>                    <script async src=\"https:\/\/platform.twitter.com\/widgets.js\" charset=\"utf-8\"><\/script><\/p>\n","protected":false},"excerpt":{"rendered":"L&rsquo;enqu\u00eate sur le drame survenu \u00e0 Londres, samedi 1er novembre en fin d&rsquo;apr\u00e8s-midi, a \u00e0 peine d\u00e9but\u00e9. La&hellip;\n","protected":false},"author":2,"featured_media":506433,"comment_status":"","ping_status":"","sticky":false,"template":"","format":"standard","meta":{"footnotes":""},"categories":[1588],"tags":[11,62806,51761,1777,674,51763,4534,74,12,51767,473,1853,1851,1850,1852],"class_list":{"0":"post-506432","1":"post","2":"type-post","3":"status-publish","4":"format-standard","5":"has-post-thumbnail","7":"category-royaume-uni","8":"tag-actualites","9":"tag-cms-linternaute-9153810","10":"tag-controller-content","11":"tag-eu","12":"tag-europe","13":"tag-format-papier","14":"tag-londres","15":"tag-monde","16":"tag-news","17":"tag-parallaxeinfeed","18":"tag-royaume-uni","19":"tag-royaume-uni-de-grande-bretagne-et-dirlande-du-nord","20":"tag-uk","21":"tag-united-kingdom","22":"tag-united-kingdom-of-great-britain-and-northern-ireland"},"share_on_mastodon":{"url":"https:\/\/pubeurope.com\/@fr\/115479345159050973","error":""},"_links":{"self":[{"href":"https:\/\/www.europesays.com\/fr\/wp-json\/wp\/v2\/posts\/506432","targetHints":{"allow":["GET"]}}],"collection":[{"href":"https:\/\/www.europesays.com\/fr\/wp-json\/wp\/v2\/posts"}],"about":[{"href":"https:\/\/www.europesays.com\/fr\/wp-json\/wp\/v2\/types\/post"}],"author":[{"embeddable":true,"href":"https:\/\/www.europesays.com\/fr\/wp-json\/wp\/v2\/users\/2"}],"replies":[{"embeddable":true,"href":"https:\/\/www.europesays.com\/fr\/wp-json\/wp\/v2\/comments?post=506432"}],"version-history":[{"count":0,"href":"https:\/\/www.europesays.com\/fr\/wp-json\/wp\/v2\/posts\/506432\/revisions"}],"wp:featuredmedia":[{"embeddable":true,"href":"https:\/\/www.europesays.com\/fr\/wp-json\/wp\/v2\/media\/506433"}],"wp:attachment":[{"href":"https:\/\/www.europesays.com\/fr\/wp-json\/wp\/v2\/media?parent=506432"}],"wp:term":[{"taxonomy":"category","embeddable":true,"href":"https:\/\/www.europesays.com\/fr\/wp-json\/wp\/v2\/categories?post=506432"},{"taxonomy":"post_tag","embeddable":true,"href":"https:\/\/www.europesays.com\/fr\/wp-json\/wp\/v2\/tags?post=506432"}],"curies":[{"name":"wp","href":"https:\/\/api.w.org\/{rel}","templated":true}]}}