{"id":506434,"date":"2025-11-02T09:15:24","date_gmt":"2025-11-02T09:15:24","guid":{"rendered":"https:\/\/www.europesays.com\/fr\/506434\/"},"modified":"2025-11-02T09:15:24","modified_gmt":"2025-11-02T09:15:24","slug":"pour-lallemagne-cela-va-plus-loin-que-la-complicite-capjpo-europalestine-2","status":"publish","type":"post","link":"https:\/\/www.europesays.com\/fr\/506434\/","title":{"rendered":"pour l\u2019Allemagne, cela va plus loin que la complicit\u00e9 \u2013 CAPJPO EuroPalestine"},"content":{"rendered":"<p>URL has been copied successfully!<\/p>\n<p>URL has been copied successfully!<\/p>\n<p>Des documents internes du minist\u00e8re allemand de la D\u00e9fense r\u00e9v\u00e8lent que l\u2019Allemagne a coordonn\u00e9 son t\u00e9moignage avec Isra\u00ebl avant de compara\u00eetre devant la Cour internationale de Justice (CIJ) en avril 2024. <\/p>\n<p><img fetchpriority=\"high\" decoding=\"async\" width=\"1024\" height=\"613\" src=\"https:\/\/www.europesays.com\/fr\/wp-content\/uploads\/2025\/11\/xCIJ-1er-NOv-1024x613.jpg.pagespeed.ic.QwewRJHh6h.jpg\" alt=\"\" class=\"wp-image-122131\"   data-pagespeed-url-hash=\"4283044449\" onload=\"pagespeed.CriticalImages.checkImageForCriticality(this);\"\/><\/p>\n<p>L\u2019affaire, port\u00e9e devant la Cour par le Nicaragua, accuse l\u2019Allemagne de complicit\u00e9 dans le g\u00e9nocide de Gaza par le biais de ses exportations d\u2019armes vers Isra\u00ebl. Alors que l\u2019Allemagne affirmait que la Bundeswehr n\u2019avait pas livr\u00e9 d\u2019armes \u00e0 Isra\u00ebl en 2023, les documents officiels, obtenus dans le cadre d\u2019une action en justice fond\u00e9e sur le droit \u00e0 l\u2019information garanti par la loi allemande sur la presse, soul\u00e8vent des questions quant \u00e0 l\u2019exhaustivit\u00e9 de ces d\u00e9clarations devant la CIJ.<\/p>\n<p> Durant la guerre \u00e0 Gaza, l\u2019Allemagne a approuv\u00e9 des licences d\u2019exportation de mat\u00e9riel militaire d\u2019une valeur de pr\u00e8s de 500 millions d\u2019euros, les livraisons directes de la Bundeswehr \u00e9tant tenues confidentielles en raison de leurs r\u00e9percussions potentielles sur les int\u00e9r\u00eats nationaux et les relations internationales.<\/p>\n<p>CAPJPO-Europalestine<\/p>\n<p>                    <a href=\"#\" rel=\"nofollow\" onclick=\"window.print(); return false;\" title=\"Printer Friendly, PDF &amp; Email\"><br \/>\n                    <img decoding=\"async\" src=\"https:\/\/www.europesays.com\/fr\/wp-content\/uploads\/2025\/07\/printfriendly-pdf-2.png\" alt=\"Print Friendly, PDF &amp; Email\" class=\"lazyload pf-button-img\" style=\"\" data-pagespeed-url-hash=\"2610854267\" onload=\"pagespeed.CriticalImages.checkImageForCriticality(this);\"\/> Article en PDF<br \/>\n                    <\/a><\/p>\n","protected":false},"excerpt":{"rendered":"URL has been copied successfully! URL has been copied successfully! Des documents internes du minist\u00e8re allemand de la&hellip;\n","protected":false},"author":2,"featured_media":505467,"comment_status":"","ping_status":"","sticky":false,"template":"","format":"standard","meta":{"footnotes":""},"categories":[1587],"tags":[11,672,1804,1805,1803,1777,674,1801,12,1802],"class_list":{"0":"post-506434","1":"post","2":"type-post","3":"status-publish","4":"format-standard","5":"has-post-thumbnail","7":"category-allemagne","8":"tag-actualites","9":"tag-allemagne","10":"tag-bundesrepublik-deutschland","11":"tag-de","12":"tag-deutschland","13":"tag-eu","14":"tag-europe","15":"tag-germany","16":"tag-news","17":"tag-republique-federale-dallemagne"},"share_on_mastodon":{"url":"https:\/\/pubeurope.com\/@fr\/115479348906013612","error":""},"_links":{"self":[{"href":"https:\/\/www.europesays.com\/fr\/wp-json\/wp\/v2\/posts\/506434","targetHints":{"allow":["GET"]}}],"collection":[{"href":"https:\/\/www.europesays.com\/fr\/wp-json\/wp\/v2\/posts"}],"about":[{"href":"https:\/\/www.europesays.com\/fr\/wp-json\/wp\/v2\/types\/post"}],"author":[{"embeddable":true,"href":"https:\/\/www.europesays.com\/fr\/wp-json\/wp\/v2\/users\/2"}],"replies":[{"embeddable":true,"href":"https:\/\/www.europesays.com\/fr\/wp-json\/wp\/v2\/comments?post=506434"}],"version-history":[{"count":0,"href":"https:\/\/www.europesays.com\/fr\/wp-json\/wp\/v2\/posts\/506434\/revisions"}],"wp:featuredmedia":[{"embeddable":true,"href":"https:\/\/www.europesays.com\/fr\/wp-json\/wp\/v2\/media\/505467"}],"wp:attachment":[{"href":"https:\/\/www.europesays.com\/fr\/wp-json\/wp\/v2\/media?parent=506434"}],"wp:term":[{"taxonomy":"category","embeddable":true,"href":"https:\/\/www.europesays.com\/fr\/wp-json\/wp\/v2\/categories?post=506434"},{"taxonomy":"post_tag","embeddable":true,"href":"https:\/\/www.europesays.com\/fr\/wp-json\/wp\/v2\/tags?post=506434"}],"curies":[{"name":"wp","href":"https:\/\/api.w.org\/{rel}","templated":true}]}}