{"id":506439,"date":"2025-11-02T09:18:12","date_gmt":"2025-11-02T09:18:12","guid":{"rendered":"https:\/\/www.europesays.com\/fr\/506439\/"},"modified":"2025-11-02T09:18:12","modified_gmt":"2025-11-02T09:18:12","slug":"que-sait-on-du-couple-mis-en-examen-samedi-1er-novembre-liberation","status":"publish","type":"post","link":"https:\/\/www.europesays.com\/fr\/506439\/","title":{"rendered":"que sait-on du couple mis en examen samedi 1er\u00a0novembre\u00a0? \u2013 Lib\u00e9ration"},"content":{"rendered":"<p class=\"sc-cPiKLX AiZTS text-element\">L\u2019enqu\u00eate a progress\u00e9, dans le braquage de la galerie Apollon du Louvre, dimanche 19 octobre, avec <a href=\"https:\/\/www.liberation.fr\/societe\/police-justice\/braquage-du-louvre-un-suspect-libere-des-deferements-en-cours-20251101_DQ6VU2GAFZH45J3QRDTBHIIQBI\/\" target=\"_blank\" rel=\"noreferrer noopener\" title=\"https:\/\/www.liberation.fr\/societe\/police-justice\/braquage-du-louvre-un-suspect-libere-des-deferements-en-cours-20251101_DQ6VU2GAFZH45J3QRDTBHIIQBI\/\">la mise en examen de deux suspects<\/a> ce samedi 1er novembre, qui vient s\u2019ajouter \u00e0 celles de <a href=\"https:\/\/www.liberation.fr\/societe\/police-justice\/braquage-au-louvre-deux-des-voleurs-ont-ete-arretes-20251026_GWQ5N57TXRD7PHGKVUX7EGDIXM\/\" target=\"_blank\" rel=\"noreferrer noopener\" title=\"https:\/\/www.liberation.fr\/societe\/police-justice\/braquage-au-louvre-deux-des-voleurs-ont-ete-arretes-20251026_GWQ5N57TXRD7PHGKVUX7EGDIXM\/\">deux autres personnes arr\u00eat\u00e9es dimanche 26 octobre<\/a>, soup\u00e7onn\u00e9es d\u2019avoir fait partie du commando qui s\u2019est empar\u00e9 des bijoux de la couronne. Deux inculpations, pour \u00abvols en bande organis\u00e9e\u00bb et \u00abassociation de malfaiteurs\u00bb pour le premier et \u00abcomplicit\u00e9s de vols\u00bb et \u00abassociation de malfaiteurs pour la seconde\u00bb, a indiqu\u00e9 le parquet dans la soir\u00e9e de samedi.<\/p>\n<p class=\"sc-cPiKLX AiZTS text-element\">La premi\u00e8re mise en examen concerne un homme de 37 ans d\u00e9j\u00e0 connu des services de police pour des faits de vol, son casier judiciaire faisant mention de onze condamnations \u00abdont des faits de vols aggrav\u00e9s et d\u2019autres reli\u00e9s \u00e0 la d\u00e9linquance routi\u00e8re\u00bb, a d\u00e9taill\u00e9 la procureure de Paris Laure Beccuau <a href=\"https:\/\/www.franceinfo.fr\/faits-divers\/cambriolage-au-musee-du-louvre\/cambriolage-au-louvre-deux-des-suspects-mis-en-examen-se-connaissaient-revele-la-procureure-de-la-republique-de-paris_7590647.html\" target=\"_blank\" rel=\"noreferrer noopener\" title=\"https:\/\/www.franceinfo.fr\/faits-divers\/cambriolage-au-musee-du-louvre\/cambriolage-au-louvre-deux-des-suspects-mis-en-examen-se-connaissaient-revele-la-procureure-de-la-republique-de-paris_7590647.html\">dans une interview \u00e0 franceinfo<\/a> dimanche 2 novembre.<\/p>\n<p class=\"sc-cPiKLX AiZTS text-element\">\u00abOn le soup\u00e7onne de faire partie de ce commando\u00bb, a pr\u00e9cis\u00e9 la magistrate, qui pr\u00e9cise que les enqu\u00eateurs n\u2019ont pas encore \u00abd\u2019id\u00e9e de son r\u00f4le pr\u00e9cis\u00bb, le suspect s\u2019\u00e9tant \u00abrefus\u00e9 \u00e0 toute d\u00e9claration\u00bb tandis que \u00abses comparses ont livr\u00e9 <a href=\"https:\/\/www.liberation.fr\/societe\/police-justice\/braquage-au-louvre-la-procureure-de-paris-donnera-une-conference-de-presse-cet-apres-midi-20251029_O3YXJ3EKU5ELXCXKUADIWZ23PI\/\" target=\"_blank\" rel=\"noreferrer noopener\" title=\"https:\/\/www.liberation.fr\/societe\/police-justice\/braquage-au-louvre-la-procureure-de-paris-donnera-une-conference-de-presse-cet-apres-midi-20251029_O3YXJ3EKU5ELXCXKUADIWZ23PI\/\">des explications parcellaires\u00bb.<\/a><\/p>\n<p class=\"sc-cPiKLX AiZTS text-element\">Ce qui est certain, a poursuivi Laure Beccuau, c\u2019est qu\u2019il a \u00e9t\u00e9 reli\u00e9 \u00e0 ces faits gr\u00e2ce \u00e0 des traces ADN retrouv\u00e9es dans la nacelle. Autre \u00e9l\u00e9ment relev\u00e9 par la procureure, ses liens avec l\u2019homme mis en examen quelques jours plus t\u00f4t : \u00abQuand on compare leurs casiers, on s\u2019aper\u00e7oit qu\u2019ils ont \u00e9t\u00e9 impliqu\u00e9s dans une m\u00eame affaire de vol, en 2015 \u00e0 Paris.\u00bb Les profils ne correspondent pas \u00e0 \u00abl\u2019image [qu\u2019on se fait] de la grande criminalit\u00e9\u00bb, convient Laure Beccuau, qui n\u2019en est pas pour autant \u00e9tonn\u00e9e : \u00abAujourd\u2019hui, on a des profils assez peu connus qui montent rapidement vers des profils de grande criminalit\u00e9.\u00bb<\/p>\n<p class=\"sc-cPiKLX AiZTS text-element\">L\u2019autre personne mise en examen est une femme de 38 ans, m\u00e8re de famille et compagne du premier homme cit\u00e9. R\u00e9sidente de La Courneuve, elle a \u00e9t\u00e9 mise en examen pour complicit\u00e9 apr\u00e8s que \u00abdes traces ADN ont \u00e9t\u00e9 retrouv\u00e9es \u00e9galement dans la nacelle\u00bb. Son implication demeure toutefois encore incertaine, Laure Beccuau rappelant quand l\u2019\u00e9tat, \u00abon peut se poser la question de savoir si ce n\u2019est pas de l\u2019ADN de transfert, c\u2019est-\u00e0-dire que son ADN a \u00e9t\u00e9 pos\u00e9e sur quelqu\u2019un ou sur un objet, avant d\u2019\u00eatre red\u00e9pos\u00e9 sur la nacelle. \u00c7a m\u00e9ritera d\u2019\u00eatre confirm\u00e9.\u00bb<\/p>\n<p class=\"sc-cPiKLX AiZTS text-element\">Lors de son audience, la suspecte a \u00e9t\u00e9 vue en pleurs, disant avoir \u00abpeur\u00bb pour ses enfants et pour elle-m\u00eame. Son avocat a rappel\u00e9 que sa cliente contestait toute implication <a href=\"https:\/\/www.liberation.fr\/societe\/police-justice\/vol-au-louvre-le-prejudice-evalue-par-le-musee-a-88-millions-deuros-hors-prejudice-historique-20251021_LAHMULV5BZGENMABGDBBLYZSOY\/\" target=\"_blank\" rel=\"noreferrer noopener\" title=\"https:\/\/www.liberation.fr\/societe\/police-justice\/vol-au-louvre-le-prejudice-evalue-par-le-musee-a-88-millions-deuros-hors-prejudice-historique-20251021_LAHMULV5BZGENMABGDBBLYZSOY\/\">dans les faits,<\/a> mais Laure Beccuau avait justifi\u00e9, d\u00e8s samedi, son incarc\u00e9ration par un \u00abrisque de concertation\u00bb et de \u00abtrouble \u00e0 l\u2019ordre public\u00bb.<\/p>\n<p class=\"sc-cPiKLX AiZTS text-element\">Apr\u00e8s ses mises en examen, un quatri\u00e8me profil manque <a href=\"https:\/\/www.liberation.fr\/societe\/police-justice\/casse-du-louvre-retour-sur-huit-minutes-dun-casse-historique-au-butin-inestimable-20251020_LKLGW25LNBGIVBW4XUKHOGPPGE\/\" target=\"_blank\" rel=\"noreferrer noopener\" title=\"https:\/\/www.liberation.fr\/societe\/police-justice\/casse-du-louvre-retour-sur-huit-minutes-dun-casse-historique-au-butin-inestimable-20251020_LKLGW25LNBGIVBW4XUKHOGPPGE\/\">pour compl\u00e9ter le commando<\/a> observ\u00e9 par les cam\u00e9ras de vid\u00e9osurveillance. \u00abUne personne au moins\u00bb, remarque la procureure. \u00abLa nacelle a \u00e9t\u00e9 vol\u00e9e le 10 octobre : est-ce que ce sont les m\u00eames personnes qui ont vol\u00e9 la nacelle que celles qui ont fait le braquage ?\u00bb<\/p>\n","protected":false},"excerpt":{"rendered":"L\u2019enqu\u00eate a progress\u00e9, dans le braquage de la galerie Apollon du Louvre, dimanche 19 octobre, avec la mise&hellip;\n","protected":false},"author":2,"featured_media":506440,"comment_status":"","ping_status":"","sticky":false,"template":"","format":"standard","meta":{"footnotes":""},"categories":[2],"tags":[11,118,1011,27,3094,12,626,25,1945],"class_list":{"0":"post-506439","1":"post","2":"type-post","3":"status-publish","4":"format-standard","5":"has-post-thumbnail","7":"category-actualites","8":"tag-actualites","9":"tag-faits-divers","10":"tag-fr","11":"tag-france","12":"tag-musee-du-louvre","13":"tag-news","14":"tag-paris","15":"tag-republique-francaise","16":"tag-seine-saint-denis"},"share_on_mastodon":{"url":"https:\/\/pubeurope.com\/@fr\/115479360626754823","error":""},"_links":{"self":[{"href":"https:\/\/www.europesays.com\/fr\/wp-json\/wp\/v2\/posts\/506439","targetHints":{"allow":["GET"]}}],"collection":[{"href":"https:\/\/www.europesays.com\/fr\/wp-json\/wp\/v2\/posts"}],"about":[{"href":"https:\/\/www.europesays.com\/fr\/wp-json\/wp\/v2\/types\/post"}],"author":[{"embeddable":true,"href":"https:\/\/www.europesays.com\/fr\/wp-json\/wp\/v2\/users\/2"}],"replies":[{"embeddable":true,"href":"https:\/\/www.europesays.com\/fr\/wp-json\/wp\/v2\/comments?post=506439"}],"version-history":[{"count":0,"href":"https:\/\/www.europesays.com\/fr\/wp-json\/wp\/v2\/posts\/506439\/revisions"}],"wp:featuredmedia":[{"embeddable":true,"href":"https:\/\/www.europesays.com\/fr\/wp-json\/wp\/v2\/media\/506440"}],"wp:attachment":[{"href":"https:\/\/www.europesays.com\/fr\/wp-json\/wp\/v2\/media?parent=506439"}],"wp:term":[{"taxonomy":"category","embeddable":true,"href":"https:\/\/www.europesays.com\/fr\/wp-json\/wp\/v2\/categories?post=506439"},{"taxonomy":"post_tag","embeddable":true,"href":"https:\/\/www.europesays.com\/fr\/wp-json\/wp\/v2\/tags?post=506439"}],"curies":[{"name":"wp","href":"https:\/\/api.w.org\/{rel}","templated":true}]}}