{"id":506443,"date":"2025-11-02T09:20:13","date_gmt":"2025-11-02T09:20:13","guid":{"rendered":"https:\/\/www.europesays.com\/fr\/506443\/"},"modified":"2025-11-02T09:20:13","modified_gmt":"2025-11-02T09:20:13","slug":"cross-country-les-inscriptions-pour-les-championnats-de-france-militaire-sont-ouvertes","status":"publish","type":"post","link":"https:\/\/www.europesays.com\/fr\/506443\/","title":{"rendered":"Cross-country : les inscriptions pour les championnats de France militaire sont ouvertes"},"content":{"rendered":"<p>360 militaires participeront aux championnats de France de cross-country \u00e0 Casteljaloux, les 25 et 26 novembre 2025, dont 98 gendarmes.<\/p>\n<p>Les gendarmes d\u00e9sireux de disputer <strong>les championnats de France militaire de cross-country<\/strong> peuvent s\u2019inscrire. Les \u00e9preuves auront lieu les 25 et 26 novembre 2025 \u00e0 <strong>Casteljaloux (Lot-et-Garonne)<\/strong>. Cette \u00e9dition 2025 aura lieu \u00e0 Agen, organis\u00e9e par le <strong>48e R\u00e9giment des Transmissions (48e\u00a0RT)<\/strong>. La comp\u00e9tition r\u00e9unira les militaires issus de la <strong>Gendarmerie nationale, de l\u2019arm\u00e9e de l\u2019Air et de l\u2019Espace, de l\u2019arm\u00e9e de Terre et de la Marine nationale<\/strong>.<\/p>\n<p>Les crit\u00e8res de s\u00e9lections<\/p>\n<p>Des cat\u00e9gories seniors \u00e0 masters 2 : 98 gendarmes prendront part aux diff\u00e9rentes courses. Les gendarmes ayant particip\u00e9 aux s\u00e9lections nationales lors du dernier cross de la Gendarmerie, en mars 2025, \u00e0 <strong>Chaumont <\/strong>seront prioritaires. Pour celles et ceux, qui n\u2019avaient pas pu y prendre part pour des raisons de service ou de blessures, la porte n\u2019est pas ferm\u00e9e.<\/p>\n<p>Pour s\u2019inscrire, les gendarmes peuvent se rapprocher du conseiller technique sportif cross-country, afin d\u2019obtenir le code d\u2019acc\u00e8s pour ensuite s\u2019inscrire sur la plateforme <a href=\"https:\/\/www.engage-sports.com\/championnat-de-france-militaire-de-cross-2025\/\" target=\"_blank\" rel=\"noopener\">engage sport<\/a>.<\/p>\n<p>Les inscriptions sont possibles jusqu\u2019au 11 novembre 2025 minuit.<\/p>\n<p><strong>Lire aussi :\u00a0<a href=\"https:\/\/lessor.org\/sports\/deux-sportifs-de-haut-niveau-rejoignent-les-rangs-de-la-gendarmerie-nationale\/\" target=\"_blank\" rel=\"noopener\">Deux sportifs de haut niveau rejoignent les rangs de la Gendarmerie nationale<\/a><\/strong><\/p>\n<p>\t\t\t\tLa question du mois<\/p>\n<p>Bruno Retailleau, pour lutter contre la violence et les narcotrafics en Guadeloupe, a confirm\u00e9 l\u2019installation de \u00ab deux escadrons de gendarmerie mobile, sans enlever le peloton de la garde r\u00e9publicaine \u00bb, mais aussi de \u00ab deux brigades nautiques \u00bb, une de gendarmerie et une de police respectivement en Basse-Terre \u00e0 Gourbeyre et \u00e0 Pointe-\u00e0-Pitre. Pensez-vous que cela sera une r\u00e9ponse satisfaisante ?<\/p>\n","protected":false},"excerpt":{"rendered":"360 militaires participeront aux championnats de France de cross-country \u00e0 Casteljaloux, les 25 et 26 novembre 2025, dont&hellip;\n","protected":false},"author":2,"featured_media":506444,"comment_status":"","ping_status":"","sticky":false,"template":"","format":"standard","meta":{"footnotes":""},"categories":[4],"tags":[62807,62808,11,8837,62661,62665,62809,62810,19566,44050,1011,27,12,25,62811],"class_list":{"0":"post-506443","1":"post","2":"type-post","3":"status-publish","4":"format-standard","5":"has-post-thumbnail","7":"category-france","8":"tag-48e-regiment-des-transmissions-dagen","9":"tag-48e-rt","10":"tag-actualites","11":"tag-agen","12":"tag-armee-des-champions","13":"tag-championnat-de-france-militaire","14":"tag-championnats-de-france-militaire-de-cross-country","15":"tag-chaumont","16":"tag-cross","17":"tag-cross-country","18":"tag-fr","19":"tag-france","20":"tag-news","21":"tag-republique-francaise","22":"tag-sport-de-la-defense"},"share_on_mastodon":{"url":"https:\/\/pubeurope.com\/@fr\/115479368361676221","error":""},"_links":{"self":[{"href":"https:\/\/www.europesays.com\/fr\/wp-json\/wp\/v2\/posts\/506443","targetHints":{"allow":["GET"]}}],"collection":[{"href":"https:\/\/www.europesays.com\/fr\/wp-json\/wp\/v2\/posts"}],"about":[{"href":"https:\/\/www.europesays.com\/fr\/wp-json\/wp\/v2\/types\/post"}],"author":[{"embeddable":true,"href":"https:\/\/www.europesays.com\/fr\/wp-json\/wp\/v2\/users\/2"}],"replies":[{"embeddable":true,"href":"https:\/\/www.europesays.com\/fr\/wp-json\/wp\/v2\/comments?post=506443"}],"version-history":[{"count":0,"href":"https:\/\/www.europesays.com\/fr\/wp-json\/wp\/v2\/posts\/506443\/revisions"}],"wp:featuredmedia":[{"embeddable":true,"href":"https:\/\/www.europesays.com\/fr\/wp-json\/wp\/v2\/media\/506444"}],"wp:attachment":[{"href":"https:\/\/www.europesays.com\/fr\/wp-json\/wp\/v2\/media?parent=506443"}],"wp:term":[{"taxonomy":"category","embeddable":true,"href":"https:\/\/www.europesays.com\/fr\/wp-json\/wp\/v2\/categories?post=506443"},{"taxonomy":"post_tag","embeddable":true,"href":"https:\/\/www.europesays.com\/fr\/wp-json\/wp\/v2\/tags?post=506443"}],"curies":[{"name":"wp","href":"https:\/\/api.w.org\/{rel}","templated":true}]}}