{"id":506451,"date":"2025-11-02T09:28:12","date_gmt":"2025-11-02T09:28:12","guid":{"rendered":"https:\/\/www.europesays.com\/fr\/506451\/"},"modified":"2025-11-02T09:28:12","modified_gmt":"2025-11-02T09:28:12","slug":"alexis-vivot-la-bonne-surprise-dalbi-en-attendant-la-confirmation-actualite","status":"publish","type":"post","link":"https:\/\/www.europesays.com\/fr\/506451\/","title":{"rendered":"Alexis Vivot, la bonne surprise d&rsquo;Albi en attendant la confirmation &#8211; Actualit\u00e9"},"content":{"rendered":"<p style=\"text-align: justify;\">Apr\u00e8s les belles promesses donn\u00e9es \u00e0 Albi, sur la Coupe de France de cyclo-cross,\u00a0<strong><a href=\"https:\/\/www.directvelo.com\/coureur\/37807\/alexis-vivot\" target=\"_blank\" rel=\"noopener\">Alexis Vivot<\/a><\/strong> attendait logiquement bien mieux qu&rsquo;une 3e place sur le cross r\u00e9gional de Dijon, ce samedi. \u00ab\u00a0Je venais pour la victoire. Les sensations n&rsquo;\u00e9taient pas celles que j&rsquo;aurais voulues. D\u00e8s que j&rsquo;\u00e9tais avec Quentin (Bourg), je ne savais que \u00e7a n&rsquo;allait pas bien et que \u00e7a allait \u00eatre compliqu\u00e9e. Je suis rest\u00e9 quand m\u00eame avec le rythme que je pouvais tenir, en sachant que demain je cours \u00e0 Langres. J&rsquo;esp\u00e8re que \u00e7a ira mieux\u00a0\u00bb, analyse-t-il \u00e0 chaud. Le coureur du VC Dolois a \u00e9t\u00e9 domin\u00e9 par son futur co\u00e9quipier, moins souvent dans les sous-bois que lui durant l&rsquo;hiver.<\/p>\n<p>Mais Alexis Vivot ne veut pas perdre le moral pour autant. \u00ab\u00a0Le week-end dernier, j&rsquo;\u00e9tais surpris. Notamment du r\u00e9sultat le samedi. Puis le dimanche, c&rsquo;\u00e9tait la confirmation. J&rsquo;y allais au moins pour le Top 10, et reprendre des points. Donc je suis bien content du week-end\u00a0\u00bb. Un week-end qu&rsquo;il a pass\u00e9 avec son entraineur, un certain Francis Mourey. \u00ab\u00a0C&rsquo;est quand m\u00eame un grand nom. On n&rsquo;est pas sur une plateforme d&rsquo;entra\u00eenement comme ce que font beaucoup de gens. C&rsquo;est un peu plus \u00e0 l&rsquo;ancienne. C&rsquo;est assez cool d&rsquo;avoir de bons conseils de quelqu&rsquo;un comme \u00e7a\u00a0\u00bb. Il lui en faudra encore quelques-uns pour titiller les meilleurs Espoirs fran\u00e7ais, notamment ceux qui se sont d\u00e9tach\u00e9s \u00e0 Albi. \u00ab\u00a0Il me disait que dans le groupe de derri\u00e8re, j&rsquo;\u00e9tais le plus fort physiquement. Il aurait fallu que j&rsquo;essaie de tenir le groupe de quatre et d\u00e9crocher un peu plus loin dans le parcours\u00a0\u00bb.<\/p>\n<p><strong>UNE S\u00c9LECTION EN \u00c9QUIPE DE FRANCE PROCHAINEMENT ?<\/strong><\/p>\n<p>Ces deux premi\u00e8res manches sont positives en vue de Quelneuc et Ouistreham. \u00ab\u00a0On ne va pas s&rsquo;arr\u00eater l\u00e0. Pourquoi pas int\u00e9grer le Top 5, ce serait quand m\u00eame vraiment cool. Apr\u00e8s, il y aura un peu plus de monde qu&rsquo;\u00e0 Albi, il me semble. Ce ne sera s\u00fbrement pas le m\u00eame terrain non plus, ce sera beaucoup plus gras. On verra si \u00e7a r\u00e9pond bien\u00a0\u00bb. Espoir 4, il s&rsquo;agit du dernier hiver pour esp\u00e9rer un coup de fil du s\u00e9lectionneur national. \u00ab\u00a0Forc\u00e9ment, pour ma derni\u00e8re ann\u00e9e Espoir, \u00e7a pourrait \u00eatre vraiment cool. Apr\u00e8s, je ne connais pas encore exactement les crit\u00e8res l\u00e0-dessus mais \u00e7a donne envie, ou m\u00eame des courses \u00e0 l&rsquo;international. \u00c7a pourrait \u00eatre possible d&rsquo;y aller de mon c\u00f4t\u00e9, mais au niveau du budget, il faut faire le d\u00e9placement\u00a0\u00bb.<\/p>\n<p>Plus modestement, Alexis Vivot a coch\u00e9 la Coupe de Bourgogne-Franche-Comt\u00e9. \u00ab\u00a0En Coupe de France, pour l&rsquo;instant, je suis 6e du g\u00e9n\u00e9ral. J&rsquo;aimerais ne pas \u00eatre rel\u00e9gu\u00e9 plus loin voire m&rsquo;am\u00e9liorer. Et donc pourquoi pas une s\u00e9lection en \u00e9quipe de France. Mais l\u00e0-dessus, on en est encore loin. Il faut que je reste r\u00e9aliste, surtout en faisant un r\u00e9sultat comme aujourd&rsquo;hui\u00a0\u00bb, plaisante-t-il. Puis pour la saison estivale, il continuera \u00e0 multiplier les disciplines. \u00ab\u00a0L&rsquo;ann\u00e9e derni\u00e8re, je travaillais dans un magasin le samedi. Ce n&rsquo;est pas forc\u00e9ment \u00e9vident de faire des courses. Apr\u00e8s, je sais que j&rsquo;aime beaucoup toucher au VTT. J&rsquo;aime bien faire cette transition entre la route et le cyclo-cross en faisant des courses de VTT. C&rsquo;est \u00e0 peu pr\u00e8s 1h20 de course \u00e0 bloc. Et puis, au niveau technique, \u00e7a m&rsquo;amuse\u00a0\u00bb.<\/p>\n","protected":false},"excerpt":{"rendered":"Apr\u00e8s les belles promesses donn\u00e9es \u00e0 Albi, sur la Coupe de France de cyclo-cross,\u00a0Alexis Vivot attendait logiquement bien&hellip;\n","protected":false},"author":2,"featured_media":506452,"comment_status":"","ping_status":"","sticky":false,"template":"","format":"standard","meta":{"footnotes":""},"categories":[1411],"tags":[834,828,836,829,837,827,83,826,824,823,1154,207,814,817,815,816,822,821,832,211,839,1011,27,820,818,819,835,831,830,833,838,60,212,208,825],"class_list":{"0":"post-506451","1":"post","2":"type-post","3":"status-publish","4":"format-standard","5":"has-post-thumbnail","7":"category-cyclisme","8":"tag-attaque","9":"tag-belgique","10":"tag-braquet","11":"tag-bretagne","12":"tag-chute","13":"tag-competition","14":"tag-coupe-de-france","15":"tag-coureur","16":"tag-course-cyclisme","17":"tag-course-cycliste","18":"tag-cycling","19":"tag-cyclisme","20":"tag-direct","21":"tag-direct-velo","22":"tag-directvelo","23":"tag-directvelo-com","24":"tag-epreuve","25":"tag-epreuve-cycliste","26":"tag-federation-francaise-de-cyclisme","27":"tag-ffc","28":"tag-flandres","29":"tag-fr","30":"tag-france","31":"tag-live","32":"tag-live-course","33":"tag-live-epreuve","34":"tag-peloton","35":"tag-radio-peloton","36":"tag-radio-tour","37":"tag-ravitaillement","38":"tag-relance","39":"tag-sports","40":"tag-uci","41":"tag-velo","42":"tag-velos"},"share_on_mastodon":{"url":"https:\/\/pubeurope.com\/@fr\/115479399982026025","error":""},"_links":{"self":[{"href":"https:\/\/www.europesays.com\/fr\/wp-json\/wp\/v2\/posts\/506451","targetHints":{"allow":["GET"]}}],"collection":[{"href":"https:\/\/www.europesays.com\/fr\/wp-json\/wp\/v2\/posts"}],"about":[{"href":"https:\/\/www.europesays.com\/fr\/wp-json\/wp\/v2\/types\/post"}],"author":[{"embeddable":true,"href":"https:\/\/www.europesays.com\/fr\/wp-json\/wp\/v2\/users\/2"}],"replies":[{"embeddable":true,"href":"https:\/\/www.europesays.com\/fr\/wp-json\/wp\/v2\/comments?post=506451"}],"version-history":[{"count":0,"href":"https:\/\/www.europesays.com\/fr\/wp-json\/wp\/v2\/posts\/506451\/revisions"}],"wp:featuredmedia":[{"embeddable":true,"href":"https:\/\/www.europesays.com\/fr\/wp-json\/wp\/v2\/media\/506452"}],"wp:attachment":[{"href":"https:\/\/www.europesays.com\/fr\/wp-json\/wp\/v2\/media?parent=506451"}],"wp:term":[{"taxonomy":"category","embeddable":true,"href":"https:\/\/www.europesays.com\/fr\/wp-json\/wp\/v2\/categories?post=506451"},{"taxonomy":"post_tag","embeddable":true,"href":"https:\/\/www.europesays.com\/fr\/wp-json\/wp\/v2\/tags?post=506451"}],"curies":[{"name":"wp","href":"https:\/\/api.w.org\/{rel}","templated":true}]}}