{"id":506453,"date":"2025-11-02T09:29:11","date_gmt":"2025-11-02T09:29:11","guid":{"rendered":"https:\/\/www.europesays.com\/fr\/506453\/"},"modified":"2025-11-02T09:29:11","modified_gmt":"2025-11-02T09:29:11","slug":"fc-nantes-fc-metz-un-gros-doute-et-deux-enormes-surprises-dans-le-onze-de-luis-castro","status":"publish","type":"post","link":"https:\/\/www.europesays.com\/fr\/506453\/","title":{"rendered":"FC Nantes &#8211; FC Metz : un gros doute et deux \u00e9normes surprises dans le onze de Luis Castro !\u00a0"},"content":{"rendered":"<p>\u00c0 deux jours de recevoir Metz, le FC Nantes avance dans l\u2019inconnu. Sorti lors du dernier match pour une raideur musculaire \u00e0 la cuisse droite, <strong>Chidozie Awaziem<\/strong> inqui\u00e8te, et la d\u00e9fense nantaise se retrouve priv\u00e9e de son leader. Cons\u00e9quence imm\u00e9diate\u00a0: Luis Castro doit trancher, r\u00e9inventer, assumer un onze fortement rajeuni pour un rendez-vous crucial.<\/p>\n<p><strong>Une d\u00e9fense fragilis\u00e9e avant la r\u00e9ception de Metz<\/strong><\/p>\n<p>La blessure de <strong>Chidozie Awaziem<\/strong> (sortie \u00e0 la 76e minute face \u00e0 Monaco) tombe au plus mal pour un collectif d\u00e9j\u00e0 secou\u00e9 par la gifle re\u00e7ue contre l\u2019ASM (3-5). Alors que la d\u00e9fense manquait d\u00e9j\u00e0 de rep\u00e8res, c\u2019est tout l\u2019\u00e9quilibre de la charni\u00e8re qui vacille. \u00c0 l\u2019aube d\u2019un affrontement capital face \u00e0 un concurrent direct, l\u2019incertitude autour du Nig\u00e9rian p\u00e8se lourd dans les t\u00eates.<\/p>\n<p>Si le forfait du d\u00e9fenseur central venait \u00e0 se confirmer, c\u2019est l\u2019int\u00e9gralit\u00e9 du plan d\u00e9fensif nantais qui doit \u00eatre repens\u00e9, alors que la saison n\u2019a jamais vraiment permis d\u2019installer de la continuit\u00e9 derri\u00e8re. L\u2019absence d\u2019Awaziem renforcerait encore la pression sur un effectif d\u00e9j\u00e0 ab\u00eem\u00e9 par les blessures.<\/p>\n<p><strong>Mwanga sollicit\u00e9, Deuff en lice pour une premi\u00e8re<\/strong><\/p>\n<p>Dans ce contexte, L\u2019\u00c9quipe laisse entendre que Luis Castro pourrait demander \u00e0 <strong>Junior Mwanga<\/strong> de glisser en d\u00e9fense centrale, comme \u00e0 Brest plus t\u00f4t dans la saison. Le jeune milieu d\u00e9fensif, pr\u00eat\u00e9 par Strasbourg, s\u2019est impos\u00e9 par son volume de jeu et sa polyvalence depuis son arriv\u00e9e sur les bords de l\u2019Erdre. V\u00e9ritable couteau suisse, il a disput\u00e9 9 des 10 premiers matches de Ligue 1, incarnant la jeunesse montante du club.<\/p>\n<p>D\u00e9j\u00e0, <a href=\"https:\/\/www.butfootballclub.fr\/618016-fc-nantes-junior-mwanga-fait-passer-un-message-a-luis-castro\/\" target=\"_blank\" rel=\"noopener\">Mwanga s\u2019exprime sur son r\u00f4le au FC Nantes<\/a> et affiche sa disponibilit\u00e9, m\u00eame dans l\u2019urgence. Ce repositionnement, s\u2019il se confirme, obligerait Castro \u00e0 reconfigurer son milieu, d\u00e9j\u00e0 amaigri par les forfaits de <strong>Coquelin<\/strong>, <strong>Lepenant<\/strong> et <strong>Hong Hyun-seok<\/strong>.<\/p>\n<p>Autre sc\u00e9nario, autre promesse\u00a0: la premi\u00e8re titularisation en Ligue 1 envisageable pour <strong>Bahmed Deuff<\/strong>, 19 ans et form\u00e9 au club. Un pari sur la fra\u00eecheur et la formation nantaise, dans une configuration \u00e9prouvante pour ses d\u00e9buts.<\/p>\n<p><strong>Un entrejeu d\u00e9cim\u00e9 et des choix \u00e0 faire en attaque<\/strong><\/p>\n<p>Avec un entrejeu d\u00e9cim\u00e9, la marge de l\u2019entra\u00eeneur se r\u00e9duit. <strong>Louis Leroux<\/strong> pourrait \u00eatre reconduit sur le flanc gauche, mais l\u2019absence de sentinelle exp\u00e9riment\u00e9e modifie dangereusement la structure de l\u2019\u00e9quipe. C\u00f4t\u00e9 offensif, la question du num\u00e9ro 9 est tout aussi br\u00fblante\u00a0: faut-il s\u2019appuyer, \u00e0 l\u2019aube de ce match-cl\u00e9, sur <strong>Mostafa Mohamed<\/strong> \u2013 buteur lors de la derni\u00e8re sortie face \u00e0 Monaco \u2013 ou sur l\u2019exp\u00e9rience et la r\u00e9gularit\u00e9 de <strong>Youssef El-Arabi<\/strong> (38 ans, possible troisi\u00e8me titularisation en dix jours) ?<\/p>\n<p>La r\u00e9cente d\u00e9faite contre Monaco a laiss\u00e9 des traces dans la t\u00eate et sur la feuille de match, laissant peu de certitudes \u00e0 un groupe en qu\u00eate de rebond. Cette gestion des absences et des rotations fa\u00e7onne les ambitions et isnpire le sentiment d\u2019urgence.<\/p>\n","protected":false},"excerpt":{"rendered":"\u00c0 deux jours de recevoir Metz, le FC Nantes avance dans l\u2019inconnu. Sorti lors du dernier match pour&hellip;\n","protected":false},"author":2,"featured_media":506454,"comment_status":"","ping_status":"","sticky":false,"template":"","format":"standard","meta":{"footnotes":""},"categories":[1410],"tags":[11,448,63,1011,27,66,3388,12,60,10662],"class_list":{"0":"post-506453","1":"post","2":"type-post","3":"status-publish","4":"format-standard","5":"has-post-thumbnail","7":"category-football","8":"tag-actualites","9":"tag-champions-league","10":"tag-football","11":"tag-fr","12":"tag-france","13":"tag-ligue-1","14":"tag-matchs","15":"tag-news","16":"tag-sports","17":"tag-transferts"},"share_on_mastodon":{"url":"https:\/\/pubeurope.com\/@fr\/115479403859881223","error":""},"_links":{"self":[{"href":"https:\/\/www.europesays.com\/fr\/wp-json\/wp\/v2\/posts\/506453","targetHints":{"allow":["GET"]}}],"collection":[{"href":"https:\/\/www.europesays.com\/fr\/wp-json\/wp\/v2\/posts"}],"about":[{"href":"https:\/\/www.europesays.com\/fr\/wp-json\/wp\/v2\/types\/post"}],"author":[{"embeddable":true,"href":"https:\/\/www.europesays.com\/fr\/wp-json\/wp\/v2\/users\/2"}],"replies":[{"embeddable":true,"href":"https:\/\/www.europesays.com\/fr\/wp-json\/wp\/v2\/comments?post=506453"}],"version-history":[{"count":0,"href":"https:\/\/www.europesays.com\/fr\/wp-json\/wp\/v2\/posts\/506453\/revisions"}],"wp:featuredmedia":[{"embeddable":true,"href":"https:\/\/www.europesays.com\/fr\/wp-json\/wp\/v2\/media\/506454"}],"wp:attachment":[{"href":"https:\/\/www.europesays.com\/fr\/wp-json\/wp\/v2\/media?parent=506453"}],"wp:term":[{"taxonomy":"category","embeddable":true,"href":"https:\/\/www.europesays.com\/fr\/wp-json\/wp\/v2\/categories?post=506453"},{"taxonomy":"post_tag","embeddable":true,"href":"https:\/\/www.europesays.com\/fr\/wp-json\/wp\/v2\/tags?post=506453"}],"curies":[{"name":"wp","href":"https:\/\/api.w.org\/{rel}","templated":true}]}}