{"id":506473,"date":"2025-11-02T09:43:13","date_gmt":"2025-11-02T09:43:13","guid":{"rendered":"https:\/\/www.europesays.com\/fr\/506473\/"},"modified":"2025-11-02T09:43:13","modified_gmt":"2025-11-02T09:43:13","slug":"le-recit-minute-par-minute-de-lattaque-dans-le-train-au-royaume-uni","status":"publish","type":"post","link":"https:\/\/www.europesays.com\/fr\/506473\/","title":{"rendered":"le r\u00e9cit minute par minute de l\u2019attaque dans le train au Royaume-Uni"},"content":{"rendered":"<p>\n    <strong>R\u00c9CIT \u2013<\/strong> Dix passagers ont \u00e9t\u00e9 bless\u00e9s, dont neuf gri\u00e8vement, lors d\u2019une attaque au couteau sur un train reliant Doncaster \u00e0 Londres samedi soir. Des t\u00e9moins racontent comment la panique a gagn\u00e9 les wagons, jusqu\u2019\u00e0 l\u2019intervention des forces arm\u00e9es en gare d\u2019Huntingdon.<\/p>\n<p class=\"fig-paragraph\">Ce dimanche matin, le Royaume-Uni est sous le choc. La veille,\u00a0<a href=\"http:\/\/www.lefigaro.fr\/flash-eco\/attaque-a-l-arme-blanche-dans-un-train-en-angleterre-des-blesses-deux-interpelles-20251101\" data-fig-type=\"NewsFlash\" data-gtm-custom-categorie=\"navigation\" data-gtm-custom-action=\"crossclick\" data-gtm-custom-label=\"Contextuel\" data-gtm-event=\"customEventSPE\" data-fig-domain=\"LEFIGARO\" target=\"_blank\" rel=\"noopener\">une attaque au couteau<\/a>\u00a0a transform\u00e9 un trajet ordinaire en sc\u00e8ne d\u2019horreur. \u00c0 bord d\u2019un train de la compagnie LNER reliant Doncaster \u00e0 Londres, dix passagers ont \u00e9t\u00e9 bless\u00e9s, dont neuf gri\u00e8vement, apr\u00e8s qu\u2019un homme arm\u00e9 d\u2019un grand couteau s\u2019en est pris aux voyageurs. Deux suspects ont \u00e9t\u00e9 interpell\u00e9s. L\u2019enqu\u00eate, \u00e0 laquelle participe la police antiterroriste, cherche encore \u00e0 comprendre les motivations du ou des agresseurs.<\/p>\n<p class=\"fig-paragraph\">Les premiers t\u00e9moignages racontent un chaos absolu. Des passagers pi\u00e9tin\u00e9s dans la panique, des cris, des si\u00e8ges couverts de sang, des familles r\u00e9fugi\u00e9es dans les toilettes&#8230; \u00abIls ont un couteau! J\u2019ai \u00e9t\u00e9 poignard\u00e9!\u00bb, hurle un homme en traversant le wagon, selon plusieurs t\u00e9moins. Le train s\u2019est arr\u00eat\u00e9 en urgence \u00e0 Huntingdon, \u00e0 120 kilom\u00e8tres au nord de la capitale, o\u00f9 des policiers arm\u00e9s ont neutralis\u00e9 un suspect au taser. Retour sur le d\u00e9roul\u00e9 de cette soir\u00e9e d\u2019horreur, minute par minute<\/p>\n<p><strong>18h25\u00a0: d\u00e9part du train direction Londres\u00a0<\/strong><\/p>\n<p class=\"fig-paragraph\">Le train de la compagnie publique LNER, l\u2019\u00e9quivalent britannique de la SNCF pour les grandes lignes du nord-est, quitte la gare de Doncaster, direction Londres King\u2019s Cross. La British Transport Police confirmera plus tard qu\u2019il s\u2019agissait du service de 18h25, une liaison majeure du pays sur la grande\u2026<\/p>\n<p class=\"fig-premium-paywall__infos\">\n        Cet article est r\u00e9serv\u00e9 aux abonn\u00e9s.        Il vous reste 86% \u00e0 d\u00e9couvrir.\n    <\/p>\n<p>                <img  data- alt=\"Le Figaro\" class=\"fig-img--complete fig-img\"\/><\/p>\n<p class=\"fig-premium-paywall__title\">Vous avez envie de lire la suite ?<\/p>\n<p class=\"fig-premium-paywall__subtitle\">D\u00e9bloquez tous les articles imm\u00e9diatement.<\/p>\n<p class=\"fig-premium-paywall__connect\">\n                D\u00e9j\u00e0 abonn\u00e9\u00a0?                <a class=\"fig-premium-paywall__connect-link\" href=\"https:\/\/connect.lefigaro.fr\/login?client=horizon_web&amp;type=main&amp;redirect_uri=https%3A%2F%2Fwww.lefigaro.fr%2Finternational%2Fj-ai-d-abord-cru-a-une-plaisanterie-d-halloween-le-recit-minute-par-minute-de-l-attaque-dans-le-train-au-royaume-uni-20251102\" data-js-gtm=\"{&quot;customCategorie&quot;: &quot;conversion&quot;, &quot;customAction&quot;: &quot;before_Landing_Connexion_paywall_manuel&quot;, &quot;customLabel&quot;: &quot;bGVmaWdhcm8uZnJfXzFmMGI3YjY0LTQzNmQtNmE1ZS1hYTRhLWNmYzhmZWU1ODZiNl9fQXJ0aWNsZQ==_\u00abJ\u2019ai d\u2019abord cru \u00e0 une plaisanterie d\u2019Halloween\u00bb: le r\u00e9cit minute par minute de l\u2019attaque dans le train au Royaume-Uni_297&quot;, &quot;customIDSPE&quot;: &quot;bGVmaWdhcm8uZnJfXzFmMGI3YjY0LTQzNmQtNmE1ZS1hYTRhLWNmYzhmZWU1ODZiNl9fQXJ0aWNsZQ==&quot;, &quot;event&quot;: &quot;customEventSPE&quot;}\" target=\"_blank\" rel=\"noopener\"><br \/>\n                    Connectez-vous<br \/>\n                <\/a>\n            <\/p>\n","protected":false},"excerpt":{"rendered":"R\u00c9CIT \u2013 Dix passagers ont \u00e9t\u00e9 bless\u00e9s, dont neuf gri\u00e8vement, lors d\u2019une attaque au couteau sur un train&hellip;\n","protected":false},"author":2,"featured_media":506474,"comment_status":"","ping_status":"","sticky":false,"template":"","format":"standard","meta":{"footnotes":""},"categories":[5],"tags":[11,14118,1011,27,14,12,473,28],"class_list":{"0":"post-506473","1":"post","2":"type-post","3":"status-publish","4":"format-standard","5":"has-post-thumbnail","7":"category-international","8":"tag-actualites","9":"tag-attaque-au-couteau","10":"tag-fr","11":"tag-france","12":"tag-international","13":"tag-news","14":"tag-royaume-uni","15":"tag-world"},"share_on_mastodon":{"url":"","error":""},"_links":{"self":[{"href":"https:\/\/www.europesays.com\/fr\/wp-json\/wp\/v2\/posts\/506473","targetHints":{"allow":["GET"]}}],"collection":[{"href":"https:\/\/www.europesays.com\/fr\/wp-json\/wp\/v2\/posts"}],"about":[{"href":"https:\/\/www.europesays.com\/fr\/wp-json\/wp\/v2\/types\/post"}],"author":[{"embeddable":true,"href":"https:\/\/www.europesays.com\/fr\/wp-json\/wp\/v2\/users\/2"}],"replies":[{"embeddable":true,"href":"https:\/\/www.europesays.com\/fr\/wp-json\/wp\/v2\/comments?post=506473"}],"version-history":[{"count":0,"href":"https:\/\/www.europesays.com\/fr\/wp-json\/wp\/v2\/posts\/506473\/revisions"}],"wp:featuredmedia":[{"embeddable":true,"href":"https:\/\/www.europesays.com\/fr\/wp-json\/wp\/v2\/media\/506474"}],"wp:attachment":[{"href":"https:\/\/www.europesays.com\/fr\/wp-json\/wp\/v2\/media?parent=506473"}],"wp:term":[{"taxonomy":"category","embeddable":true,"href":"https:\/\/www.europesays.com\/fr\/wp-json\/wp\/v2\/categories?post=506473"},{"taxonomy":"post_tag","embeddable":true,"href":"https:\/\/www.europesays.com\/fr\/wp-json\/wp\/v2\/tags?post=506473"}],"curies":[{"name":"wp","href":"https:\/\/api.w.org\/{rel}","templated":true}]}}