{"id":506479,"date":"2025-11-02T09:50:20","date_gmt":"2025-11-02T09:50:20","guid":{"rendered":"https:\/\/www.europesays.com\/fr\/506479\/"},"modified":"2025-11-02T09:50:20","modified_gmt":"2025-11-02T09:50:20","slug":"un-britannique-a-lasptt-nancy-meurthe-et-moselle-actualite","status":"publish","type":"post","link":"https:\/\/www.europesays.com\/fr\/506479\/","title":{"rendered":"Un Britannique \u00e0 l&rsquo;ASPTT Nancy Meurthe-et-Moselle &#8211; Actualit\u00e9"},"content":{"rendered":"<p>                                                                    <img decoding=\"async\" src=\"https:\/\/www.europesays.com\/fr\/wp-content\/uploads\/2025\/11\/68ff8f280b9b2.jpeg\" height=\"auto\" loading=\"lazy\"\/><br \/>\n                                                                    Cr\u00e9dit photo Herv\u00e9 Dancerelle &#8211; DirectVelo<\/p>\n<p class=\"images-caption\">Cr\u00e9dit photo Herv\u00e9 Dancerelle &#8211; DirectVelo<\/p>\n<p class=\"metadata\">\n            Par<br \/>\n        <strong class=\"text-black\">DOMINIQUE TURGIS<\/strong><br \/>\n                    <br \/>Le<br \/>\n    2 novembre 2025, 10:10<\/p>\n<p style=\"text-align: justify;\">L&rsquo;ASPTT Nancy Meurthe-et-Moselle recrute un Britannique pour la saison prochaine. Il s&rsquo;appelle Thomas Gardner et portait le couleurs de MyPad Racing p\/b Discovery Properties en 2025. C&rsquo;est le sixi\u00e8me renfort du club de N3.<\/p>\n<p>Le coureur de 21 ans conna\u00eet d\u00e9j\u00e0 la Lorraine puisqu&rsquo;il a particip\u00e9 avec son \u00e9quipe au Tour de Moselle au mois de septembre. Il avait termin\u00e9 34e du g\u00e9n\u00e9ral. Dans son pays, il a termin\u00e9 21e du Troph\u00e9e Beaumont et 22e du Wentworth Woodhouse Grand Prix.<\/p>\n<p>Suivez toutes les mutations de l&rsquo;hiver <a href=\"https:\/\/www.directvelo.com\/mutations\/2026\" target=\"_blank\" rel=\"noopener\"><strong>en cliquant ici<\/strong><\/a>.<\/p>\n<p>            En savoir plus : coureurs et \u00e9quipes associ\u00e9s<\/p>\n<p>                Coureurs<\/p>\n<p>                    <img decoding=\"async\" src=\"https:\/\/www.europesays.com\/fr\/wp-content\/uploads\/2025\/04\/default.png\" height=\"auto\" loading=\"lazy\"\/><\/p>\n<p>                            Portrait de Thomas GARDNER<\/p>\n<p>                \u00c9quipes<\/p>\n","protected":false},"excerpt":{"rendered":"Cr\u00e9dit photo Herv\u00e9 Dancerelle &#8211; DirectVelo Cr\u00e9dit photo Herv\u00e9 Dancerelle &#8211; DirectVelo Par DOMINIQUE TURGIS Le 2 novembre&hellip;\n","protected":false},"author":2,"featured_media":506480,"comment_status":"","ping_status":"","sticky":false,"template":"","format":"standard","meta":{"footnotes":""},"categories":[9635],"tags":[1111,11,834,828,836,829,837,827,83,826,824,823,207,814,817,815,816,822,821,1777,674,832,211,839,1011,27,775,820,818,819,1702,12,835,831,830,833,838,25,212,208,825],"class_list":{"0":"post-506479","1":"post","2":"type-post","3":"status-publish","4":"format-standard","5":"has-post-thumbnail","7":"category-nancy","8":"tag-actu","9":"tag-actualites","10":"tag-attaque","11":"tag-belgique","12":"tag-braquet","13":"tag-bretagne","14":"tag-chute","15":"tag-competition","16":"tag-coupe-de-france","17":"tag-coureur","18":"tag-course-cyclisme","19":"tag-course-cycliste","20":"tag-cyclisme","21":"tag-direct","22":"tag-direct-velo","23":"tag-directvelo","24":"tag-directvelo-com","25":"tag-epreuve","26":"tag-epreuve-cycliste","27":"tag-eu","28":"tag-europe","29":"tag-federation-francaise-de-cyclisme","30":"tag-ffc","31":"tag-flandres","32":"tag-fr","33":"tag-france","34":"tag-grand-est","35":"tag-live","36":"tag-live-course","37":"tag-live-epreuve","38":"tag-nancy","39":"tag-news","40":"tag-peloton","41":"tag-radio-peloton","42":"tag-radio-tour","43":"tag-ravitaillement","44":"tag-relance","45":"tag-republique-francaise","46":"tag-uci","47":"tag-velo","48":"tag-velos"},"share_on_mastodon":{"url":"","error":"Validation failed: Text character limit of 500 exceeded"},"_links":{"self":[{"href":"https:\/\/www.europesays.com\/fr\/wp-json\/wp\/v2\/posts\/506479","targetHints":{"allow":["GET"]}}],"collection":[{"href":"https:\/\/www.europesays.com\/fr\/wp-json\/wp\/v2\/posts"}],"about":[{"href":"https:\/\/www.europesays.com\/fr\/wp-json\/wp\/v2\/types\/post"}],"author":[{"embeddable":true,"href":"https:\/\/www.europesays.com\/fr\/wp-json\/wp\/v2\/users\/2"}],"replies":[{"embeddable":true,"href":"https:\/\/www.europesays.com\/fr\/wp-json\/wp\/v2\/comments?post=506479"}],"version-history":[{"count":0,"href":"https:\/\/www.europesays.com\/fr\/wp-json\/wp\/v2\/posts\/506479\/revisions"}],"wp:featuredmedia":[{"embeddable":true,"href":"https:\/\/www.europesays.com\/fr\/wp-json\/wp\/v2\/media\/506480"}],"wp:attachment":[{"href":"https:\/\/www.europesays.com\/fr\/wp-json\/wp\/v2\/media?parent=506479"}],"wp:term":[{"taxonomy":"category","embeddable":true,"href":"https:\/\/www.europesays.com\/fr\/wp-json\/wp\/v2\/categories?post=506479"},{"taxonomy":"post_tag","embeddable":true,"href":"https:\/\/www.europesays.com\/fr\/wp-json\/wp\/v2\/tags?post=506479"}],"curies":[{"name":"wp","href":"https:\/\/api.w.org\/{rel}","templated":true}]}}