{"id":506484,"date":"2025-11-02T09:53:10","date_gmt":"2025-11-02T09:53:10","guid":{"rendered":"https:\/\/www.europesays.com\/fr\/506484\/"},"modified":"2025-11-02T09:53:10","modified_gmt":"2025-11-02T09:53:10","slug":"un-agent-de-securite-roue-de-coups-en-gare-sncf-saint-roch-la-police-intervient","status":"publish","type":"post","link":"https:\/\/www.europesays.com\/fr\/506484\/","title":{"rendered":"un agent de s\u00e9curit\u00e9 rou\u00e9 de coups en gare SNCF Saint-Roch, la police intervient"},"content":{"rendered":"<p>            Par<br \/>\n        <strong><br \/>\n            <a href=\"https:\/\/actu.fr\/auteur\/jm-aubert\" title=\"Consulter tous les articles de Jean-Marc Aubert\" rel=\"nofollow noopener\" target=\"_blank\">Jean-Marc Aubert<\/a><br \/>\n        <\/strong><\/p>\n<p>        Publi\u00e9 le<\/p>\n<p>            2 nov. 2025 \u00e0 10h28        <\/p>\n<p>Un agent de s\u00e9curit\u00e9 de la <strong>gare SNCF Saint-Roch<\/strong>, \u00e0 <strong>Montpellier,<\/strong> a \u00e9t\u00e9 rou\u00e9 de coups par un individu connu pour \u00eatre violent qu\u2019il venait de reconnaitre, errant dans l\u2019enceinte, ce vendredi soir. <strong>R\u00e9cit.<\/strong><\/p>\n<p class=\" wall-content\">Ce vendredi 31 octobre 2025, \u00e0 19h30, alors qu\u2019il fait une ronde dans la gare SNCF Saint-Roch, un <strong>agent de s\u00e9curit\u00e9<\/strong> identifie un individu connu pour \u00eatre un fauteur de troubles et pour s\u2019en \u00eatre pris \u00e0 plusieurs reprises ces derniers mois \u00e0 ses coll\u00e8gues charg\u00e9s d\u2019assurer la s\u00e9curit\u00e9, en se montrant irascible et violent.\u00a0<\/p>\n<p>    <a href=\"https:\/\/www.google.com\/maps\/embed?pb=!1m18!1m12!1m3!1d4333.836927809697!2d3.8778183955706758!3d43.60342242660004!2m3!1f0!2f0!3f0!3m2!1i1024!2i768!4f13.1!3m3!1m2!1s0x12b6af1f2b86d625%3A0xe60e13888646d3ab!2sGare%20de%20Montpellier%20Saint%20Roch!5e0!3m2!1sfr!2sfr!4v1762073074617!5m2!1sfr!2sfr\" title=\"Ouvrie le lien\" rel=\"nofollow noopener\" target=\"_blank\">Cliquez ici pour visualiser le contenu<\/a><\/p>\n<p class=\" wall-content\">De plus, ce vendredi soir, il \u00e9tait accompagn\u00e9 d\u2019un Leonberg, un chien g\u00e9ant originaire d\u2019Allemagne, non tenu en laisse, un animal connu pour \u00eatre calme, \u00a0protecteur et non dangereux, m\u00eame s\u2019il en impose par sa taille.<\/p>\n<p class=\" wall-content\">Alors qu\u2019il vient lui demander de quitter les lieux avec l\u2019animal, l\u2019agent de s\u00e9curit\u00e9 est violemment malmen\u00e9, avant d\u2019\u00eatre rou\u00e9 de coups et d\u2019\u00eatre bless\u00e9 \u00e0 la t\u00eate.<\/p>\n<p>Vid\u00e9os : en ce moment sur Actu<\/p>\n<p class=\" wall-content\">Alert\u00e9e, la police ferroviaire -la S\u00fbret\u00e9 g\u00e9n\u00e9rale, Suge- d\u00e9p\u00eache des fonctionnaires qui retiennent le suspect, un Montpelli\u00e9rain \u00e2g\u00e9 de 52 ans, jusqu\u2019\u00e0 l\u2019arriv\u00e9e d\u2019une patrouille de la police nationale.<\/p>\n<p class=\" wall-content\">L\u2019agent de s\u00e9curit\u00e9 \u00e2g\u00e9 de 26 ans pr\u00e9sente des saignements \u00e0 une oreille et des traces de griffures ensanglant\u00e9es au visage. Il a expliqu\u00e9 \u00e0 la Suge et \u00e0 la police nationale que le quinquag\u00e9naire avait interdiction de fr\u00e9quenter la gare SNCF Saint-Roch s\u2019il n\u2019avait pas l\u2019intention de prendre un train, ce qui \u00e9tait les cas puisqu\u2019il n\u2019avait pas de billet et d\u2019autant plus qu\u2019il \u00e9tait accompagn\u00e9 d\u2019 un chien non tenu en laisse, ce qui peut \u00eatre dangereux pour les voyageurs. Et ce pour avoir insult\u00e9 et malmen\u00e9 des agents de s\u00e9curit\u00e9 \u00e0 plusieurs reprises ces derniers mois. Une proc\u00e9dure est en cours au commissariat central.<\/p>\n<p class=\" wall-content\">Personnalisez votre actualit\u00e9 en ajoutant vos villes et m\u00e9dias en favori avec <a href=\"https:\/\/moncompte.actu.fr\" title=\"D\u00e9couvez Mon Actu\" rel=\"nofollow noopener\" data-trk=\"{&quot;cta&quot;:{&quot;action&quot;:&quot;https:\\\/\\\/moncompte.actu.fr&quot;,&quot;category&quot;:&quot;mon compte&quot;,&quot;from&quot;:&quot;article footer&quot;,&quot;name&quot;:&quot;Mon actu&quot;,&quot;type&quot;:&quot;cta&quot;}}\" target=\"_blank\">Mon Actu<\/a>.<\/p>\n","protected":false},"excerpt":{"rendered":"Par Jean-Marc Aubert Publi\u00e9 le 2 nov. 2025 \u00e0 10h28 Un agent de s\u00e9curit\u00e9 de la gare SNCF&hellip;\n","protected":false},"author":2,"featured_media":506485,"comment_status":"","ping_status":"","sticky":false,"template":"","format":"standard","meta":{"footnotes":""},"categories":[9599],"tags":[1111,11,1777,674,118,1011,27,303,2208,12,2680,1072,25,2215],"class_list":{"0":"post-506484","1":"post","2":"type-post","3":"status-publish","4":"format-standard","5":"has-post-thumbnail","7":"category-montpellier","8":"tag-actu","9":"tag-actualites","10":"tag-eu","11":"tag-europe","12":"tag-faits-divers","13":"tag-fr","14":"tag-france","15":"tag-justice","16":"tag-montpellier","17":"tag-news","18":"tag-occitanie","19":"tag-police","20":"tag-republique-francaise","21":"tag-sncf"},"share_on_mastodon":{"url":"https:\/\/pubeurope.com\/@fr\/115479498334823964","error":""},"_links":{"self":[{"href":"https:\/\/www.europesays.com\/fr\/wp-json\/wp\/v2\/posts\/506484","targetHints":{"allow":["GET"]}}],"collection":[{"href":"https:\/\/www.europesays.com\/fr\/wp-json\/wp\/v2\/posts"}],"about":[{"href":"https:\/\/www.europesays.com\/fr\/wp-json\/wp\/v2\/types\/post"}],"author":[{"embeddable":true,"href":"https:\/\/www.europesays.com\/fr\/wp-json\/wp\/v2\/users\/2"}],"replies":[{"embeddable":true,"href":"https:\/\/www.europesays.com\/fr\/wp-json\/wp\/v2\/comments?post=506484"}],"version-history":[{"count":0,"href":"https:\/\/www.europesays.com\/fr\/wp-json\/wp\/v2\/posts\/506484\/revisions"}],"wp:featuredmedia":[{"embeddable":true,"href":"https:\/\/www.europesays.com\/fr\/wp-json\/wp\/v2\/media\/506485"}],"wp:attachment":[{"href":"https:\/\/www.europesays.com\/fr\/wp-json\/wp\/v2\/media?parent=506484"}],"wp:term":[{"taxonomy":"category","embeddable":true,"href":"https:\/\/www.europesays.com\/fr\/wp-json\/wp\/v2\/categories?post=506484"},{"taxonomy":"post_tag","embeddable":true,"href":"https:\/\/www.europesays.com\/fr\/wp-json\/wp\/v2\/tags?post=506484"}],"curies":[{"name":"wp","href":"https:\/\/api.w.org\/{rel}","templated":true}]}}