{"id":506487,"date":"2025-11-02T09:56:13","date_gmt":"2025-11-02T09:56:13","guid":{"rendered":"https:\/\/www.europesays.com\/fr\/506487\/"},"modified":"2025-11-02T09:56:13","modified_gmt":"2025-11-02T09:56:13","slug":"entre-elbeuf-et-rouen-un-challenge-a-velo-amical-et-pour-la-bonne-cause","status":"publish","type":"post","link":"https:\/\/www.europesays.com\/fr\/506487\/","title":{"rendered":"entre Elbeuf et Rouen, un challenge \u00e0 v\u00e9lo amical et pour la bonne cause"},"content":{"rendered":"<p>            Par<br \/>\n        <strong><br \/>\n            <a href=\"https:\/\/actu.fr\/auteur\/le-journal-delbeuf\" title=\"Consulter tous les articles de R\u00e9daction Elbeuf\" target=\"_blank\" rel=\"noopener\">R\u00e9daction Elbeuf<\/a><br \/>\n        <\/strong><\/p>\n<p>        Publi\u00e9 le<\/p>\n<p>            2 nov. 2025 \u00e0 9h56        <\/p>\n<p>Les initiatives originales de soutien et de pr\u00e9vention \u00e0 la <b>lutte contre le cancer du sein<\/b> ne manquent pas dans l\u2019agglo d\u2019<a href=\"https:\/\/actu.fr\/normandie\/elbeuf_76231\" target=\"_blank\" rel=\"noopener\">Elbeuf (Seine-Maritime)<\/a>. Cette ann\u00e9e, c\u2019est la <b>Maison sport sant\u00e9<\/b> d\u2019Elbeuf qui entre dans la danse.<\/p>\n<p class=\" wall-content\">D\u00e9j\u00e0 pr\u00e9sente au forum rose de Saint-Aubin quelques jours plus t\u00f4t, elle a lanc\u00e9e son propre d\u00e9fi, le mardi 21 octobre 2025 : le <b>Kilom\u00e8tres Day<\/b>.<\/p>\n<p>Mobiliser les structures du territoire<\/p>\n<p class=\" wall-content\">L\u2019objectif premier de cette action \u00e9tait de cr\u00e9er une dynamique positive pour les structures participantes et ainsi contribuer \u00e0 la qualit\u00e9 de vie au travail et \u00e0 la sant\u00e9 plus g\u00e9n\u00e9ralement.\u00a0<\/p>\n<blockquote class=\"ac-article-quote wall-content\">\n<p>Les structures de notre territoire d\u00e9ploient des efforts remarquables tout au long du mois d\u2019octobre pour les habitants. J\u2019ai donc voulu proposer une initiative d\u00e9di\u00e9e \u00e0 la reconnaissance et au bien-\u00eatre de ces acteurs, La pratique du v\u00e9lo est adapt\u00e9e \u00e0 tous, assez facile \u00e0 mettre en place et permettait de promouvoir les mobilit\u00e9s douces.<\/p>\n<p>Camille V\u00e9zin, responsable de la Maison sport sant\u00e9<\/p><\/blockquote>\n<p class=\" wall-content\">Cependant, pour renforcer la coh\u00e9sion des \u00e9quipes et cr\u00e9er une \u00e9mulation stimulante \u00e0 l\u2019int\u00e9rieur des structure et \u00e0 l\u2019\u00e9chelle du territoire, la manifestation a pris la forme une <b>comp\u00e9tition amicale<\/b>. Les 14 organisations participantes se sont donc rassembl\u00e9es en deux super \u00e9quipes : l\u2019Elbeuvien et le Nord M\u00e9tropolitain. Pour Elbeuf, on comptait ainsi la participation des CCAS d\u2019Elbeuf et de Saint-Aubin-l\u00e8s-Elbeuf, les centres sociaux du Puchot et Bobby Lapointe ou en encore la MJC d\u2019Elbeuf.<\/p>\n<p>P\u00e9daler pour la bonne cause<\/p>\n<p class=\" wall-content\">Comme au Tour de France, chaque kilom\u00e8tre comptait pour le classement g\u00e9n\u00e9ral individuel de la structure, mais \u00e9galement pour le classement par \u00e9quipes territoriales. Des kilom\u00e8tres bonus \u00e9taient aussi distribu\u00e9s aux deux structures ayant estim\u00e9 au mieux le nombre de kilom\u00e8tres et ayant r\u00e9alis\u00e9 la meilleure photo d\u2019\u00e9quipe.<\/p>\n<p>Vid\u00e9os : en ce moment sur Actu<br \/>\n    <img   decoding=\"async\" loading=\"lazy\" class=\"size-large\" src=\"https:\/\/www.europesays.com\/fr\/wp-content\/uploads\/2025\/11\/abadcb87cbf86bfadcb87cbf8a3bdcv-768x640.jpg\" alt=\"La plus belle photo d'\u00e9quipe ?\" width=\"768\" height=\"640\"\/><br \/>\n    Une action men\u00e9e dans la joie et la bonne humeur. \u00a9Camille V\u00e9zin<\/p>\n<p class=\" wall-content\">Et comme on n\u2019oublie pas qu\u2019on se situe dans un contexte de pr\u00e9vention et de soutien \u00e0 la maladie, il fallait r\u00e9pondre \u00e0 un questionnaire pr\u00e9ventif sur le cancer du sein tout en p\u00e9dalant. Pas si facile de se concentrer quand on essaie de battre un record, d\u2019autant plus que le cumul des kilom\u00e8tres des deux premi\u00e8res structures vont permettre de reverser un don \u00e0 la Ligue contre le Cancer.<\/p>\n<p>Votre r\u00e9gion, votre actu !<\/p>\n<p>Recevez chaque jour les infos qui comptent pour vous.<\/p>\n<p>\t<a href=\"https:\/\/actu.fr\/newsletter\" class=\"ac-btn ac-btn--corner ac-btn--medium ac-btn--blue800\" target=\"_blank\" rel=\"noopener\">S&rsquo;incrire<\/a><br \/>\nUn pari r\u00e9ussi<\/p>\n<p class=\" wall-content\">Commenc\u00e9 \u00e0 9 h, l\u2019amical challenge s\u2019est termin\u00e9 vers 17 h, apr\u00e8s <b>presque 2 000 kilom\u00e8tres parcourus<\/b> au total dont 1 048 parcourus par la seule \u00e9quipe d\u2019Elbeuf, qui est donc d\u00e9clar\u00e9e vainqueur de cette premi\u00e8re \u00e9dition. Le groupement glane \u00e9galement le record de kilom\u00e8tres parcourus en une heure : 50 km au centre Bobby Lapointe de Cl\u00e9on.<\/p>\n<p class=\" wall-content\">A titre individuel, c\u2019est le Centre M\u00e9dico-Social Dunant de Rouen qui gagne avec 200 km parcourus, alors que le centre anticancer Henri-Becquerel a align\u00e9 le plus de participants, plus de cinquante, soit un quart de la totalit\u00e9 des p\u00e9daleurs !<\/p>\n<p class=\" wall-content\">\u00ab\u00a0On a eu en effet <b>plus de 200 participants<\/b> sur l\u2019ensemble des structures et on ne s\u2019attendait pas \u00e0 un tel engouement, s\u2019enthousiasme Camille V\u00e9zin. De nombreux agents de chaque organisation ont jou\u00e9 le jeu et m\u00eame des patients de Becquerel. C\u2019\u00e9tait vraiment chouette !\u00a0\u00bb\u00a0 D\u2019autant plus que l\u2019action aura permis de faire un <b>don de 400 euros<\/b> \u00e0 la Ligue contre le Cancer.<\/p>\n<p class=\" wall-content\">Personnalisez votre actualit\u00e9 en ajoutant vos villes et m\u00e9dias en favori avec <a href=\"https:\/\/moncompte.actu.fr\" title=\"D\u00e9couvez Mon Actu\" rel=\"nofollow noopener\" data-trk=\"{&quot;cta&quot;:{&quot;action&quot;:&quot;https:\\\/\\\/moncompte.actu.fr&quot;,&quot;category&quot;:&quot;mon compte&quot;,&quot;from&quot;:&quot;article footer&quot;,&quot;name&quot;:&quot;Mon actu&quot;,&quot;type&quot;:&quot;cta&quot;}}\" target=\"_blank\">Mon Actu<\/a>.<\/p>\n","protected":false},"excerpt":{"rendered":"Par R\u00e9daction Elbeuf Publi\u00e9 le 2 nov. 2025 \u00e0 9h56 Les initiatives originales de soutien et de pr\u00e9vention&hellip;\n","protected":false},"author":2,"featured_media":506488,"comment_status":"","ping_status":"","sticky":false,"template":"","format":"standard","meta":{"footnotes":""},"categories":[9587],"tags":[1111,11,1777,674,1011,27,12,5161,54321,25,9590,71,104],"class_list":{"0":"post-506487","1":"post","2":"type-post","3":"status-publish","4":"format-standard","5":"has-post-thumbnail","7":"category-rouen","8":"tag-actu","9":"tag-actualites","10":"tag-eu","11":"tag-europe","12":"tag-fr","13":"tag-france","14":"tag-news","15":"tag-normandie","16":"tag-octobre-rose","17":"tag-republique-francaise","18":"tag-rouen","19":"tag-sante","20":"tag-societe"},"share_on_mastodon":{"url":"https:\/\/pubeurope.com\/@fr\/115479510434361818","error":""},"_links":{"self":[{"href":"https:\/\/www.europesays.com\/fr\/wp-json\/wp\/v2\/posts\/506487","targetHints":{"allow":["GET"]}}],"collection":[{"href":"https:\/\/www.europesays.com\/fr\/wp-json\/wp\/v2\/posts"}],"about":[{"href":"https:\/\/www.europesays.com\/fr\/wp-json\/wp\/v2\/types\/post"}],"author":[{"embeddable":true,"href":"https:\/\/www.europesays.com\/fr\/wp-json\/wp\/v2\/users\/2"}],"replies":[{"embeddable":true,"href":"https:\/\/www.europesays.com\/fr\/wp-json\/wp\/v2\/comments?post=506487"}],"version-history":[{"count":0,"href":"https:\/\/www.europesays.com\/fr\/wp-json\/wp\/v2\/posts\/506487\/revisions"}],"wp:featuredmedia":[{"embeddable":true,"href":"https:\/\/www.europesays.com\/fr\/wp-json\/wp\/v2\/media\/506488"}],"wp:attachment":[{"href":"https:\/\/www.europesays.com\/fr\/wp-json\/wp\/v2\/media?parent=506487"}],"wp:term":[{"taxonomy":"category","embeddable":true,"href":"https:\/\/www.europesays.com\/fr\/wp-json\/wp\/v2\/categories?post=506487"},{"taxonomy":"post_tag","embeddable":true,"href":"https:\/\/www.europesays.com\/fr\/wp-json\/wp\/v2\/tags?post=506487"}],"curies":[{"name":"wp","href":"https:\/\/api.w.org\/{rel}","templated":true}]}}