{"id":506491,"date":"2025-11-02T09:59:41","date_gmt":"2025-11-02T09:59:41","guid":{"rendered":"https:\/\/www.europesays.com\/fr\/506491\/"},"modified":"2025-11-02T09:59:41","modified_gmt":"2025-11-02T09:59:41","slug":"il-refuse-un-controle-de-police-et-prend-la-fuite-avant-de-percuter-un-cycliste-a-rennes","status":"publish","type":"post","link":"https:\/\/www.europesays.com\/fr\/506491\/","title":{"rendered":"Il refuse un contr\u00f4le de police et prend la fuite\u2026 avant de percuter un cycliste \u00e0 Rennes"},"content":{"rendered":"<p>Un automobiliste a refus\u00e9 de se soumettre \u00e0 un contr\u00f4le de police dans le sud de Rennes (Ille-et-Vilaine), avant de percuter un cycliste dans sa fuite, mardi 28\u00a0octobre 2025. Sa femme enceinte et leurs deux enfants se trouvaient dans le v\u00e9hicule. Le conducteur a finalement \u00e9t\u00e9 interpell\u00e9 et plac\u00e9 en garde \u00e0 vue.<\/p>\n<p>Mardi 28\u00a0octobre 2025, vers 11\u00a0h\u00a030, un automobiliste a refus\u00e9 d\u2019obtemp\u00e9rer \u00e0 un contr\u00f4le de police pr\u00e8s du centre commercial d\u2019Italie, dans le sud de Rennes (Ille-et-Vilaine), avant de s\u2019enfuir en direction de la rocade. Dans sa fuite, il a alors percut\u00e9 un cycliste d\u2019une cinquantaine d\u2019ann\u00e9es.<\/p>\n<p><strong>Lire aussi\u00a0:<\/strong> <a target=\"_self\" href=\"https:\/\/rennes.maville.com\/actu\/actudet_--un-business-familial-a-rennes-elle-stockait-la-drogue-son-frere-la-livrait-_52674-7040875_actu.Htm\" rel=\"nofollow noopener\">\u00ab\u00a0Un business familial\u00a0\u00bb\u00a0: \u00e0 Rennes, elle stockait la drogue, son fr\u00e8re la livrait<\/a><\/p>\n<p>Sa femme enceinte et ses deux enfants dans la voiture<\/p>\n<p>Comme le note notre confr\u00e8re de Rennes Info Autrement, la victime, bless\u00e9e, a \u00e9t\u00e9 prise en charge par les secours et le Samu. Le fuyard a, lui, \u00e9t\u00e9 intercept\u00e9 sur le boulevard Clemenceau, square des Cloteaux, apr\u00e8s avoir tent\u00e9 d\u2019\u00e9chapper aux forces de l\u2019ordre pendant sept \u00e0 huit minutes.<\/p>\n<p><strong>Lire aussi\u00a0:<\/strong> <a target=\"_self\" href=\"https:\/\/rennes.maville.com\/actu\/actudet_-ils-pillaient-les-dons-des-fideles-dans-des-eglises-de-l-ouest-un-prejudice-difficile-a-estimer-_13-7040835_actu.Htm\" rel=\"nofollow noopener\">Ils pillaient les dons des fid\u00e8les dans des \u00e9glises de l\u2019Ouest\u00a0: un pr\u00e9judice difficile \u00e0 estimer<\/a><\/p>\n<p>Dans sa voiture, se trouvaient sa femme enceinte, qui arrive au terme de sa grossesse, et leurs deux enfants. Apr\u00e8s v\u00e9rifications, le v\u00e9hicule qu\u2019il conduisait avait \u00e9t\u00e9 vol\u00e9. L\u2019automobiliste \u00e9tait toujours en garde \u00e0 vue, ce mercredi 29\u00a0octobre 2025 au soir.<\/p>\n<p>La sc\u00e8ne de sa fuite, film\u00e9e par un habitant, a \u00e9t\u00e9 relay\u00e9e sur <a target=\"_self\" href=\"https:\/\/x.com\/AlliancePN35\/status\/1983561790924493222\" rel=\"nofollow\">le r\u00e9seau social X<\/a> par le syndicat Alliance Police, qui se f\u00e9licite du travail des agents de police qui ont r\u00e9ussi \u00e0 appr\u00e9hender le fuyard.<\/p>\n<p>\u00a0<\/p>\n","protected":false},"excerpt":{"rendered":"Un automobiliste a refus\u00e9 de se soumettre \u00e0 un contr\u00f4le de police dans le sud de Rennes (Ille-et-Vilaine),&hellip;\n","protected":false},"author":2,"featured_media":506492,"comment_status":"","ping_status":"","sticky":false,"template":"","format":"standard","meta":{"footnotes":""},"categories":[2821],"tags":[1111,11,829,7325,22098,1777,674,1011,27,7066,4044,12,62812,1072,6020,21069,584,25],"class_list":{"0":"post-506491","1":"post","2":"type-post","3":"status-publish","4":"format-standard","5":"has-post-thumbnail","7":"category-rennes","8":"tag-actu","9":"tag-actualites","10":"tag-bretagne","11":"tag-controle","12":"tag-cycliste","13":"tag-eu","14":"tag-europe","15":"tag-fr","16":"tag-france","17":"tag-fuite","18":"tag-guingamp","19":"tag-news","20":"tag-percuter","21":"tag-police","22":"tag-prend","23":"tag-refuse","24":"tag-rennes","25":"tag-republique-francaise"},"share_on_mastodon":{"url":"https:\/\/pubeurope.com\/@fr\/115479521841407504","error":""},"_links":{"self":[{"href":"https:\/\/www.europesays.com\/fr\/wp-json\/wp\/v2\/posts\/506491","targetHints":{"allow":["GET"]}}],"collection":[{"href":"https:\/\/www.europesays.com\/fr\/wp-json\/wp\/v2\/posts"}],"about":[{"href":"https:\/\/www.europesays.com\/fr\/wp-json\/wp\/v2\/types\/post"}],"author":[{"embeddable":true,"href":"https:\/\/www.europesays.com\/fr\/wp-json\/wp\/v2\/users\/2"}],"replies":[{"embeddable":true,"href":"https:\/\/www.europesays.com\/fr\/wp-json\/wp\/v2\/comments?post=506491"}],"version-history":[{"count":0,"href":"https:\/\/www.europesays.com\/fr\/wp-json\/wp\/v2\/posts\/506491\/revisions"}],"wp:featuredmedia":[{"embeddable":true,"href":"https:\/\/www.europesays.com\/fr\/wp-json\/wp\/v2\/media\/506492"}],"wp:attachment":[{"href":"https:\/\/www.europesays.com\/fr\/wp-json\/wp\/v2\/media?parent=506491"}],"wp:term":[{"taxonomy":"category","embeddable":true,"href":"https:\/\/www.europesays.com\/fr\/wp-json\/wp\/v2\/categories?post=506491"},{"taxonomy":"post_tag","embeddable":true,"href":"https:\/\/www.europesays.com\/fr\/wp-json\/wp\/v2\/tags?post=506491"}],"curies":[{"name":"wp","href":"https:\/\/api.w.org\/{rel}","templated":true}]}}