{"id":506498,"date":"2025-11-02T10:04:09","date_gmt":"2025-11-02T10:04:09","guid":{"rendered":"https:\/\/www.europesays.com\/fr\/506498\/"},"modified":"2025-11-02T10:04:09","modified_gmt":"2025-11-02T10:04:09","slug":"la-serie-the-white-lotus-tournee-pres-de-nice-ces-lieux-chics-qui-interessent-la-production","status":"publish","type":"post","link":"https:\/\/www.europesays.com\/fr\/506498\/","title":{"rendered":"La s\u00e9rie \u00ab\u00a0The White Lotus\u00a0\u00bb tourn\u00e9e pr\u00e8s de Nice, ces \u00ab\u00a0lieux chics\u00a0\u00bb qui int\u00e9ressent la production"},"content":{"rendered":"<p>            Par<br \/>\n        <strong><br \/>\n            <a href=\"https:\/\/actu.fr\/auteur\/fabien-binacchi\" title=\"Consulter tous les articles de Fabien Binacchi\" rel=\"nofollow noopener\" target=\"_blank\">Fabien Binacchi<\/a><br \/>\n        <\/strong><\/p>\n<p>        Publi\u00e9 le<\/p>\n<p>            2 nov. 2025 \u00e0 10h12        <\/p>\n<p>Apr\u00e8s la Tha\u00eflande, direction la France. Les rumeurs \u00e9taient pressantes ces derni\u00e8res semaines\u2009: la quatri\u00e8me saison de la s\u00e9rie The White Lotus, diffus\u00e9e sur Canal+,\u00a0<strong>sera bien tourn\u00e9e dans l\u2019Hexagone,<\/strong> et essentiellement <a href=\"https:\/\/actu.fr\/provence-alpes-cote-d-azur\/alpes-maritimes_06\" rel=\"nofollow noopener\" target=\"_blank\">sur la C\u00f4te d\u2019Azur.<\/a> C\u2019est en tout cas ce qu\u2019affirme le magazine <a href=\"https:\/\/variety.com\/2025\/tv\/global\/the-white-lotus-season-4-paris-french-riviera-1236564556\/\" rel=\"nofollow noopener\" target=\"_blank\">Variety.<\/a><\/p>\n<p class=\" wall-content\">Le m\u00e9dia am\u00e9ricain sp\u00e9cialis\u00e9 assure m\u00eame que la production a d\u00e9j\u00e0 \u00ab\u2009activement\u2009\u00bb men\u00e9 <strong>\u00ab\u2009des rep\u00e9rages dans des lieux chics\u2009\u00bb<\/strong> situ\u00e9s pr\u00e8s de <a href=\"https:\/\/actu.fr\/nice\/\" rel=\"nofollow noopener\" target=\"_blank\">Nice<\/a> et \u00e9galement \u00e0 Paris. La capitale sera le th\u00e9\u00e2tre de \u00ab\u2009l\u2019intrigue secondaire\u2009\u00bb de ces futurs \u00e9pisodes.<\/p>\n<p>Des rep\u00e9rages sur la C\u00f4te d\u2019Azur<\/p>\n<p class=\" wall-content\">Des visites auraient d\u00e9j\u00e0 ainsi \u00e9t\u00e9 organis\u00e9es sur la C\u00f4te d\u2019Azur, mais la perspective de voir les \u00e9quipes de production s\u2019installer dans les suites du <a href=\"https:\/\/actu.fr\/provence-alpes-cote-d-azur\/saint-jean-cap-ferrat_06121\/ce-sublime-hotel-de-la-cote-d-azur-bientot-dans-la-serie-the-white-lotus-la-rumeur-enfle_63135927.html\" rel=\"nofollow noopener\" target=\"_blank\">Grand h\u00f4tel du Cap-Ferrat<\/a> (<a href=\"https:\/\/actu.fr\/provence-alpes-cote-d-azur\/saint-jean-cap-ferrat_06121\" rel=\"nofollow noopener\" target=\"_blank\">Saint-Jean-Cap-Ferrat<\/a>), un temps \u00e9voqu\u00e9, semble s\u2019\u00e9loigner. HBO, qui produit la s\u00e9rie, \u00ab\u2009n\u2019a pas renouvel\u00e9 son <strong>partenariat marketing avec la cha\u00eene h\u00f4teli\u00e8re Four Seasons<\/strong>\u2009\u00bb, qui est justement aux manettes de cet \u00e9tablissement 5 \u00e9toiles de la Riviera, rel\u00e8veVariety.<\/p>\n<p class=\" wall-content\"><a href=\"https:\/\/deadline.com\/2025\/09\/the-white-lotus-season-4-location-france-hbo-1236507930\/\" rel=\"nofollow noopener\" target=\"_blank\">Deadline<\/a> avait pourtant expos\u00e9 cette piste il y a quelques semaines, apr\u00e8s que Mike White, le r\u00e9alisateur, ait \u00e9t\u00e9 aper\u00e7u \u00e0 Nice lors d\u2019un s\u00e9jour dans un autre h\u00f4tel de luxe, le Negresco, possiblement <strong>pour effectuer des rep\u00e9rages dans les parages.<\/strong><\/p>\n<p class=\" wall-content\">D\u2019autres \u00e9tablissements luxueux du d\u00e9partement des Alpes-Maritimes seraient donc vraisemblablement dans le viseur du cr\u00e9ateur de la s\u00e9rie. Il a l\u2019embarras du choix\u2009: de Monaco \u00e0 Saint-Tropez, en passant par Cannes, <strong>il n\u2019en manque pas.<\/strong><\/p>\n<p>Avec des acteurs fran\u00e7ais\u2009?<\/p>\n<p class=\" wall-content\">Selon Vartiety, la saison 4 de The White Lotus est \u00ab\u2009toujours en d\u00e9veloppement\u2009\u00bb et son tournage \u00ab\u2009n\u2019est pas pr\u00e9vu avant l\u2019ann\u00e9e prochaine\u2009\u00bb. Pour une diffusion en 2027.<\/p>\n<p class=\" wall-content\">Et avec des com\u00e9diens fran\u00e7ais dans le casting\u2009? \u00ab\u2009Comme lors des saisons pr\u00e9c\u00e9dentes o\u00f9 l\u2019on retrouvait de riches Am\u00e9ricains en vacances dans des stations baln\u00e9aires paradisiaques, m\u00eal\u00e9s \u00e0 la population locale, la saison 4 devrait mettre en lumi\u00e8re <strong>des talents fran\u00e7ais aux c\u00f4t\u00e9s d\u2019acteurs am\u00e9ricains<\/strong>\u2009\u00bb, avance le m\u00e9dia.<\/p>\n<p class=\" wall-content\">Personnalisez votre actualit\u00e9 en ajoutant vos villes et m\u00e9dias en favori avec <a href=\"https:\/\/moncompte.actu.fr\" title=\"D\u00e9couvez Mon Actu\" rel=\"nofollow noopener\" data-trk=\"{&quot;cta&quot;:{&quot;action&quot;:&quot;https:\\\/\\\/moncompte.actu.fr&quot;,&quot;category&quot;:&quot;mon compte&quot;,&quot;from&quot;:&quot;article footer&quot;,&quot;name&quot;:&quot;Mon actu&quot;,&quot;type&quot;:&quot;cta&quot;}}\" target=\"_blank\">Mon Actu<\/a>.<\/p>\n","protected":false},"excerpt":{"rendered":"Par Fabien Binacchi Publi\u00e9 le 2 nov. 2025 \u00e0 10h12 Apr\u00e8s la Tha\u00eflande, direction la France. Les rumeurs&hellip;\n","protected":false},"author":2,"featured_media":4877,"comment_status":"","ping_status":"","sticky":false,"template":"","format":"standard","meta":{"footnotes":""},"categories":[2819],"tags":[1111,11,1777,674,1011,27,1652,12,2401,2897,882,25,1314],"class_list":{"0":"post-506498","1":"post","2":"type-post","3":"status-publish","4":"format-standard","5":"has-post-thumbnail","7":"category-nice","8":"tag-actu","9":"tag-actualites","10":"tag-eu","11":"tag-europe","12":"tag-fr","13":"tag-france","14":"tag-loisirs-culture","15":"tag-news","16":"tag-nice","17":"tag-nice-cote-dazur","18":"tag-provence-alpes-cote-dazur","19":"tag-republique-francaise","20":"tag-series"},"share_on_mastodon":{"url":"https:\/\/pubeurope.com\/@fr\/115479541496747236","error":""},"_links":{"self":[{"href":"https:\/\/www.europesays.com\/fr\/wp-json\/wp\/v2\/posts\/506498","targetHints":{"allow":["GET"]}}],"collection":[{"href":"https:\/\/www.europesays.com\/fr\/wp-json\/wp\/v2\/posts"}],"about":[{"href":"https:\/\/www.europesays.com\/fr\/wp-json\/wp\/v2\/types\/post"}],"author":[{"embeddable":true,"href":"https:\/\/www.europesays.com\/fr\/wp-json\/wp\/v2\/users\/2"}],"replies":[{"embeddable":true,"href":"https:\/\/www.europesays.com\/fr\/wp-json\/wp\/v2\/comments?post=506498"}],"version-history":[{"count":0,"href":"https:\/\/www.europesays.com\/fr\/wp-json\/wp\/v2\/posts\/506498\/revisions"}],"wp:featuredmedia":[{"embeddable":true,"href":"https:\/\/www.europesays.com\/fr\/wp-json\/wp\/v2\/media\/4877"}],"wp:attachment":[{"href":"https:\/\/www.europesays.com\/fr\/wp-json\/wp\/v2\/media?parent=506498"}],"wp:term":[{"taxonomy":"category","embeddable":true,"href":"https:\/\/www.europesays.com\/fr\/wp-json\/wp\/v2\/categories?post=506498"},{"taxonomy":"post_tag","embeddable":true,"href":"https:\/\/www.europesays.com\/fr\/wp-json\/wp\/v2\/tags?post=506498"}],"curies":[{"name":"wp","href":"https:\/\/api.w.org\/{rel}","templated":true}]}}