{"id":506501,"date":"2025-11-02T10:06:20","date_gmt":"2025-11-02T10:06:20","guid":{"rendered":"https:\/\/www.europesays.com\/fr\/506501\/"},"modified":"2025-11-02T10:06:20","modified_gmt":"2025-11-02T10:06:20","slug":"musique-langlais-seduit-avec-sa-promesse-des-beaux-jours","status":"publish","type":"post","link":"https:\/\/www.europesays.com\/fr\/506501\/","title":{"rendered":"Musique. L\u2019Anglais s\u00e9duit avec sa promesse des \u00ab\u00a0Beaux jours\u00a0\u00bb"},"content":{"rendered":"<p>De Klaktonclown au \u00ab\u00a0Bal des Vampires\u00a0\u00bb, le guitariste et chanteur R\u00e9gis Langlais, qui vit en pays nantais, poursuit en toute libert\u00e9 son bonhomme de chemin musical. L\u2019Anglais, son nom de sc\u00e8ne, est ainsi de retour en trio avec un\u00a0nouvel opus \u00ab\u00a0Beaux jours\u00a0\u00bb aux textes \u00e9clair\u00e9s et sensibles et \u00e0 la voix attachante. Il le pr\u00e9sentera le 17\u00a0d\u00e9cembre salle Paul-Fort, \u00e0 Nantes, apr\u00e8s y avoir effectu\u00e9 une r\u00e9sidence avec la Bouche d\u2019Air.<\/p>\n<p>Presse Oc\u00e9an\u00a0: De quelle veine musicale vous sentez-vous le plus proche\u00a0?<\/p>\n<p><strong>L\u2019Anglais\u00a0:<\/strong> \u00ab\u00a0J\u2019ai \u00e9crit les morceaux pour Klaktonclown sous l\u2019influence de Brel, Ferr\u00e9, avec du texte pr\u00e9cis, dense, pas avare de mots. Sur le tard, quand je suis tomb\u00e9 sur les chansons d\u2019Alain Bashung, ce fut une vraie r\u00e9v\u00e9lation, une porte ouverte sur la libert\u00e9 de raconter avec peu de mots des images incroyablement riches. Un morceau tient autant par le chant que par le parti pris musical. Cela m\u2019a aussi amen\u00e9 vers des artistes comme Bertrand Belin, Rodolphe Burger, Babx.\u00a0\u00bb<\/p>\n<p>Quels sont vos th\u00e8mes de pr\u00e9dilection\u00a0?<\/p>\n<p>\u00ab\u00a0Les th\u00e8mes tournent autour des choses intimes qu\u2019on ne se dit pas, des questions existentielles, des mondes \u00e0 refaire juste pour le plaisir, du langage \u00e0 remettre sur le m\u00e9tier en permanence pour ne pas l\u2019affadir. L\u2019agencement du choix des chansons s\u2019est fait dans une \u00e9coute globale o\u00f9 musique et sens se sont m\u00e9lang\u00e9s. Le c\u00f4t\u00e9 voyage nous a aussi guid\u00e9 pour le finaliser. Nous terminons par un morceau tr\u00e8s \u00e9trange qui m\u00eale une chanson intimiste \u00e0 un post rock presque bruitiste et m\u00e9lodique \u00e0 la fois. \u00ab\u00a0Beaux jours\u00a0\u00bb, c\u2019est une promesse. Nous esp\u00e9rons que chaque morceau surprendra et permettra, au mieux, \u00e0 la personne qui l\u2019\u00e9coute de faire son propre voyage.\u00a0\u00bb<\/p>\n<p>Qui sera avec vous sc\u00e8ne le 17\u00a0d\u00e9cembre\u00a0?<\/p>\n<p>\u00ab\u00a0Il y aura Jocelyn L\u00e9cuyer \u00e0 la batterie et au chant, Freddy Boisliveau \u00e0 la basse et au chant qui a r\u00e9alis\u00e9 l\u2019album. Nous aurons la chance d\u2019avoir Carine Henry qui a chant\u00e9 sur un morceau et Raggy du groupe Zenzile qui joue du sax sur un titre. C\u2019\u00e9tait important qu\u2019ils soient avec nous pour f\u00eater cette sortie d\u2019album.\u00a0\u00bb<\/p>\n<p>Concert\u00a0: le 17\u00a0d\u00e9cembre salle Paul-Fort, 20h, La Bouche d\u2019Air. Album \u00ab\u00a0Le Beaux jours\u00a0\u00bb (Eizer Records), le 19\u00a0d\u00e9cembre.<\/p>\n<p>En tourn\u00e9e en 2026 espace C\u0153ur en Sc\u00e8ne (Rouans) en f\u00e9vrier et au TNT (Nantes) fin mars\u00a02026.<\/p>\n<p>\u00a0<\/p>\n","protected":false},"excerpt":{"rendered":"De Klaktonclown au \u00ab\u00a0Bal des Vampires\u00a0\u00bb, le guitariste et chanteur R\u00e9gis Langlais, qui vit en pays nantais, poursuit&hellip;\n","protected":false},"author":2,"featured_media":506502,"comment_status":"","ping_status":"","sticky":false,"template":"","format":"standard","meta":{"footnotes":""},"categories":[2818],"tags":[1111,11,13772,7284,1777,674,1011,27,7285,873,766,12,2636,48133,25,62813],"class_list":{"0":"post-506501","1":"post","2":"type-post","3":"status-publish","4":"format-standard","5":"has-post-thumbnail","7":"category-nantes","8":"tag-actu","9":"tag-actualites","10":"tag-anglais","11":"tag-beaux","12":"tag-eu","13":"tag-europe","14":"tag-fr","15":"tag-france","16":"tag-jours","17":"tag-musique","18":"tag-nantes","19":"tag-news","20":"tag-pays-de-la-loire","21":"tag-promesse","22":"tag-republique-francaise","23":"tag-seduit"},"share_on_mastodon":{"url":"https:\/\/pubeurope.com\/@fr\/115479549321073182","error":""},"_links":{"self":[{"href":"https:\/\/www.europesays.com\/fr\/wp-json\/wp\/v2\/posts\/506501","targetHints":{"allow":["GET"]}}],"collection":[{"href":"https:\/\/www.europesays.com\/fr\/wp-json\/wp\/v2\/posts"}],"about":[{"href":"https:\/\/www.europesays.com\/fr\/wp-json\/wp\/v2\/types\/post"}],"author":[{"embeddable":true,"href":"https:\/\/www.europesays.com\/fr\/wp-json\/wp\/v2\/users\/2"}],"replies":[{"embeddable":true,"href":"https:\/\/www.europesays.com\/fr\/wp-json\/wp\/v2\/comments?post=506501"}],"version-history":[{"count":0,"href":"https:\/\/www.europesays.com\/fr\/wp-json\/wp\/v2\/posts\/506501\/revisions"}],"wp:featuredmedia":[{"embeddable":true,"href":"https:\/\/www.europesays.com\/fr\/wp-json\/wp\/v2\/media\/506502"}],"wp:attachment":[{"href":"https:\/\/www.europesays.com\/fr\/wp-json\/wp\/v2\/media?parent=506501"}],"wp:term":[{"taxonomy":"category","embeddable":true,"href":"https:\/\/www.europesays.com\/fr\/wp-json\/wp\/v2\/categories?post=506501"},{"taxonomy":"post_tag","embeddable":true,"href":"https:\/\/www.europesays.com\/fr\/wp-json\/wp\/v2\/tags?post=506501"}],"curies":[{"name":"wp","href":"https:\/\/api.w.org\/{rel}","templated":true}]}}