{"id":506516,"date":"2025-11-02T10:15:14","date_gmt":"2025-11-02T10:15:14","guid":{"rendered":"https:\/\/www.europesays.com\/fr\/506516\/"},"modified":"2025-11-02T10:15:14","modified_gmt":"2025-11-02T10:15:14","slug":"faut-il-interdire-des-maintenant-les-animaux-dans-les-cirques-la-question-divise-a-marseille","status":"publish","type":"post","link":"https:\/\/www.europesays.com\/fr\/506516\/","title":{"rendered":"Faut-il interdire d\u00e8s maintenant les animaux dans les cirques ? La question divise \u00e0 Marseille"},"content":{"rendered":"<ul class=\"jsx-862013697 ArticleChapo__List\">\n<li class=\"jsx-862013697 ArticleChapo__List_Item flex\">Les animaux sauvages vont \u00eatre interdits dans les cirques en 2028.<\/li>\n<li class=\"jsx-862013697 ArticleChapo__List_Item flex\">Certaines communes, comme Marseille, refusent d\u00e9j\u00e0 d&rsquo;accueillir les troupes avec des animaux.<\/li>\n<\/ul>\n<p><a href=\"https:\/\/www.tf1info.fr\/emissions\/lci\/la-matinale-14333\/\" rel=\"noopener\" class=\"jsx-484472199 Link jsx-1428418400 jsx-640816507\" target=\"_blank\"><\/p>\n<p style=\"font-weight:400\" class=\"jsx-1837267516\">Suivez la couverture compl\u00e8te<\/p>\n<p style=\"font-weight:800\" class=\"jsx-1837267516\">La Matinale<\/p>\n<p><\/a><\/p>\n<p data-module=\"article-paragraph\" class=\"jsx-3046738180 Paragraph\">Fini les lions, tigres, \u00e9l\u00e9phants ou dromadaires\u2026 Au nom du <a href=\"https:\/\/www.tf1info.fr\/environnement-ecologie\/bien-etre-animal-ces-abattoirs-qui-defendent-le-respect-des-animaux-1256384.html\" target=\"_blank\" rel=\"noopener\">bien-\u00eatre animal<\/a>, une loi fran\u00e7aise interdit la pr\u00e9sence d&rsquo;animaux sauvages <a href=\"https:\/\/www.tf1info.fr\/environnement-ecologie\/elephants-tigres-singes-pourquoi-la-fin-des-animaux-sauvages-dans-les-cirques-en-2028-pietine-2369592.html\" target=\"_blank\" rel=\"noopener\">dans les cirques<\/a> \u00e0 partir de d\u00e9cembre 2028. Trois ans avant son entr\u00e9e en vigueur, <a href=\"https:\/\/www.tf1info.fr\/societe\/video-reportage-on-n-est-pas-des-bandits-3-ans-avant-l-interdiction-des-animaux-sauvages-les-cirques-en-souffrance-2370165.html\" target=\"_blank\" rel=\"noopener\">certaines communes refusent d\u00e9j\u00e0<\/a> que les troupes avec des animaux s&rsquo;installent chez elles. C&rsquo;est le cas \u00e0 Marseille. \u00ab\u00a0Aujourd&rsquo;hui, on est raccord avec l&rsquo;opinion publique, on est peut-\u00eatre un peu en avance. Les animaux ne sont plus des biens mobiliers. La maltraitance est punie p\u00e9nalement. Donc il faut accompagner culturellement nos jeunes Marseillais et Marseillaises pour changer leur regard\u00a0\u00bb, explique Christine Juste, adjointe au maire de Marseille, sur LCI.\u00a0<\/p>\n<p data-module=\"article-paragraph\" class=\"jsx-3046738180 Paragraph Paragraph__End\">Pr\u00e8s de deux Fran\u00e7ais sur trois se disent contre la pr\u00e9sence d&rsquo;animaux sauvages dans les cirques. Sur place, les habitants sont \u00e9galement partag\u00e9s : \u00ab\u00a0Moi, je trouve que sans animaux, c&rsquo;est bien. Faire attention aux animaux, je suis tr\u00e8s sensible l\u00e0-dessus\u00a0\u00bb, confie une passante. \u00ab\u00a0J&rsquo;ai grandi avec les animaux et je veux bien que mes enfants aussi aient ce contact-l\u00e0\u00a0\u00bb, d\u00e9fend une autre.\u00a0<\/p>\n<p><a href=\"https:\/\/www.tf1info.fr\/regions\/video-fauves-singes-ce-parc-du-morbihan-accueille-les-animaux-bientot-interdits-dans-les-cirques-2352003.html\" rel=\"noopener\" class=\"jsx-3308031228 Link flex\" target=\"_blank\"><img decoding=\"async\" src=\"https:\/\/www.europesays.com\/fr\/wp-content\/uploads\/2025\/11\/elepahant-d79a37-0@1x.jpeg\" alt=\"CAPTF1\" loading=\"lazy\" importance=\"low\" fetchpriority=\"low\" class=\"\" aria-hidden=\"true\"\/><\/p>\n<p class=\"jsx-3657663356 ReadMoreArticle__Title\">Lire aussi<\/p>\n<p class=\"jsx-3657663356\">Fauves, singes&#8230; ce parc du Morbihan accueille les animaux bient\u00f4t interdits dans les cirques<\/p>\n<p><\/a><\/p>\n<p data-module=\"article-paragraph\" class=\"jsx-3046738180 Paragraph Paragraph__End\">\u00c0 Marseille, cette d\u00e9cision est vivement regrett\u00e9e par Micka\u00ebl Reynold, directeur du cirque Benzini. Dans ce cirque familial, les animaux sont toujours les vedettes du spectacle. \u00ab\u00a0Demain, je peux vous faire un spectacle sans animaux. Mais j&rsquo;ai mes animaux, j&rsquo;ai mon cheval qui est l\u00e0-bas, il est n\u00e9 chez moi, il a 22 ans. Donc, je ne me vois pas abandonner mes animaux\u00a0\u00bb, pointe-t-il.\u00a0<\/p>\n<p>Emma ALLAMAND<\/p>\n","protected":false},"excerpt":{"rendered":"Les animaux sauvages vont \u00eatre interdits dans les cirques en 2028. Certaines communes, comme Marseille, refusent d\u00e9j\u00e0 d&rsquo;accueillir&hellip;\n","protected":false},"author":2,"featured_media":506517,"comment_status":"","ping_status":"","sticky":false,"template":"","format":"standard","meta":{"footnotes":""},"categories":[2814],"tags":[1111,11,1867,1921,5398,1777,674,1011,27,1922,6225,884,12,882,25,133,5010],"class_list":{"0":"post-506516","1":"post","2":"type-post","3":"status-publish","4":"format-standard","5":"has-post-thumbnail","7":"category-marseille","8":"tag-actu","9":"tag-actualites","10":"tag-animaux","11":"tag-article-video","12":"tag-cirque","13":"tag-eu","14":"tag-europe","15":"tag-fr","16":"tag-france","17":"tag-info","18":"tag-la-matinale","19":"tag-marseille","20":"tag-news","21":"tag-provence-alpes-cote-dazur","22":"tag-republique-francaise","23":"tag-video","24":"tag-video-sujets-de-societe"},"share_on_mastodon":{"url":"https:\/\/pubeurope.com\/@fr\/115479585278785119","error":""},"_links":{"self":[{"href":"https:\/\/www.europesays.com\/fr\/wp-json\/wp\/v2\/posts\/506516","targetHints":{"allow":["GET"]}}],"collection":[{"href":"https:\/\/www.europesays.com\/fr\/wp-json\/wp\/v2\/posts"}],"about":[{"href":"https:\/\/www.europesays.com\/fr\/wp-json\/wp\/v2\/types\/post"}],"author":[{"embeddable":true,"href":"https:\/\/www.europesays.com\/fr\/wp-json\/wp\/v2\/users\/2"}],"replies":[{"embeddable":true,"href":"https:\/\/www.europesays.com\/fr\/wp-json\/wp\/v2\/comments?post=506516"}],"version-history":[{"count":0,"href":"https:\/\/www.europesays.com\/fr\/wp-json\/wp\/v2\/posts\/506516\/revisions"}],"wp:featuredmedia":[{"embeddable":true,"href":"https:\/\/www.europesays.com\/fr\/wp-json\/wp\/v2\/media\/506517"}],"wp:attachment":[{"href":"https:\/\/www.europesays.com\/fr\/wp-json\/wp\/v2\/media?parent=506516"}],"wp:term":[{"taxonomy":"category","embeddable":true,"href":"https:\/\/www.europesays.com\/fr\/wp-json\/wp\/v2\/categories?post=506516"},{"taxonomy":"post_tag","embeddable":true,"href":"https:\/\/www.europesays.com\/fr\/wp-json\/wp\/v2\/tags?post=506516"}],"curies":[{"name":"wp","href":"https:\/\/api.w.org\/{rel}","templated":true}]}}