{"id":506518,"date":"2025-11-02T10:16:15","date_gmt":"2025-11-02T10:16:15","guid":{"rendered":"https:\/\/www.europesays.com\/fr\/506518\/"},"modified":"2025-11-02T10:16:15","modified_gmt":"2025-11-02T10:16:15","slug":"avec-4-balles-dans-le-corps-il-se-presente-aux-urgences","status":"publish","type":"post","link":"https:\/\/www.europesays.com\/fr\/506518\/","title":{"rendered":"avec 4 balles dans le corps, il se pr\u00e9sente aux urgences"},"content":{"rendered":"<p itemprop=\"description\"><strong>Ce samedi matin, un homme bless\u00e9 par balles s&rsquo;est pr\u00e9sent\u00e9 aux urgences du M\u00e9dip\u00f4le \u00e0 Villeurbanne.<\/strong><\/p>\n<p>Si son pronostic vital n&rsquo;est pas engag\u00e9, il pr\u00e9sentait tout de m\u00eame quatre blessures distinctes puisque quatre balles l&rsquo;avaient atteint aux cuisses, \u00e0 la fesse et au bras.<\/p>\n<p>Prise en charge, la victime a \u00e9t\u00e9 assez peu coop\u00e9rative avec les forces de l&rsquo;ordre pr\u00e9venues par l&rsquo;\u00e9quipe soignante du M\u00e9dip\u00f4le. Dans un premier temps, elle aurait expliqu\u00e9 ne pas avoir de souvenirs de la fusillade. Puis elle aurait admis avoir \u00e9t\u00e9 atteinte par des tirs alors qu&rsquo;elle se trouvait dans la voiture d&rsquo;un proche \u00e0 D\u00e9cines.<\/p>\n<p>Une version qui sera facile \u00e0 confirmer ou infirmer par les enqu\u00eateurs.<\/p>\n<p>D&rsquo;autant que la pr\u00e9cision des blessures peut surtout laisser penser \u00e0 une \u00ab\u00a0jambisation\u00a0\u00bb, technique de plus en plus courante chez les trafiquants de drogue qui tirent dans les jambes pour punir plut\u00f4t que tuer.<\/p>\n","protected":false},"excerpt":{"rendered":"Ce samedi matin, un homme bless\u00e9 par balles s&rsquo;est pr\u00e9sent\u00e9 aux urgences du M\u00e9dip\u00f4le \u00e0 Villeurbanne. Si son&hellip;\n","protected":false},"author":2,"featured_media":506519,"comment_status":"","ping_status":"","sticky":false,"template":"","format":"standard","meta":{"footnotes":""},"categories":[1889],"tags":[1111,11,2813,2190,2430,1109,251,1112,2811,1777,674,118,1011,27,1922,1110,1114,2428,2810,12,241,316,25,2812,517,800],"class_list":{"0":"post-506518","1":"post","2":"type-post","3":"status-publish","4":"format-standard","5":"has-post-thumbnail","7":"category-lyon","8":"tag-actu","9":"tag-actualites","10":"tag-article","11":"tag-asvel","12":"tag-auvergne-rhone-alpes","13":"tag-breves","14":"tag-culture","15":"tag-depeches","16":"tag-economique","17":"tag-eu","18":"tag-europe","19":"tag-faits-divers","20":"tag-fr","21":"tag-france","22":"tag-info","23":"tag-informations","24":"tag-infos","25":"tag-lyon","26":"tag-lyonmag","27":"tag-news","28":"tag-ol","29":"tag-politique","30":"tag-republique-francaise","31":"tag-sociale","32":"tag-sport","33":"tag-transports"},"share_on_mastodon":{"url":"https:\/\/pubeurope.com\/@fr\/115479588725177909","error":""},"_links":{"self":[{"href":"https:\/\/www.europesays.com\/fr\/wp-json\/wp\/v2\/posts\/506518","targetHints":{"allow":["GET"]}}],"collection":[{"href":"https:\/\/www.europesays.com\/fr\/wp-json\/wp\/v2\/posts"}],"about":[{"href":"https:\/\/www.europesays.com\/fr\/wp-json\/wp\/v2\/types\/post"}],"author":[{"embeddable":true,"href":"https:\/\/www.europesays.com\/fr\/wp-json\/wp\/v2\/users\/2"}],"replies":[{"embeddable":true,"href":"https:\/\/www.europesays.com\/fr\/wp-json\/wp\/v2\/comments?post=506518"}],"version-history":[{"count":0,"href":"https:\/\/www.europesays.com\/fr\/wp-json\/wp\/v2\/posts\/506518\/revisions"}],"wp:featuredmedia":[{"embeddable":true,"href":"https:\/\/www.europesays.com\/fr\/wp-json\/wp\/v2\/media\/506519"}],"wp:attachment":[{"href":"https:\/\/www.europesays.com\/fr\/wp-json\/wp\/v2\/media?parent=506518"}],"wp:term":[{"taxonomy":"category","embeddable":true,"href":"https:\/\/www.europesays.com\/fr\/wp-json\/wp\/v2\/categories?post=506518"},{"taxonomy":"post_tag","embeddable":true,"href":"https:\/\/www.europesays.com\/fr\/wp-json\/wp\/v2\/tags?post=506518"}],"curies":[{"name":"wp","href":"https:\/\/api.w.org\/{rel}","templated":true}]}}