{"id":506528,"date":"2025-11-02T10:22:17","date_gmt":"2025-11-02T10:22:17","guid":{"rendered":"https:\/\/www.europesays.com\/fr\/506528\/"},"modified":"2025-11-02T10:22:17","modified_gmt":"2025-11-02T10:22:17","slug":"la-clinique-psychiatrique-veut-se-debarrasser-de-sa-syndicaliste-la-justice-la-met-k-o","status":"publish","type":"post","link":"https:\/\/www.europesays.com\/fr\/506528\/","title":{"rendered":"la clinique psychiatrique veut se d\u00e9barrasser de sa syndicaliste, la justice la met K.-O."},"content":{"rendered":"<p>            Par<br \/>\n        <strong><br \/>\n            <a href=\"https:\/\/actu.fr\/auteur\/redaction-hautsdeseine\" title=\"Consulter tous les articles de R\u00e9daction Hauts-de-Seine\" target=\"_blank\" rel=\"noopener\">R\u00e9daction Hauts-de-Seine<\/a><br \/>\n        <\/strong><\/p>\n<p>        Publi\u00e9 le<\/p>\n<p>            2 nov. 2025 \u00e0 7h14        <\/p>\n<p>Yasmina X. a \u00e9t\u00e9 engag\u00e9e par la clinique m\u00e9dicale et p\u00e9dagogique Dupr\u00e9 de<a href=\"https:\/\/actu.fr\/ile-de-france\/sceaux_92071\" target=\"_blank\" rel=\"noopener\"> Sceaux<\/a> (Hauts-de-Seine) en septembre\u00a01997 en qualit\u00e9 d\u2019\u00e9ducatrice sp\u00e9cialis\u00e9e. Vingt-quatre ans plus tard, en avril\u00a02021, la direction a sollicit\u00e9 l\u2019autorisation de l\u2019inspection du travail pour proc\u00e9der au licenciement \u00ab\u2009disciplinaire\u2009\u00bb de cette \u00ab\u2009salari\u00e9e prot\u00e9g\u00e9e\u2009\u00bb par ses mandats \u00e9lectifs.<br \/>Sa hi\u00e9rarchie lui reprochait principalement d\u2019avoir profit\u00e9 de sa fonction de \u00ab\u2009membre du bureau du comit\u00e9 d\u2019entreprise\u2009\u00bb pour faire \u00ab\u2009anormalement b\u00e9n\u00e9ficier \u00e0 19\u00a0personnes non salari\u00e9es de la clinique d\u2019un voyage organis\u00e9 \u00e0 New York\u2009\u00bb. Yasmina X. aurait aussi lou\u00e9 un \u00ab\u2009box [\u2026] pour un montant de 2\u2009066\u00a0euros sur le compte des \u0153uvres sociales pour une utilisation inconnue\u2009\u00bb, aurait \u00ab\u2009\u00e9mis des ch\u00e8ques \u00e0 son profit\u2009\u00bb ou aurait encore \u00ab\u2009t\u00e9l\u00e9travaill\u00e9\u2009\u00bb sans avoir l\u2019autorisation de sa hi\u00e9rarchie.<\/p>\n<p>Aucune preuve apport\u00e9e par la clinique<\/p>\n<p class=\" wall-content\">La demande d\u2019autorisation de licenciement a toutefois \u00e9t\u00e9 rejet\u00e9e, tant par l\u2019inspection du travail que par le ministre du Travail. Le directeur de la clinique a alors saisi le <a href=\"https:\/\/actu.fr\/tag\/tribunal-administratif-de-cergy-pontoise\" target=\"_blank\" rel=\"noopener\">tribunal administratif de Cergy-Pontoise<\/a> pour contester cette d\u00e9cision.<\/p>\n<p class=\" wall-content\">\u00ab\u2009La clinique FSEF Sceaux a adh\u00e9r\u00e9 \u00e0 une association pour pouvoir b\u00e9n\u00e9ficier des offres propos\u00e9es par d\u2019autres comit\u00e9s d\u2019\u00e9tablissements\u2009\u00bb, commence par rappeler le tribunal administratif de Cergy-Pontoise \u00e0 propos du voyage \u00e0 New York, dans <a href=\"https:\/\/justice.pappers.fr\/decision\/89b5d526c1ee4dfbfc7ee28ea2a514f6960d57e2\" target=\"_blank\" rel=\"noopener\">un jugement<\/a> en date du 15\u00a0septembre 2025 qui vient d\u2019\u00eatre rendu public. \u00ab\u2009Or, elle ne conteste pas que, sur ces 19\u00a0personnes, au moins 11 \u00e9taient salari\u00e9es de la BNP, \u00e9galement membre de cette association\u2009\u00bb, note-t-il. Les autres personnes \u00e9taient par ailleurs des \u00ab\u2009accompagnants\u2009\u00bb de salari\u00e9s, expliquait Yasmina X., qui avaient \u00e9t\u00e9 \u00ab\u2009ajout\u00e9s au voyage pour obtenir un tarif pr\u00e9f\u00e9rentiel\u2009\u00bb.<\/p>\n<p class=\" wall-content\">Les ch\u00e8ques \u00e9mis \u00e0 son profit ne prouvent pas non plus qu\u2019elle ait agi pour son int\u00e9r\u00eat personnel ni qu\u2019ils aient nui \u00e0 la fondation qui poss\u00e8de la clinique, consid\u00e8rent les juges. Ainsi, certains avaient \u00ab\u2009pour objet le remboursement de l\u2019achat de places de cin\u00e9ma pour le compte du comit\u00e9 d\u2019\u00e9tablissement qu\u2019elle avait r\u00e9alis\u00e9 avec sa propre carte bancaire\u2009\u00bb alors qu\u2019un autre concernait \u00ab\u2009un pr\u00eat autoris\u00e9 par le comit\u00e9 d\u2019\u00e9tablissement, qu\u2019elle a rembours\u00e9 par pr\u00e9l\u00e8vements\u2009\u00bb. Pour la location du box de stockage, rien ne prouve que l\u2019\u00e9ducatrice sp\u00e9cialis\u00e9e l\u2019aurait lou\u00e9 \u00ab\u2009\u00e0 des fins personnelles en raison de ses difficult\u00e9s financi\u00e8res et ses d\u00e9m\u00e9nagements successifs\u2009\u00bb.<\/p>\n<p>Une gravit\u00e9 insuffisante pour justifier le licenciement<\/p>\n<p class=\" wall-content\">La direction soutenait aussi que Yasmina X. avait d\u00e9pens\u00e9 plus de 5\u2009400\u00a0euros au magasin Metro de Vitry-sur-Seine (Val-de-Marne) avec le ch\u00e9quier du CE \u00ab\u2009alors qu\u2019elle n\u2019en \u00e9tait plus membre\u2009\u00bb. Elle avait notamment achet\u00e9 \u00ab\u200984 bouteilles de Ruinart\u2009\u00bb, un champagne produit par \u00ab\u2009la plus ancienne maison\u2009\u00bb du vignoble champenois et d\u00e9tenue par le groupe LMVH. Mais la clinique \u00ab\u2009ne d\u00e9montre pas que Mme X. aurait r\u00e9alis\u00e9 ces achats \u00e0 son profit\u2009\u00bb, r\u00e9plique le tribunal administratif.<\/p>\n<p class=\" wall-content\">Enfin, le fait que Yasmina X. avait \u00ab\u2009t\u00e9l\u00e9travaill\u00e9 sans autorisation de son employeur le 5\u00a0f\u00e9vrier 2020 et [\u2026] qu\u2019elle se serait absent\u00e9e pour cong\u00e9 le 19\u00a0f\u00e9vrier 2020 sans que sa demande d\u00e9pos\u00e9e sur le logiciel ait \u00e9t\u00e9 valid\u00e9e\u2009\u00bb ne sont pas \u00ab\u2009d\u2019une gravit\u00e9 suffisante pour justifier son licenciement\u2009\u00bb.<\/p>\n<p class=\" wall-content\">Certes, un \u00ab\u2009pr\u00e9c\u00e9dent avertissement\u2009\u00bb avait \u00e9t\u00e9 \u00ab\u2009pris \u00e0 son encontre le 11\u00a0f\u00e9vrier 2020\u2009\u00bb, mais l\u2019int\u00e9ress\u00e9e \u00e9tait \u00ab\u2009pr\u00e9sente au sein de cette structure depuis vingt-quatre ans\u2009\u00bb. Le tribunal administratif de Cergy-Pontoise a donc d\u00e9savou\u00e9 la clinique.<\/p>\n<p class=\" wall-content\"><strong>\/MJ et GF (PressPepper)<\/strong><\/p>\n<p class=\" wall-content\">Personnalisez votre actualit\u00e9 en ajoutant vos villes et m\u00e9dias en favori avec <a href=\"https:\/\/moncompte.actu.fr\" title=\"D\u00e9couvez Mon Actu\" rel=\"nofollow noopener\" data-trk=\"{&quot;cta&quot;:{&quot;action&quot;:&quot;https:\\\/\\\/moncompte.actu.fr&quot;,&quot;category&quot;:&quot;mon compte&quot;,&quot;from&quot;:&quot;article footer&quot;,&quot;name&quot;:&quot;Mon actu&quot;,&quot;type&quot;:&quot;cta&quot;}}\" target=\"_blank\">Mon Actu<\/a>.<\/p>\n","protected":false},"excerpt":{"rendered":"Par R\u00e9daction Hauts-de-Seine Publi\u00e9 le 2 nov. 2025 \u00e0 7h14 Yasmina X. a \u00e9t\u00e9 engag\u00e9e par la clinique&hellip;\n","protected":false},"author":2,"featured_media":506529,"comment_status":"","ping_status":"","sticky":false,"template":"","format":"standard","meta":{"footnotes":""},"categories":[1888],"tags":[11,1777,674,118,1011,27,303,12,626,25,3427],"class_list":{"0":"post-506528","1":"post","2":"type-post","3":"status-publish","4":"format-standard","5":"has-post-thumbnail","7":"category-paris","8":"tag-actualites","9":"tag-eu","10":"tag-europe","11":"tag-faits-divers","12":"tag-fr","13":"tag-france","14":"tag-justice","15":"tag-news","16":"tag-paris","17":"tag-republique-francaise","18":"tag-syndicats"},"share_on_mastodon":{"url":"https:\/\/pubeurope.com\/@fr\/115479612325449585","error":""},"_links":{"self":[{"href":"https:\/\/www.europesays.com\/fr\/wp-json\/wp\/v2\/posts\/506528","targetHints":{"allow":["GET"]}}],"collection":[{"href":"https:\/\/www.europesays.com\/fr\/wp-json\/wp\/v2\/posts"}],"about":[{"href":"https:\/\/www.europesays.com\/fr\/wp-json\/wp\/v2\/types\/post"}],"author":[{"embeddable":true,"href":"https:\/\/www.europesays.com\/fr\/wp-json\/wp\/v2\/users\/2"}],"replies":[{"embeddable":true,"href":"https:\/\/www.europesays.com\/fr\/wp-json\/wp\/v2\/comments?post=506528"}],"version-history":[{"count":0,"href":"https:\/\/www.europesays.com\/fr\/wp-json\/wp\/v2\/posts\/506528\/revisions"}],"wp:featuredmedia":[{"embeddable":true,"href":"https:\/\/www.europesays.com\/fr\/wp-json\/wp\/v2\/media\/506529"}],"wp:attachment":[{"href":"https:\/\/www.europesays.com\/fr\/wp-json\/wp\/v2\/media?parent=506528"}],"wp:term":[{"taxonomy":"category","embeddable":true,"href":"https:\/\/www.europesays.com\/fr\/wp-json\/wp\/v2\/categories?post=506528"},{"taxonomy":"post_tag","embeddable":true,"href":"https:\/\/www.europesays.com\/fr\/wp-json\/wp\/v2\/tags?post=506528"}],"curies":[{"name":"wp","href":"https:\/\/api.w.org\/{rel}","templated":true}]}}