{"id":506530,"date":"2025-11-02T10:23:16","date_gmt":"2025-11-02T10:23:16","guid":{"rendered":"https:\/\/www.europesays.com\/fr\/506530\/"},"modified":"2025-11-02T10:23:16","modified_gmt":"2025-11-02T10:23:16","slug":"a-paris-le-bhv-annonce-une-sacree-operation-commerciale-pour-larrivee-de-la-marque-chinoise-polemique-shein","status":"publish","type":"post","link":"https:\/\/www.europesays.com\/fr\/506530\/","title":{"rendered":"\u00c0 Paris, le BHV annonce une sacr\u00e9e op\u00e9ration commerciale pour l&rsquo;arriv\u00e9e de la marque chinoise pol\u00e9mique Shein"},"content":{"rendered":"<p>            Par<br \/>\n        <strong><br \/>\n            <a href=\"https:\/\/actu.fr\/auteur\/glenn-gillet\" title=\"Consulter tous les articles de Glenn Gillet\" target=\"_blank\" rel=\"noopener\">Glenn Gillet<\/a><br \/>\n        <\/strong><\/p>\n<p>        Publi\u00e9 le<\/p>\n<p>            2 nov. 2025 \u00e0 9h44        <\/p>\n<p>J-3 avant <strong>l\u2019arriv\u00e9e officielle<\/strong> du g\u00e9ant chinois de la fast-fashion <a href=\"https:\/\/actu.fr\/ile-de-france\/paris_75056\/polemique-shein-au-bhv-disneyland-paris-renonce-a-l-installation-de-sa-boutique-de-noel_63345813.html\" target=\"_blank\" rel=\"noopener\">Shein au BHV Marais<\/a>, en plein c\u0153ur de Paris. Difficile de rater cette date du mercredi 5\u00a0novembre 2025, <a href=\"https:\/\/actu.fr\/ile-de-france\/paris_75056\/shein-au-bhv-on-connait-la-date-et-l-heure-d-ouverture-du-premier-magasin-du-geant-de-la-fast-fashion-a-paris_63376245.html\" target=\"_blank\" rel=\"noopener\">annonc\u00e9e en grande pompe<\/a> et d\u00e9sormais placard\u00e9e en noir et blanc (les couleurs de Shein) depuis ce samedi partout sur la devanture du grand magasin du 4e arrondissement. Au-dessus de l\u2019une des entr\u00e9es tr\u00f4ne m\u00eame une photo de dix m\u00e8tres sur laquelle on voit <strong>tout sourire<\/strong> Fr\u00e9d\u00e9ric Merlin, patron controvers\u00e9 de la Soci\u00e9t\u00e9 des grands magasins (SGM), propri\u00e9taire de l\u2019enseigne <a href=\"https:\/\/actu.fr\/tag\/bhv\" target=\"_blank\" rel=\"noopener\">BHV<\/a>, et Donald Tang, pr\u00e9sident ex\u00e9cutif de le marque chinoise. Au-dessus de la photo, on peut lire\u2009: \u00ab\u2009L\u2019affiche qu\u2019on n\u2019aurait pas d\u00fb faire\u2009\u00bb. Mais au-del\u00e0 de la communication provocatrice, c\u2019est une autre <strong>annonce sur le plan commercial<\/strong> qui pourrait attirer les clients mercredi prochain.<\/p>\n<p>\u00ab\u2009Ton montant d\u2019achat Shein =\u00a0Le m\u00eame montant au BHV\u2009\u00bb<\/p>\n<p class=\" wall-content\">\u00ab\u2009Uniquement le 5\u00a0octobre\u2009! Ton montant d\u2019achat Shein =\u00a0Le m\u00eame montant au BHV\u2009\u00bb, promet ainsi le grand magasin, annonce le m\u00e9dia sp\u00e9cialis\u00e9 <a href=\"https:\/\/www.lsa-conso.fr\/shein-au-bhv-les-patrons-des-deux-entreprises-s-affichent-sur-la-facade-du-grand-magasin,463072?utm_source=newsletter&amp;utm_medium=email&amp;utm_campaign=lsa_flash&amp;email=2043356118&amp;idbdd=56450&amp;src_email_send_date=2025-11-01\" target=\"_blank\" rel=\"noopener\">LSA<\/a>. S\u2019il est encore difficile de conna\u00eetre l\u2019affluence donc b\u00e9n\u00e9ficiera le \u00ab\u2009corner\u2009\u00bb de 1\u2009200\u00a0m\u00e8tres carr\u00e9s qu\u2019occupera Shein dans quelques jours, cette offre pourrait attirer quelques clients suppl\u00e9mentaires.<\/p>\n<p class=\" wall-content\">\n<p class=\" wall-content\">Le premier point de vente physique de long terme de Shein dans le monde ouvrira \u00e0 13\u00a0heures le 5\u00a0novembre, avait annonc\u00e9 vendredi\u00a0Fr\u00e9d\u00e9ric Merlin sur Instagram, un mois apr\u00e8s l\u2019officialisation du partenariat entre l\u2019institution commerciale parisienne et la marque chinoise.<\/p>\n<p class=\" wall-content\">Une collaboration qui a occasionn\u00e9 une intense pol\u00e9mique et une franche opposition d\u2019un certain nombre d\u2019acteurs\u2009: gouvernement, mairie de Paris, f\u00e9d\u00e9rations commer\u00e7antes, intersyndicale du BHV, marques partenaires\u2026 Une p\u00e9tition demandant l\u2019annulation du projet a m\u00eame recueilli 110\u2009000 signataires. Shein est en effet critiqu\u00e9e pour le mod\u00e8le de mode ultra-\u00e9ph\u00e9m\u00e8re qu\u2019il a mis en place, dont le co\u00fbt environnemental est \u00e9norme. Son mod\u00e8le social et lui aussi d\u00e9cri\u00e9\u2009: certaines des conditions de travail des employ\u00e9s chinois, notamment le nombre d\u2019heures travaill\u00e9es, sont ill\u00e9gales dans le pays.<\/p>\n<p class=\" wall-content\">En France, Shein est vis\u00e9 par une proposition de loi visant \u00e0 contrer l\u2019essor de l\u2019ultra fast-fashion. Rien qu\u2019en 2025, l\u2019entreprise a \u00e9t\u00e9 condamn\u00e9e \u00e0 trois amendes pour un total de 191\u00a0millions d\u2019euros, non-respect de la l\u00e9gislation sur les cookies en ligne, fausses promotions, informations trompeuses, et pour ne pas avoir d\u00e9clar\u00e9 la pr\u00e9sence de microfibres plastiques dans ses produits. Par ailleurs, la r\u00e9pression des fraudes (DGCCRF) a annonc\u00e9 samedi 1er\u00a0novembre avoir alert\u00e9 le parquet de Paris apr\u00e8s avoir <a href=\"https:\/\/actu.fr\/societe\/shein-vend-des-poupees-sexuelles-pedopornographiques-le-procureur-de-la-republique-saisi_63382998.html\" target=\"_blank\" rel=\"noopener\">d\u00e9couvert la vente, sur le site de Shein, de poup\u00e9es sexuelles en forme de fillette<\/a>.<\/p>\n<p class=\" wall-content\">Personnalisez votre actualit\u00e9 en ajoutant vos villes et m\u00e9dias en favori avec <a href=\"https:\/\/moncompte.actu.fr\" title=\"D\u00e9couvez Mon Actu\" rel=\"nofollow noopener\" data-trk=\"{&quot;cta&quot;:{&quot;action&quot;:&quot;https:\\\/\\\/moncompte.actu.fr&quot;,&quot;category&quot;:&quot;mon compte&quot;,&quot;from&quot;:&quot;article footer&quot;,&quot;name&quot;:&quot;Mon actu&quot;,&quot;type&quot;:&quot;cta&quot;}}\" target=\"_blank\">Mon Actu<\/a>.<\/p>\n","protected":false},"excerpt":{"rendered":"Par Glenn Gillet Publi\u00e9 le 2 nov. 2025 \u00e0 9h44 J-3 avant l\u2019arriv\u00e9e officielle du g\u00e9ant chinois de&hellip;\n","protected":false},"author":2,"featured_media":506531,"comment_status":"","ping_status":"","sticky":false,"template":"","format":"standard","meta":{"footnotes":""},"categories":[1888],"tags":[11,4753,215,130,1777,674,1011,27,12,626,25,104],"class_list":{"0":"post-506530","1":"post","2":"type-post","3":"status-publish","4":"format-standard","5":"has-post-thumbnail","7":"category-paris","8":"tag-actualites","9":"tag-bhv","10":"tag-commerce","11":"tag-consommation","12":"tag-eu","13":"tag-europe","14":"tag-fr","15":"tag-france","16":"tag-news","17":"tag-paris","18":"tag-republique-francaise","19":"tag-societe"},"share_on_mastodon":{"url":"https:\/\/pubeurope.com\/@fr\/115479616214519799","error":""},"_links":{"self":[{"href":"https:\/\/www.europesays.com\/fr\/wp-json\/wp\/v2\/posts\/506530","targetHints":{"allow":["GET"]}}],"collection":[{"href":"https:\/\/www.europesays.com\/fr\/wp-json\/wp\/v2\/posts"}],"about":[{"href":"https:\/\/www.europesays.com\/fr\/wp-json\/wp\/v2\/types\/post"}],"author":[{"embeddable":true,"href":"https:\/\/www.europesays.com\/fr\/wp-json\/wp\/v2\/users\/2"}],"replies":[{"embeddable":true,"href":"https:\/\/www.europesays.com\/fr\/wp-json\/wp\/v2\/comments?post=506530"}],"version-history":[{"count":0,"href":"https:\/\/www.europesays.com\/fr\/wp-json\/wp\/v2\/posts\/506530\/revisions"}],"wp:featuredmedia":[{"embeddable":true,"href":"https:\/\/www.europesays.com\/fr\/wp-json\/wp\/v2\/media\/506531"}],"wp:attachment":[{"href":"https:\/\/www.europesays.com\/fr\/wp-json\/wp\/v2\/media?parent=506530"}],"wp:term":[{"taxonomy":"category","embeddable":true,"href":"https:\/\/www.europesays.com\/fr\/wp-json\/wp\/v2\/categories?post=506530"},{"taxonomy":"post_tag","embeddable":true,"href":"https:\/\/www.europesays.com\/fr\/wp-json\/wp\/v2\/tags?post=506530"}],"curies":[{"name":"wp","href":"https:\/\/api.w.org\/{rel}","templated":true}]}}