{"id":506534,"date":"2025-11-02T10:25:15","date_gmt":"2025-11-02T10:25:15","guid":{"rendered":"https:\/\/www.europesays.com\/fr\/506534\/"},"modified":"2025-11-02T10:25:15","modified_gmt":"2025-11-02T10:25:15","slug":"au-moins-treize-morts-dans-les-frappes-russes-en-ukraine-infrastructures-civiles-visees","status":"publish","type":"post","link":"https:\/\/www.europesays.com\/fr\/506534\/","title":{"rendered":"Au moins treize morts dans les frappes russes en Ukraine, infrastructures civiles vis\u00e9es"},"content":{"rendered":"<p>\n  Par&amp;nbsp<b>euronews en russe, Serge Duch\u00eane<\/b>&amp;nbspavec&amp;nbsp<b>AP<\/b>\n<\/p>\n<p>\n         Publi\u00e9 le<br \/>\n            02\/11\/2025 &#8211; 11:02 UTC+1\n            <\/p>\n<p>Au moins <strong>deux personnes ont \u00e9t\u00e9 tu\u00e9es<\/strong> dimanche lors d&rsquo;une attaque de drone russe dans la r\u00e9gion d&rsquo;Odessa, dans le sud-ouest de l&rsquo;Ukraine. Les <a href=\"https:\/\/t.me\/odeskaODA\/12097\" target=\"_blank\" rel=\"noreferrer\">autorit\u00e9s locales ont d\u00e9clar\u00e9 que<\/a> cinq camions avaient pris feu lors de l&rsquo;attaque, qui visait un parking sur la c\u00f4te de la mer Noire. Selon le chef de l&rsquo;administration r\u00e9gionale, Oleh Kiper, la Russie avait utilis\u00e9 des drones Shahed pour frapper des cibles civiles sans importance militaire. Trois personnes ont \u00e9t\u00e9 bless\u00e9es, dont l&rsquo;une a \u00e9t\u00e9 transport\u00e9e \u00e0 l&rsquo;h\u00f4pital pour des br\u00fblures.<\/p>\n<p>Au total, la Russie a attaqu\u00e9 des r\u00e9gions ukrainiennes avec 79 drones et deux missiles balistiques Iskander-M dans la nuit du 2 novembre, <a href=\"https:\/\/t.me\/kpszsu\/46250\" target=\"_blank\" rel=\"noreferrer\">selon l&rsquo;arm\u00e9e de l&rsquo;air<\/a>. 67 des drones ont \u00e9t\u00e9 abattus ou supprim\u00e9s.<\/p>\n<p>Entre-temps, le nombre de victimes de l&rsquo;attaque russe sur le district Samarovsky de la r\u00e9gion de Dnipropetrovsk a augment\u00e9. Comme l&rsquo;ont indiqu\u00e9 les autorit\u00e9s locales, un magasin et des maisons d&rsquo;habitation ont \u00e9t\u00e9 endommag\u00e9s, <strong>4 personnes ont \u00e9t\u00e9 tu\u00e9es, dont des enfants \u00e2g\u00e9s de 14 et 11 ans<\/strong>.<\/p>\n<p>Encore <strong>sept morts<\/strong> ont \u00e9t\u00e9 recens\u00e9s dans les frappes russes sur les villes ukrainiennes la veille, le 1er novembre dans les r\u00e9gions de <a href=\"https:\/\/t.me\/VadymFilashkin\/12062\" target=\"_blank\" rel=\"noreferrer\">Donetsk<\/a>, <a href=\"https:\/\/t.me\/khersonskaODA\/44578\" target=\"_blank\" rel=\"noreferrer\">Kherson <\/a>et <a href=\"https:\/\/t.me\/synegubov\/18061\" target=\"_blank\" rel=\"noreferrer\">Kharkiv<\/a>, o\u00f9 les autorit\u00e9s indiquent que l&rsquo;arm\u00e9e russe a frapp\u00e9 des infrastructures essentielles et des zones r\u00e9sidentielles.<\/p>\n<p>Le syst\u00e8me \u00e9nerg\u00e9tique ukrainien r\u00e9guli\u00e8rement cibl\u00e9<\/p>\n<p>Les frappes sur la r\u00e9gion ukrainienne de Zaporijjia, situ\u00e9e sur la ligne de front, ont priv\u00e9 des dizaines de milliers de personnes d&rsquo;\u00e9lectricit\u00e9. Ivan Fedorov, chef de l&rsquo;administration r\u00e9gionale, a d\u00e9clar\u00e9 que pr\u00e8s de 60 000 personnes avaient subi des coupures de courant et que deux personnes avaient \u00e9t\u00e9 bless\u00e9es.<\/p>\n<p>\u00c0 la suite des attaques contre le syst\u00e8me \u00e9nerg\u00e9tique ukrainien, des coupures de courant en \u00e9ventail ont \u00e9t\u00e9 mises en place dans plusieurs r\u00e9gions dimanche, a d\u00e9clar\u00e9 la compagnie nationale d&rsquo;\u00e9nergie Ukrenergo. La <strong>Russie a ainsi poursuivi sa campagne contre l&rsquo;infrastructure \u00e9nerg\u00e9tique de l&rsquo;Ukraine<\/strong> \u00e0 l&rsquo;approche des grands froids de l&rsquo;hiver.<\/p>\n<p>Les villes ukrainiennes utilisent des infrastructures centralis\u00e9es pour l&rsquo;approvisionnement en eau, l&rsquo;\u00e9vacuation des eaux us\u00e9es et le chauffage, et les coupures d&rsquo;\u00e9lectricit\u00e9 paralysent leurs activit\u00e9s.<\/p>\n<p>Les attaques visent \u00e0 saper le moral des Ukrainiens et \u00e0 perturber la production d&rsquo;armes et d&rsquo;autres aspects de r\u00e9sistance \u00e0 l&rsquo;invasion russe de grande envergure.<\/p>\n<p>L&rsquo;efficacit\u00e9 des frappes s&rsquo;est accrue r\u00e9cemment, car la Russie lance des centaines de drones, dont certains sont \u00e9quip\u00e9s de cam\u00e9ras qui am\u00e9liorent le ciblage, submergeant les syst\u00e8mes de d\u00e9fense a\u00e9rienne, en particulier dans les r\u00e9gions o\u00f9 les d\u00e9fenses sont plus faibles.<\/p>\n<p>Incendie dans le port russe de Touaps\u00e9<\/p>\n<p>Dans la nuit de dimanche \u00e0 lundi, les drones ukrainiens ont attaqu\u00e9 le port russe de Tuapse, situ\u00e9 sur la mer Noire. Des d\u00e9bris sont tomb\u00e9s sur un p\u00e9trolier, endommageant la superstructure du pont, et un incendie s&rsquo;est d\u00e9clar\u00e9 sur le navire, a d\u00e9clar\u00e9 l&rsquo;administration de la r\u00e9gion de Krasnodar.<\/p>\n<p><a href=\"https:\/\/www.reuters.com\/world\/europe\/ukrainian-drone-attack-damages-russias-tuapse-port-sparks-fire-russia-says-2025-11-01\/\" target=\"_blank\" rel=\"noreferrer noopener\">Comme le rappelle Reuters<\/a>, le port abrite le terminal p\u00e9trolier et la raffinerie de la mer Noire de Touaps\u00e9, contr\u00f4l\u00e9s par Rosneft, qui ont d\u00e9j\u00e0 \u00e9t\u00e9 attaqu\u00e9s \u00e0 plusieurs reprises cette ann\u00e9e par des drones ukrainiens.<\/p>\n<p>Sur Telegram, des cha\u00eenes d&rsquo;information russes et ukrainiennes non-officielles ont publi\u00e9 des images cens\u00e9s montrer le terminal et le p\u00e9trolier en flammes, et plusieurs incendies ont \u00e9t\u00e9 signal\u00e9s dans les environs du port.<\/p>\n<p>Le minist\u00e8re russe de la D\u00e9fense a indiqu\u00e9 que, durant la nuit, les syst\u00e8mes de d\u00e9fense a\u00e9rienne russes ont d\u00e9truit et intercept\u00e9 164 drones ukrainiens, dont 39 au-dessus de la mer Noire et 32 \u200b\u200bau-dessus du territoire de la r\u00e9gion de Krasnodar.<\/p>\n<p>Ces derniers mois, l&rsquo;Ukraine a intensifi\u00e9<a href=\"https:\/\/fr.euronews.com\/2025\/09\/19\/lukraine-a-fait-mouche-en-frappant-lindustrie-petroliere-russe-selon-un-economiste\" target=\"_blank\" rel=\"noopener\"> <strong>ses frappes sur les raffineries, les entrep\u00f4ts et les ol\u00e9oducs russes<\/strong><\/a> afin de limiter l&rsquo;approvisionnement en carburant et de perturber la logistique militaire. <\/p>\n<p>Sources additionnelles<strong> \u2022 Ukra\u00efnska Pravda, Meduza<\/strong><\/p>\n","protected":false},"excerpt":{"rendered":"Par&amp;nbspeuronews en russe, Serge Duch\u00eane&amp;nbspavec&amp;nbspAP Publi\u00e9 le 02\/11\/2025 &#8211; 11:02 UTC+1 Au moins deux personnes ont \u00e9t\u00e9 tu\u00e9es&hellip;\n","protected":false},"author":2,"featured_media":506535,"comment_status":"","ping_status":"","sticky":false,"template":"","format":"standard","meta":{"footnotes":""},"categories":[1590],"tags":[11,1777,674,131,2025,62815,12,23851,132,220],"class_list":{"0":"post-506534","1":"post","2":"type-post","3":"status-publish","4":"format-standard","5":"has-post-thumbnail","7":"category-ukraine","8":"tag-actualites","9":"tag-eu","10":"tag-europe","11":"tag-guerre-en-ukraine","12":"tag-invasion-de-la-russie-en-ukraine","13":"tag-navire-petrolier","14":"tag-news","15":"tag-odessa","16":"tag-russie","17":"tag-ukraine"},"share_on_mastodon":{"url":"https:\/\/pubeurope.com\/@fr\/115479624104448545","error":""},"_links":{"self":[{"href":"https:\/\/www.europesays.com\/fr\/wp-json\/wp\/v2\/posts\/506534","targetHints":{"allow":["GET"]}}],"collection":[{"href":"https:\/\/www.europesays.com\/fr\/wp-json\/wp\/v2\/posts"}],"about":[{"href":"https:\/\/www.europesays.com\/fr\/wp-json\/wp\/v2\/types\/post"}],"author":[{"embeddable":true,"href":"https:\/\/www.europesays.com\/fr\/wp-json\/wp\/v2\/users\/2"}],"replies":[{"embeddable":true,"href":"https:\/\/www.europesays.com\/fr\/wp-json\/wp\/v2\/comments?post=506534"}],"version-history":[{"count":0,"href":"https:\/\/www.europesays.com\/fr\/wp-json\/wp\/v2\/posts\/506534\/revisions"}],"wp:featuredmedia":[{"embeddable":true,"href":"https:\/\/www.europesays.com\/fr\/wp-json\/wp\/v2\/media\/506535"}],"wp:attachment":[{"href":"https:\/\/www.europesays.com\/fr\/wp-json\/wp\/v2\/media?parent=506534"}],"wp:term":[{"taxonomy":"category","embeddable":true,"href":"https:\/\/www.europesays.com\/fr\/wp-json\/wp\/v2\/categories?post=506534"},{"taxonomy":"post_tag","embeddable":true,"href":"https:\/\/www.europesays.com\/fr\/wp-json\/wp\/v2\/tags?post=506534"}],"curies":[{"name":"wp","href":"https:\/\/api.w.org\/{rel}","templated":true}]}}