{"id":506536,"date":"2025-11-02T10:26:19","date_gmt":"2025-11-02T10:26:19","guid":{"rendered":"https:\/\/www.europesays.com\/fr\/506536\/"},"modified":"2025-11-02T10:26:19","modified_gmt":"2025-11-02T10:26:19","slug":"les-etats-unis-menent-une-nouvelle-frappe-contre-un-bateau-cense-abriter-des-narcotrafiquants-dans-les-caraibes","status":"publish","type":"post","link":"https:\/\/www.europesays.com\/fr\/506536\/","title":{"rendered":"Les Etats-Unis m\u00e8nent une nouvelle frappe contre un bateau cens\u00e9 abriter des narcotrafiquants dans les Cara\u00efbes"},"content":{"rendered":"\n<p class=\"c-chapo \">\n  Cette attaque porte \u00e0 au moins 65 morts le bilan de ces frappes a\u00e9riennes ordonn\u00e9es par l&rsquo;administration de Donald Trump au nom de la lutte contre l&rsquo;afflux de drogue aux Etats-Unis.\n<\/p>\n<p>      lire plus tard<\/p>\n<p id=\"dialog__title\" class=\"dialog__title\">Pour sauvegarder cet article, connectez-vous ou cr\u00e9ez un compte franceinfo<\/p>\n<p class=\"dialog__description\">Sans paiement. Sans abonnement.<\/p>\n<p>        Fermer la fen\u00eatre d\u2019activation des notifications France Info<\/p>\n<p>      cr\u00e9er votre compte<\/p>\n<p>      se connecter<\/p>\n<p>        Fermer la fen\u00eatre de pr\u00e9sentation<\/p>\n<p>    <img loading=\"lazy\" decoding=\"async\" class=\"signature__image lazyload\" width=\"100\" height=\"100\" data- alt=\"\" src=\"https:\/\/www.europesays.com\/fr\/wp-content\/uploads\/2025\/05\/64a68815cd1a7_placeholder-36b69ec8.png\"\/><\/p>\n<p>    Publi\u00e9 le 02\/11\/2025 11:00<\/p>\n<p>        Temps de lecture : 1min<\/p>\n<p>    <img decoding=\"async\"  alt=\"Capture d'\u00e9cran d'une vid\u00e9o publi\u00e9e par Donald Trump sur Social Truth, le 15 septembre 2025, montrant une frappe am\u00e9ricaine contre un bateau cens\u00e9 abriter des narcotrafiquants en mer des Cara\u00efbes. (AFP)\" width=\"432\" height=\"243\" src=\"https:\/\/www.europesays.com\/fr\/wp-content\/uploads\/2025\/11\/000-74up2ke-69072a8a0b970004472158.jpg\" fetchpriority=\"high\"\/><\/p>\n<p>      Capture d&rsquo;\u00e9cran d&rsquo;une vid\u00e9o publi\u00e9e par Donald Trump sur Social Truth, le 15 septembre 2025, montrant une frappe am\u00e9ricaine contre un bateau cens\u00e9 abriter des narcotrafiquants en mer des Cara\u00efbes. (AFP)<\/p>\n<p>Les trois occupants ont \u00e9t\u00e9 tu\u00e9s. Les Etats-Unis ont annonc\u00e9 avoir men\u00e9, samedi 1er novembre, une nouvelle frappe contre un bateau cens\u00e9 abriter des narcotrafiquants dans les Cara\u00efbes. \u00ab\u00a0Ce navire, comme TOUS LES AUTRES, \u00e9tait connu de nos services de renseignement pour \u00eatre impliqu\u00e9 dans le trafic illicite de stup\u00e9fiants, il transitait sur une route connue pour le trafic de drogue et transportait des stup\u00e9fiants\u00a0\u00bb, a d\u00e9clar\u00e9 le ministre de la D\u00e9fense Pete Hegseth, <a href=\"https:\/\/x.com\/SecWar\/status\/1984816590940987802\" target=\"_blank\" rel=\"noopener nofollow\">sur le r\u00e9seau social X<\/a>.<\/p>\n<p>Il a assur\u00e9 que Washington comptait \u00ab\u00a0continuer \u00e0 traquer (&#8230;) et tuer\u00a0\u00bb les narcotrafiquants qui seront \u00ab\u00a0trait\u00e9s comme l&rsquo;a \u00e9t\u00e9 (le groupe jihadiste) Al-Qa\u00efda\u00a0\u00bb. Cette attaque porte \u00e0 au moins 65 morts le bilan de ces frappes a\u00e9riennes ordonn\u00e9es par l&rsquo;administration de Donald Trump au nom de la lutte contre l&rsquo;afflux de drogue aux Etats-Unis.<\/p>\n<p><a href=\"https:\/\/la1ere.franceinfo.fr\/martinique\/les-etats-unis-se-sont-affranchis-des-regles-du-droit-international-paris-exprime-ses-inquietudes-face-aux-operations-americaines-dans-les-caraibes-1638220.html\" rel=\"nofollow noopener\" target=\"_blank\">Des critiques s&rsquo;\u00e9l\u00e8vent<\/a> concernant la l\u00e9galit\u00e9 de ces op\u00e9rations \u00e0 l&rsquo;origine <a href=\"https:\/\/www.franceinfo.fr\/monde\/venezuela\/le-venezuela-assure-avoir-dejoue-un-complot-d-une-cellule-criminelle-financee-par-la-cia-en-vue-de-justifier-une-attaque-americaine_7579171.html\" rel=\"nofollow noopener\" target=\"_blank\">d&rsquo;une crise avec le Venezuela<\/a>. Des experts ont remis en question la l\u00e9galit\u00e9 des frappes dans des eaux \u00e9trang\u00e8res ou internationales, contre des suspects qui n&rsquo;ont pas \u00e9t\u00e9 intercept\u00e9s ou interrog\u00e9s. Le Haut-Commissaire de l&rsquo;ONU aux droits de l&rsquo;Homme, Volker T\u00fcrk, a appel\u00e9 vendredi les Etats-Unis \u00e0 cesser ces op\u00e9rations, d\u00e9non\u00e7ant des \u00ab\u00a0ex\u00e9cutions extrajudiciaires\u00a0\u00bb et r\u00e9clamant des enqu\u00eates \u00ab\u00a0rapides, ind\u00e9pendantes et transparentes\u00a0\u00bb.<\/p>\n","protected":false},"excerpt":{"rendered":"Cette attaque porte \u00e0 au moins 65 morts le bilan de ces frappes a\u00e9riennes ordonn\u00e9es par l&rsquo;administration de&hellip;\n","protected":false},"author":2,"featured_media":506537,"comment_status":"","ping_status":"","sticky":false,"template":"","format":"standard","meta":{"footnotes":""},"categories":[1589],"tags":[11,73,1866,12,1864,1865,1863,308],"class_list":{"0":"post-506536","1":"post","2":"type-post","3":"status-publish","4":"format-standard","5":"has-post-thumbnail","7":"category-etats-unis","8":"tag-actualites","9":"tag-etats-unis","10":"tag-etats-unis-damerique","11":"tag-news","12":"tag-united-states","13":"tag-united-states-of-america","14":"tag-us","15":"tag-usa"},"share_on_mastodon":{"url":"https:\/\/pubeurope.com\/@fr\/115479629047587460","error":""},"_links":{"self":[{"href":"https:\/\/www.europesays.com\/fr\/wp-json\/wp\/v2\/posts\/506536","targetHints":{"allow":["GET"]}}],"collection":[{"href":"https:\/\/www.europesays.com\/fr\/wp-json\/wp\/v2\/posts"}],"about":[{"href":"https:\/\/www.europesays.com\/fr\/wp-json\/wp\/v2\/types\/post"}],"author":[{"embeddable":true,"href":"https:\/\/www.europesays.com\/fr\/wp-json\/wp\/v2\/users\/2"}],"replies":[{"embeddable":true,"href":"https:\/\/www.europesays.com\/fr\/wp-json\/wp\/v2\/comments?post=506536"}],"version-history":[{"count":0,"href":"https:\/\/www.europesays.com\/fr\/wp-json\/wp\/v2\/posts\/506536\/revisions"}],"wp:featuredmedia":[{"embeddable":true,"href":"https:\/\/www.europesays.com\/fr\/wp-json\/wp\/v2\/media\/506537"}],"wp:attachment":[{"href":"https:\/\/www.europesays.com\/fr\/wp-json\/wp\/v2\/media?parent=506536"}],"wp:term":[{"taxonomy":"category","embeddable":true,"href":"https:\/\/www.europesays.com\/fr\/wp-json\/wp\/v2\/categories?post=506536"},{"taxonomy":"post_tag","embeddable":true,"href":"https:\/\/www.europesays.com\/fr\/wp-json\/wp\/v2\/tags?post=506536"}],"curies":[{"name":"wp","href":"https:\/\/api.w.org\/{rel}","templated":true}]}}