{"id":506542,"date":"2025-11-02T10:29:17","date_gmt":"2025-11-02T10:29:17","guid":{"rendered":"https:\/\/www.europesays.com\/fr\/506542\/"},"modified":"2025-11-02T10:29:17","modified_gmt":"2025-11-02T10:29:17","slug":"seiko-prospex-speedtimer-chronographe-solaire-edition-limitee-europe","status":"publish","type":"post","link":"https:\/\/www.europesays.com\/fr\/506542\/","title":{"rendered":"Seiko Prospex Speedtimer Chronographe Solaire Edition Limit\u00e9e Europe"},"content":{"rendered":"<p><strong>Seiko vient de d\u00e9voiler une nouvelle \u00e9dition de son chronographe solaire Prospex Speedtimer r\u00e9serv\u00e9e au march\u00e9 europ\u00e9en. Une montre de pilote \u00e9l\u00e9gante et sportive inspir\u00e9e par l\u2019a<\/strong><strong>utomobile classique qui s\u00e9duira tous les gentlemen drivers. Edition limit\u00e9e \u00e0 2700 exemplaires. Comptez 860 euros.<\/strong><\/p>\n<p><strong><a href=\"https:\/\/www.automotivpress.fr\/conseils\/seiko\/\" target=\"_blank\" rel=\"noopener\">Seiko<\/a><\/strong> a lanc\u00e9 en 2021 la <strong>Speedtimer<\/strong>, une r\u00e9\u00e9dition de son l\u00e9gendaire chronographe automatique de 1969, le tout premier au monde dot\u00e9 d\u2019une roue \u00e0 colonnes et d\u2019un embrayage vertical. Pour m\u00e9moire, \u00ab\u00a0Prospex\u00a0\u00bb est l\u2019acronyme de <strong>\u00ab Professionnel \u00bb et \u00ab Sp\u00e9cifications \u00bb. <\/strong><\/p>\n<p>Apr\u00e8s le <strong><a href=\"https:\/\/www.automotivpress.fr\/seiko-prospex-speedtimer-edition-limitee-europe-car-design-bleu-vintage-des-voitures-classiques\/\" target=\"_blank\" rel=\"noopener\">Prospex Speedtimer Edition Limit\u00e9e Europe \u00ab Car Design \u00bb (lire notre article ici)<\/a><\/strong>, une \u00e9dition limit\u00e9e qui avait rencontr\u00e9 un beau succ\u00e8s en 2023, Seiko vient de d\u00e9voiler le <strong>Prospex Speedtimer Chronographe Solaire Edition Limit\u00e9e Europe <\/strong><strong>SSC959P1<\/strong>, une nouvelle \u00e9dition limit\u00e9e inspir\u00e9e par l\u2019automobile classique et con\u00e7ue pour l\u2019Europe.<\/p>\n<p><img loading=\"lazy\" decoding=\"async\" class=\"aligncenter size-full wp-image-91697\" src=\"https:\/\/www.europesays.com\/fr\/wp-content\/uploads\/2025\/11\/SEIKO-Prospex-Speedtimer-Chrono-SSC959P1-1.jpg\" alt=\"Seiko Prospex Speedtimer Chronographe Solaire Edition Limit\u00e9e Europe\" width=\"1200\" height=\"801\"  \/><\/p>\n<p>Il se distingue par son cadran beige satin\u00e9 pourvu de trois compteurs noirs. Un style \u00e0 la fois \u00e9l\u00e9gant et sportif qui n\u2019est pas sans rappeler les cadrans \u00ab\u00a0Panda\u00a0\u00bb des chronos de pilotes de course des ann\u00e9es 1960 et qui favorise une parfaite lisibilit\u00e9 de l\u2019affichage. Les aiguilles des heures et minutes sont luminescentes comme les quatre index cardinaux permettant de lire l\u2019heure dans l\u2019obscurit\u00e9. La fonction chronographe pr\u00e9cise au 1\/5e seconde s\u2019affiche avec l\u2019aiguille centrale des secondes et le totalisateur des minutes \u00e0 6 heures (qui permet de voir \u00e9galement l\u2019\u00e9tat de la r\u00e9serve de marche). Elle est compl\u00e9t\u00e9e par un indicateur 24 heures \u00e0 3 heures, la petite secondes \u00e0 9 heures et un guichet de date.<\/p>\n<p><img loading=\"lazy\" decoding=\"async\" class=\"aligncenter size-full wp-image-91696\" src=\"https:\/\/www.europesays.com\/fr\/wp-content\/uploads\/2025\/11\/SEIKO-Prospex-Speedtimer-Chrono-SSC959P1-2.jpg\" alt=\"Seiko Prospex Speedtimer Chronographe Solaire Edition Limit\u00e9e Europe\" width=\"1200\" height=\"800\"  \/><\/p>\n<p>Son design vintage est marqu\u00e9 par son bo\u00eetier dynamique en acier inoxydable de 39 mm (\u00e9tanche \u00e0 100 m), sa lunette en acier grav\u00e9e d\u2019une \u00e9chelle tachym\u00e9trique qui permet de mesurer une vitesse et un verre saphir bomb\u00e9. Il se fixe au poignet par un bracelet en acier inoxydable qui peut \u00eatre remplac\u00e9 par un 2e bracelet additionnel en cuir microperfor\u00e9 de couleur sable, prolongeant avec \u00e9l\u00e9gance le beige du cadran et \u00e9voquant les gants de pilotes de course.<\/p>\n<p><img loading=\"lazy\" decoding=\"async\" class=\"aligncenter size-full wp-image-91700\" src=\"https:\/\/www.europesays.com\/fr\/wp-content\/uploads\/2025\/11\/SEIKO-Prospex-Speedtimer-Chrono-SSC959P1-4.jpg\" alt=\"Seiko Prospex Speedtimer Chronographe Solaire Edition Limit\u00e9e Europe\" width=\"1200\" height=\"801\"  \/><\/p>\n<p>Le <strong>Seiko <\/strong><strong>Prospex Speedtimer Edition Limit\u00e9e Europe <\/strong>est une \u00e9dition limit\u00e9e dont les 2700 pi\u00e8ces num\u00e9rot\u00e9es sont r\u00e9serv\u00e9es au march\u00e9 europ\u00e9en. Il est livr\u00e9 dans un coffret exclusif dont l\u2019int\u00e9rieur reprend la couleur du cadran distinctive. Il plaira \u00e0 tous les gentlemen drivers et amateurs de montres \u00ab\u00a0racing\u00a0\u00bb avec en plus un excellent rapport qualit\u00e9\/prix\u00a0: il s\u2019affiche \u00e0 860 euros. Disponible \u00e0 partir de novembre 2025 dans les boutiques <strong>Seiko<\/strong> et chez les revendeurs agr\u00e9\u00e9s.<\/p>\n<p><strong>Caract\u00e9ristiques techniques\u00a0:<\/strong><br \/><strong>Bo\u00eetier :<\/strong> 39 mm de diam\u00e8tre, acier inoxydable, \u00e9tanche \u00e0 100 m\u00e8tres, verre saphir bomb\u00e9 antireflet, lunette en acier grav\u00e9 d\u2019une \u00e9chelle tachym\u00e9trique, fond viss\u00e9 en acier grav\u00e9 du num\u00e9ro individuel, couronne et poussoirs en acier inoxydable ; <br \/><strong>Cadran :<\/strong> beige satin\u00e9, tricompax, aiguilles des heures et des minutes rev\u00eatues de Lumibrite, index noircis et rev\u00eatus de Lumibrite \u00e0 3-6-9-12h, aiguille centrale des secondes du chronographe, totalisateur 60 minutes du chronographe noir \u00e0 6h, compteur de la petite seconde noir \u00e0 9h, indicateur 24 heures noir \u00e0 3h, guichet de date \u00e0 4h30 ;<br \/><strong>Mouvement :<\/strong> calibre Seiko V192 \u00e0 quartz solaire, r\u00e9serve de marche de 6 mois ;<br \/><strong>Fonctions :<\/strong> heures, minutes, secondes, chronographe, date\u00a0;<br \/><strong>Bracelets :<\/strong> acier inoxydable + cuir de veau sable microperfor\u00e9, boucle d\u00e9ployante triple + boucle ardillon en acier inoxydable\u00a0;<br \/><strong>Edition limit\u00e9e :<\/strong> 2700 pi\u00e8ces ;<br \/><strong>R\u00e9f\u00e9rence :<\/strong> <a href=\"https:\/\/www.seikoboutique.eu\/fr\/fr\/prospex\/11411-montre-homme-prospex-speedtimer-solaire-chronographe-edition-limitee-ssc959p1.html\" target=\"_blank\" rel=\"noopener\">SSC959P1<\/a> ;\u00a0<br \/><strong>Prix : <\/strong>860 \u20ac.<\/p>\n<p>Sources CP et cr\u00e9dit photos @Seiko<\/p>\n","protected":false},"excerpt":{"rendered":"Seiko vient de d\u00e9voiler une nouvelle \u00e9dition de son chronographe solaire Prospex Speedtimer r\u00e9serv\u00e9e au march\u00e9 europ\u00e9en. Une&hellip;\n","protected":false},"author":2,"featured_media":506543,"comment_status":"","ping_status":"","sticky":false,"template":"","format":"standard","meta":{"footnotes":""},"categories":[1586],"tags":[11,62816,62817,1777,674,1011,27,6065,12,25,62818,32411],"class_list":{"0":"post-506542","1":"post","2":"type-post","3":"status-publish","4":"format-standard","5":"has-post-thumbnail","7":"category-europe","8":"tag-actualites","9":"tag-chronograph","10":"tag-chronographe","11":"tag-eu","12":"tag-europe","13":"tag-fr","14":"tag-france","15":"tag-montres","16":"tag-news","17":"tag-republique-francaise","18":"tag-seiko","19":"tag-watches"},"share_on_mastodon":{"url":"https:\/\/pubeurope.com\/@fr\/115479640081572520","error":""},"_links":{"self":[{"href":"https:\/\/www.europesays.com\/fr\/wp-json\/wp\/v2\/posts\/506542","targetHints":{"allow":["GET"]}}],"collection":[{"href":"https:\/\/www.europesays.com\/fr\/wp-json\/wp\/v2\/posts"}],"about":[{"href":"https:\/\/www.europesays.com\/fr\/wp-json\/wp\/v2\/types\/post"}],"author":[{"embeddable":true,"href":"https:\/\/www.europesays.com\/fr\/wp-json\/wp\/v2\/users\/2"}],"replies":[{"embeddable":true,"href":"https:\/\/www.europesays.com\/fr\/wp-json\/wp\/v2\/comments?post=506542"}],"version-history":[{"count":0,"href":"https:\/\/www.europesays.com\/fr\/wp-json\/wp\/v2\/posts\/506542\/revisions"}],"wp:featuredmedia":[{"embeddable":true,"href":"https:\/\/www.europesays.com\/fr\/wp-json\/wp\/v2\/media\/506543"}],"wp:attachment":[{"href":"https:\/\/www.europesays.com\/fr\/wp-json\/wp\/v2\/media?parent=506542"}],"wp:term":[{"taxonomy":"category","embeddable":true,"href":"https:\/\/www.europesays.com\/fr\/wp-json\/wp\/v2\/categories?post=506542"},{"taxonomy":"post_tag","embeddable":true,"href":"https:\/\/www.europesays.com\/fr\/wp-json\/wp\/v2\/tags?post=506542"}],"curies":[{"name":"wp","href":"https:\/\/api.w.org\/{rel}","templated":true}]}}