{"id":50655,"date":"2025-04-25T02:19:08","date_gmt":"2025-04-25T02:19:08","guid":{"rendered":"https:\/\/www.europesays.com\/fr\/50655\/"},"modified":"2025-04-25T02:19:08","modified_gmt":"2025-04-25T02:19:08","slug":"retailleau-accuse-le-lycee-musulman-averroes-detre-un-bastion-de-lentrisme-islamiste","status":"publish","type":"post","link":"https:\/\/www.europesays.com\/fr\/50655\/","title":{"rendered":"Retailleau accuse le lyc\u00e9e musulman Averro\u00e8s d\u2019\u00eatre \u00ab\u00a0un bastion de l\u2019entrisme islamiste\u00a0\u00bb"},"content":{"rendered":"<p><a href=\"https:\/\/www.20minutes.fr\/dossier\/bruno_retailleau\" target=\"_blank\" class=\"color-ultramarine c-link\" rel=\"nofollow noopener\">Bruno Retailleau<\/a> continue de s\u2019en prendre au lyc\u00e9e musulman <a href=\"https:\/\/www.20minutes.fr\/lille\/\" target=\"_blank\" class=\"color-ultramarine c-link\" rel=\"nofollow noopener\">lillois<\/a> Averro\u00e8s, alors que le contrat d\u2019association avec l\u2019Etat a \u00e9t\u00e9 r\u00e9tabli mercredi par la justice administrative. Le ministre de l\u2019Int\u00e9rieur ne voit en effet pas du tout d\u2019un bon \u0153il cette d\u00e9cision.<\/p>\n<p>Lors d\u2019une conf\u00e9rence de presse \u00e0 <a href=\"https:\/\/www.20minutes.fr\/marseille\/\" target=\"_blank\" class=\"color-ultramarine c-link\" rel=\"nofollow noopener\">Marseille<\/a>, le locataire de la place Beauvau a ainsi accus\u00e9 cet \u00e9tablissement scolaire d\u2019\u00eatre \u00ab\u00a0un bastion de l\u2019entrisme islamiste\u00a0\u00bb. Bruno Retailleau a \u00e9galement souhait\u00e9 que \u00ab\u00a0l\u2019Etat fasse appel\u00a0\u00bb de cette d\u00e9cision de justice.<\/p>\n<p>\u00ab\u00a0Des rumeurs\u00a0\u00bb, selon le lyc\u00e9e<\/p>\n<p>L\u2019association g\u00e9rant le lyc\u00e9e a pour sa part r\u00e9agi dans un communiqu\u00e9, d\u00e9plorant que le ministre foule \u00ab\u00a0aux pieds l\u2019\u00e9tat de droit\u00a0\u00bb et v\u00e9hicule \u00ab\u00a0des rumeurs destin\u00e9es \u00e0 fracturer la soci\u00e9t\u00e9 fran\u00e7aise en ciblant les musulmans\u00a0\u00bb.<\/p>\n<\/p>\n<p>Le contrat d\u2019association entre l\u2019Etat et le lyc\u00e9e Averro\u00e8s, qui \u00e9tait jusqu\u2019en septembre\u00a02024 le principal lyc\u00e9e musulman sous contrat de France, avait \u00e9t\u00e9 r\u00e9sili\u00e9 en d\u00e9cembre\u00a02023 par la pr\u00e9fecture du Nord, qui avait \u00e9voqu\u00e9 des \u00ab\u00a0manquements graves aux principes fondamentaux de la R\u00e9publique\u00a0\u00bb. Mercredi, le tribunal administratif de Lille a expliqu\u00e9 avoir annul\u00e9 cette d\u00e9cision de r\u00e9siliation parce qu\u2019elle n\u2019\u00e9tablissait pas \u00ab\u00a0l\u2019existence de manquements graves au droit\u00a0\u00bb et que la proc\u00e9dure \u00e9tait \u00ab\u00a0entach\u00e9e d\u2019irr\u00e9gularit\u00e9s\u00a0\u00bb.<\/p>\n<p>Le \u00ab\u00a0combat\u00a0\u00bb de Darmanin<\/p>\n<p>\u00ab\u00a0On a des \u00e9l\u00e9ments extr\u00eamement graves, extr\u00eamement lourds, l\u2019argent des Fran\u00e7ais n\u2019a rien \u00e0 faire dans ce genre d\u2019organisation\u00a0\u00bb, a insist\u00e9 Bruno Retailleau. \u00ab\u00a0Pour ce qui me concerne, je souhaite que l\u2019Etat fasse appel\u00a0\u00bb, a-t-il dit. Un avis partag\u00e9 par <a href=\"https:\/\/www.20minutes.fr\/dossier\/gerald_darmanin\" target=\"_blank\" class=\"color-ultramarine c-link\" rel=\"nofollow noopener\">G\u00e9rald Darmanin<\/a>. \u00ab\u00a0Ce n\u2019est pas seulement un combat juridique, c\u2019est aussi un combat culturel\u00a0\u00bb, a soulign\u00e9 le ministre de la Justice, dans un entretien avec le quotidien <a href=\"https:\/\/www.lavoixdunord.fr\/1579129\/article\/2025-04-24\/lycee-averroes-pour-gerald-darmanin-ce-n-est-pas-seulement-un-combat-juridique-c\" rel=\"nofollow noopener\" target=\"_blank\" class=\"color-ultramarine c-link\">La Voix du Nord<\/a>, tout en estimant qu&rsquo;\u00ab\u00a0il faut des lyc\u00e9es musulmans sous contrat\u00a0\u00bb.<\/p>\n<p><a href=\"https:\/\/www.20minutes.fr\/dossier\/education\" target=\"_blank\" class=\"c-link c-btn c-btn--primary\" rel=\"nofollow noopener\">Notre dossier Education<\/a><\/p>\n<p>Bruno Retailleau a \u00e9galement annonc\u00e9 son intention de rendre public, \u00ab\u00a0dans quelques jours\u00a0\u00bb, un rapport \u00ab\u00a0accablant\u00a0\u00bb, \u00ab\u00a0constitu\u00e9 \u00e0 partir de renseignements des services les plus qualifi\u00e9s de l\u2019Etat\u00a0\u00bb, sur le \u00ab\u00a0\u00ab\u00a0fr\u00e9risme\u00a0\u00bb, les fr\u00e8res musulmans et leur entrisme\u00a0\u00bb.<\/p>\n","protected":false},"excerpt":{"rendered":"Bruno Retailleau continue de s\u2019en prendre au lyc\u00e9e musulman lillois Averro\u00e8s, alors que le contrat d\u2019association avec l\u2019Etat&hellip;\n","protected":false},"author":2,"featured_media":50656,"comment_status":"","ping_status":"","sticky":false,"template":"","format":"standard","meta":{"footnotes":""},"categories":[2815],"tags":[1111,47,11,1013,1057,1777,674,1011,27,432,811,1253,303,1307,2633,12,1308,1309,25,104,133],"class_list":{"0":"post-50655","1":"post","2":"type-post","3":"status-publish","4":"format-standard","5":"has-post-thumbnail","7":"category-lille","8":"tag-actu","9":"tag-actualite","10":"tag-actualites","11":"tag-bruno-retailleau","12":"tag-education","13":"tag-eu","14":"tag-europe","15":"tag-fr","16":"tag-france","17":"tag-gerald-darmanin","18":"tag-hauts-de-france","19":"tag-islamisme","20":"tag-justice","21":"tag-lille","22":"tag-lycee","23":"tag-news","24":"tag-nord","25":"tag-nord-pas-de-calais","26":"tag-republique-francaise","27":"tag-societe","28":"tag-video"},"share_on_mastodon":{"url":"https:\/\/pubeurope.com\/@fr\/114396211694777335","error":""},"_links":{"self":[{"href":"https:\/\/www.europesays.com\/fr\/wp-json\/wp\/v2\/posts\/50655","targetHints":{"allow":["GET"]}}],"collection":[{"href":"https:\/\/www.europesays.com\/fr\/wp-json\/wp\/v2\/posts"}],"about":[{"href":"https:\/\/www.europesays.com\/fr\/wp-json\/wp\/v2\/types\/post"}],"author":[{"embeddable":true,"href":"https:\/\/www.europesays.com\/fr\/wp-json\/wp\/v2\/users\/2"}],"replies":[{"embeddable":true,"href":"https:\/\/www.europesays.com\/fr\/wp-json\/wp\/v2\/comments?post=50655"}],"version-history":[{"count":0,"href":"https:\/\/www.europesays.com\/fr\/wp-json\/wp\/v2\/posts\/50655\/revisions"}],"wp:featuredmedia":[{"embeddable":true,"href":"https:\/\/www.europesays.com\/fr\/wp-json\/wp\/v2\/media\/50656"}],"wp:attachment":[{"href":"https:\/\/www.europesays.com\/fr\/wp-json\/wp\/v2\/media?parent=50655"}],"wp:term":[{"taxonomy":"category","embeddable":true,"href":"https:\/\/www.europesays.com\/fr\/wp-json\/wp\/v2\/categories?post=50655"},{"taxonomy":"post_tag","embeddable":true,"href":"https:\/\/www.europesays.com\/fr\/wp-json\/wp\/v2\/tags?post=50655"}],"curies":[{"name":"wp","href":"https:\/\/api.w.org\/{rel}","templated":true}]}}