{"id":506552,"date":"2025-11-02T10:36:13","date_gmt":"2025-11-02T10:36:13","guid":{"rendered":"https:\/\/www.europesays.com\/fr\/506552\/"},"modified":"2025-11-02T10:36:13","modified_gmt":"2025-11-02T10:36:13","slug":"gregory-alldritt-un-declassement-qui-interroge-et-un-sursaut-dorgueil-attendu","status":"publish","type":"post","link":"https:\/\/www.europesays.com\/fr\/506552\/","title":{"rendered":"Gr\u00e9gory Alldritt, un d\u00e9classement qui interroge et un sursaut d\u2019orgueil attendu"},"content":{"rendered":"<p>\n    Sous la menace de Micka\u00ebl Guillard en \u00e9quipe de France et lib\u00e9r\u00e9 par le staff des Bleus, l\u2019exp\u00e9riment\u00e9 troisi\u00e8me-ligne sera titulaire avec La Rochelle, ce dimanche, face au Racing 92.<\/p>\n<p class=\"fig-paragraph\">Un aller-retour dont il n\u2019est pas coutumier.\u00a0<a href=\"http:\/\/www.lefigaro.fr\/sports\/rugby\/top-14\/top-14-alldritt-s-est-entraine-avec-les-titulaires-avant-la-reception-du-racing-92-20251031\" data-fig-type=\"NewsFlash\" data-gtm-custom-categorie=\"navigation\" data-gtm-custom-action=\"crossclick\" data-gtm-custom-label=\"Contextuel\" data-gtm-event=\"customEventSPE\" data-fig-domain=\"LEFIGARO\" target=\"_blank\" rel=\"noopener\">Gr\u00e9gory Alldritt<\/a>\u00a0sera titulaire avec le Stade Rochelais, ce dimanche (21h05), face au Racing 92, en cl\u00f4ture de la 9e journ\u00e9e du Top 14.\u00a0<a href=\"https:\/\/www.lefigaro.fr\/sports\/rugby\/coupe-d-europe\/gregory-alldritt-le-parfait-char-d-assaut-du-bataillon-rochelais-20230521\" data-fig-type=\"Article\" data-gtm-custom-categorie=\"navigation\" data-gtm-custom-action=\"crossclick\" data-gtm-custom-label=\"Contextuel\" data-gtm-event=\"customEventSPE\" data-fig-domain=\"LEFIGARO\" target=\"_blank\" rel=\"noopener\">Le puissant num\u00e9ro 8 des Bleus<\/a>, incontournable en \u00e9quipe de France depuis la Coupe du monde 2019 au Japon, ne faisait pas partie des 23 prot\u00e9g\u00e9s par Fabien Galthi\u00e9 et exempt\u00e9s de cette journ\u00e9e de championnat. Une forme de d\u00e9classement pour ce cadre des Bleus, capitaine l\u2019an dernier du XV de France en l\u2019absence d\u2019Antoine Dupont.<\/p>\n<p class=\"fig-paragraph\">Lors du dernier entra\u00eenement des Bleus mercredi \u00e0 Marcoussis, le joueur aux 56 s\u00e9lections avait \u00e9t\u00e9 m\u00e9nag\u00e9 en raison de douleurs aux cervicales. Mais cela ne l\u2019emp\u00eache pas d\u2019\u00eatre align\u00e9 par les Maritimes. Durant la semaine, une tendance s\u2019est d\u00e9gag\u00e9e\u00a0: c\u2019est Micka\u00ebl Guillard, r\u00e9v\u00e9lation du dernier Tournoi en deuxi\u00e8me ligne puis brillant en num\u00e9ro 8 l\u2019\u00e9t\u00e9 dernier face aux All Blacks, qui portait la chasuble de titulaire. Un changement de statut pour Alldritt. William Servat, l\u2019entra\u00eeneur des avants tricolores, l\u2019avait reconnu\u00a0: le choix du troisi\u00e8me-ligne centre pour d\u00e9fier les puissants Springboks, le 8 novembre, \u00abn\u2019est pas tranch\u00e9 encore aujourd\u2019hui.\u00bb<\/p>\n<blockquote class=\"fig-quote&#10;    \">\n<p class=\"fig-quote__text\">On a eu par le pass\u00e9 des joueurs qui venaient de clubs o\u00f9 ils ne performaient pas normalement et qui, avec nous, \u00e9taient tr\u00e8s performants.<\/p>\n<p>            William Servat\n    <\/p><\/blockquote>\n<p>                                    <a class=\"fig-a11y-skip a11y-hidden\" href=\"#fig-a11y-skip-main-inarticle\"><br \/>\n        Passer la publicit\u00e9<br \/>\n    <\/a><\/p>\n<p class=\"fig-paragraph\">S\u2019il a salu\u00e9 \u00abson charisme, son exp\u00e9rience internationale et tout ce qu\u2019il a apport\u00e9\u00bb,\u00a0l\u2019entra\u00eeneur adjoint de Fabien Galthi\u00e9 a avanc\u00e9, diplomatiquement, que le staff \u00abtrouve que Gr\u00e9gory est en forme. Il a beaucoup travaill\u00e9 cet \u00e9t\u00e9, avec une grosse pr\u00e9paration dans son club. Donc Greg est en forme. Apr\u00e8s, la confiance du moment, parfois, elle n\u2019est pas toujours facile. On a eu par le pass\u00e9 des joueurs qui venaient de clubs o\u00f9 ils ne performaient pas normalement et qui, avec nous, \u00e9taient tr\u00e8s performants.\u00bb<\/p>\n<p class=\"fig-paragraph\">Connu pour sa force de percussion qui lui a toujours permis de gagner de nombreux m\u00e8tres balle en main, le Gersois, double champion d\u2019Europe et meilleur joueur de la Champions Cup 2022-2023, conna\u00eet une baisse de r\u00e9gime \u00e9vidente. Moins tranchant, moins puissant, moins d\u00e9cisif. Comment vit-il ce d\u00e9classement en \u00e9quipe de France\u00a0? \u00abOn a \u00e9vit\u00e9 d\u2019aborder le sujet, a confi\u00e9 en conf\u00e9rence de presse S\u00e9bastien Boboul, entra\u00eeneur de l\u2019attaque rochelaise. Je lui ai parl\u00e9 de ce qu\u2019on avait fait cette semaine et de ce qu\u2019on allait voir contre le Racing sur notre jeu et les lancements, c\u2019\u00e9tait le plus important. Il est content d\u2019\u00eatre avec nous et de retrouver le terrain. C\u2019est le principal et je crois que tout le monde autour de lui a envie que \u00e7a se passe bien ce week-end pour qu\u2019il retourne \u00e0 Marcoussis.\u00bb<\/p>\n<blockquote class=\"fig-quote&#10;    \">\n<p class=\"fig-quote__text\">C\u2019est un top mondial. Si on ajoute \u00e0 \u00e7a un peu de d\u00e9ception, on peut s\u2019attendre \u00e0 ce qu\u2019il rebondisse tr\u00e8s vite&#8230;<\/p>\n<p>            Patrice Collazo\n    <\/p><\/blockquote>\n<p class=\"fig-paragraph\">Et son co\u00e9quipier Antoine Hastoy, qui a \u00e9galement connu une r\u00e9trogradation en \u00e9quipe de France apr\u00e8s avoir \u00e9t\u00e9 le troisi\u00e8me ouvreur des Bleus durant la derni\u00e8re Coupe du monde, d\u2019ajouter aupr\u00e8s de nos confr\u00e8res de\u00a0<a href=\"https:\/\/www.rugbyrama.fr\/2025\/10\/31\/top-14-la-rochelle-gregory-alldritt-tres-probable-titulaire-en-top-14-dimanche-will-skelton-aussi-13025647.php\" target=\"_blank\" rel=\"sponsored noopener\" data-gtm-custom-categorie=\"navigation\" data-gtm-custom-action=\"crossclick\" data-gtm-custom-label=\"Contextuel\" data-gtm-event=\"customEventSPE\">Rugbyrama\u00a0<\/a> : \u00abIl a \u00e0 c\u0153ur de faire un gros match dimanche et de passer \u00e0 autre chose, il n\u2019a pas envie de s\u2019\u00e9tendre l\u00e0-dessus. Si je l\u2019ai senti affect\u00e9\u00a0? Honn\u00eatement, pas du tout. J\u2019ai vu le Greg de d\u2019habitude, hyper investi et qui a envie de mener l\u2019\u00e9quipe pour qu\u2019on fasse tous un gros match dimanche. Un Greg plein d\u2019\u00e9nergie, je n\u2019ai pas vu un Greg chang\u00e9, non.\u00a0\u00c7a va le booster encore plus.\u00bb<\/p>\n<p class=\"fig-paragraph\">Dans tous les cas, le troisi\u00e8me-ligne rochelais a \u00e9t\u00e9 reconvoqu\u00e9 en Bleu d\u00e8s vendredi, il retrouvera logiquement Marcoussis, \u00e0 l\u2019issue de ce match face aux Ciel et Blanc, pour pr\u00e9parer le choc face aux doubles champions du monde sud-africains. Pour renverser la tendance\u00a0? \u00abOn a un regard attentif sur ses prestations, avait reconnu William Servat. Mais, dans nos choix de s\u00e9lection, on fonctionne toujours de mani\u00e8re coll\u00e9giale, on a des discussions, en toute transparence les uns avec les autres, on donne nos points de vue, et on s\u2019accorde pour prendre une d\u00e9cision qui est toujours tranch\u00e9e par Fabien, c\u2019est lui qui a le dernier mot.\u00bb Patrice Collazo, qui l\u2019a lanc\u00e9 \u00e0 La Rochelle et qui est d\u00e9sormais \u00e0 la t\u00eate du Racing 92, s\u2019attend \u00e0 un sursaut d\u2019orgueil\u00a0: \u00abC\u2019est un top mondial. Si on ajoute \u00e0 \u00e7a un peu de d\u00e9ception, on peut s\u2019attendre \u00e0 ce qu\u2019il rebondisse tr\u00e8s vite&#8230;\u00bb<\/p>\n","protected":false},"excerpt":{"rendered":"Sous la menace de Micka\u00ebl Guillard en \u00e9quipe de France et lib\u00e9r\u00e9 par le staff des Bleus, l\u2019exp\u00e9riment\u00e9&hellip;\n","protected":false},"author":2,"featured_media":506553,"comment_status":"","ping_status":"","sticky":false,"template":"","format":"standard","meta":{"footnotes":""},"categories":[1416],"tags":[1011,27,15153,479,1468,60,6365,513],"class_list":{"0":"post-506552","1":"post","2":"type-post","3":"status-publish","4":"format-standard","5":"has-post-thumbnail","7":"category-rugby","8":"tag-fr","9":"tag-france","10":"tag-gregory-alldritt","11":"tag-rugby","12":"tag-rugby-football","13":"tag-sports","14":"tag-stade-rochelais","15":"tag-xv-de-france"},"share_on_mastodon":{"url":"https:\/\/pubeurope.com\/@fr\/115479667364101112","error":""},"_links":{"self":[{"href":"https:\/\/www.europesays.com\/fr\/wp-json\/wp\/v2\/posts\/506552","targetHints":{"allow":["GET"]}}],"collection":[{"href":"https:\/\/www.europesays.com\/fr\/wp-json\/wp\/v2\/posts"}],"about":[{"href":"https:\/\/www.europesays.com\/fr\/wp-json\/wp\/v2\/types\/post"}],"author":[{"embeddable":true,"href":"https:\/\/www.europesays.com\/fr\/wp-json\/wp\/v2\/users\/2"}],"replies":[{"embeddable":true,"href":"https:\/\/www.europesays.com\/fr\/wp-json\/wp\/v2\/comments?post=506552"}],"version-history":[{"count":0,"href":"https:\/\/www.europesays.com\/fr\/wp-json\/wp\/v2\/posts\/506552\/revisions"}],"wp:featuredmedia":[{"embeddable":true,"href":"https:\/\/www.europesays.com\/fr\/wp-json\/wp\/v2\/media\/506553"}],"wp:attachment":[{"href":"https:\/\/www.europesays.com\/fr\/wp-json\/wp\/v2\/media?parent=506552"}],"wp:term":[{"taxonomy":"category","embeddable":true,"href":"https:\/\/www.europesays.com\/fr\/wp-json\/wp\/v2\/categories?post=506552"},{"taxonomy":"post_tag","embeddable":true,"href":"https:\/\/www.europesays.com\/fr\/wp-json\/wp\/v2\/tags?post=506552"}],"curies":[{"name":"wp","href":"https:\/\/api.w.org\/{rel}","templated":true}]}}