{"id":506563,"date":"2025-11-02T10:46:13","date_gmt":"2025-11-02T10:46:13","guid":{"rendered":"https:\/\/www.europesays.com\/fr\/506563\/"},"modified":"2025-11-02T10:46:13","modified_gmt":"2025-11-02T10:46:13","slug":"la-prestation-de-la-saison","status":"publish","type":"post","link":"https:\/\/www.europesays.com\/fr\/506563\/","title":{"rendered":"\u00ab\u00a0La prestation de la saison !\u00a0\u00bb"},"content":{"rendered":"<p>Samedi soir, le 3e prime de la Star Academy 2025 a tenu toutes ses promesses. Intitul\u00e9 &lsquo;Le prime des parrains&rsquo;, il s&rsquo;est d\u00e9roul\u00e9 en pr\u00e9sence d&rsquo;Ed Sheeran et Charlotte Cardin, qui ont partag\u00e9 une soir\u00e9e inoubliable avec les \u00e9l\u00e8ves. Retour sur les moments forts de l&rsquo;\u00e9mission diffus\u00e9e en direct samedi soir sur TF1.<\/p>\n<p>Ce qu&rsquo;il ne fallait pas ratait du 3e prime de la Star Academy 2025<\/p>\n<ul>\n<li>Les \u00e9l\u00e8ves des pr\u00e9c\u00e9dentes promotions r\u00e9compens\u00e9s aux NRJ Music Awards 2025 ont rejoint les pensionnaires du ch\u00e2teau afin de c\u00e9l\u00e9brer leurs victoires. Lenie, Marine, H\u00e9l\u00e9na, Julien et Pierre Garnier ont pris part \u00e0 ce moment d&rsquo;\u00e9motion, accompagn\u00e9s de leurs troph\u00e9es.<\/li>\n<li>La battle du Top 3 a mis aux prises Ambre, Sarah et Victor sur J&rsquo;avoue, de Lihn. Les prestations ont \u00e9t\u00e9 \u00e9quilibr\u00e9es et Victor \u00e9tait ex aequo avec Ambre. Mais celle qui a chant\u00e9 avec <a href=\"https:\/\/www.20minutes.fr\/dossier\/kendji\" class=\"c-link c-link--is-underlined\" rel=\"nofollow noopener\" target=\"_blank\">Kendji Girac<\/a> aux <a href=\"https:\/\/www.20minutes.fr\/dossier\/nrj_music_awards\" class=\"c-link c-link--is-underlined\" rel=\"nofollow noopener\" target=\"_blank\">NRJ Music Awards<\/a> vendredi l&rsquo;a finalement emport\u00e9 gr\u00e2ce au second vote du directeur en sa faveur.<\/li>\n<li>L&rsquo;un des moments les plus marquants de la soir\u00e9e restera \u00e9videmment la performance de Sarah avec les stars de la K-pop, Katseye, sur le titre Gabriela. L&rsquo;\u00e9l\u00e8ve class\u00e9e num\u00e9ro 1 cette semaine a dans\u00e9 et chant\u00e9 avec les artistes internationales et s&rsquo;est fondue dans ce groupe avec brio. Les internautes n&rsquo;en croyaient pas leurs yeux \u00e0 en juger par les nombreux tweets qui lui ont \u00e9t\u00e9 d\u00e9di\u00e9s dans la soir\u00e9e : <\/li>\n<\/ul>\n<p class=\"mb-xxl@xs color-ultramarine font-weight-semi-bold@xs font-source-serif-pro heading-s@xs\">L\u2019acc\u00e8s \u00e0 ce contenu a \u00e9t\u00e9 bloqu\u00e9 afin de respecter votre choix de consentement<\/p>\n<p class=\"mb-m@xs text-l@xs\">En cliquant sur\u00ab J\u2019accepte \u00bb, vous acceptez le d\u00e9p\u00f4t de cookies par des services externes et aurez ainsi acc\u00e8s aux contenus de nos partenaires.<\/p>\n<p class=\"mb-xl@xs text-s@xs\">Plus d\u2019informations sur la page<a href=\"https:\/\/www.20minutes.fr\/gestion-cookies\" class=\"mx-xxs@xs color-ultramarine\" rel=\"nofollow noopener\" target=\"_blank\">Politique de gestion des cookies<\/a><\/p>\n<p>J\u2019acceptec\u2019est LA presta de la saison omg, Sarah, Katseye, le cunt, Gabriela \ud83e\udee0 #StarAcademy #StarAcademy2025 #StarAcademyleLive pic.twitter.com\/cgwRea7Nop\u2014 Maxence (@Maxencee20) November 1, 2025<\/p>\n<p>c\u2019est LA presta de la saison omg, Sarah, Katseye, le cunt, Gabriela \ud83e\udee0 #StarAcademy #StarAcademy2025 #StarAcademyleLive pic.twitter.com\/cgwRea7Nop\u2014 Maxence (@Maxencee20) November 1, 2025<\/p>\n<p>Sarah rejoint KATSEYE sur le titre \u00ab\u00a0Gabriela\u00a0\u00bb : \u00e9nergie pop, pr\u00e9cision, engagement total. Une performance moderne, dynamique, assum\u00e9e. Quelles reines ! \ud83d\udc51#StarAcademy pic.twitter.com\/sSeCzMenvi\u2014 YOUNG PEOPLE (@youngpeople_off) November 1, 2025<\/p>\n<p>sarah c&rsquo;est vrm cette meuf, talentueuse, respectueuse, organis\u00e9e, hyper encourageante, humble, non c&rsquo;est tellement le green flag de cette saison #StarAcademyleLive\u2014 VOTEZ 3 AU 71500 (@cecilesversion) October 29, 2025<\/p>\n<p>\ud83d\udcf9 \u0660 VID\u00c9O \ud80c\udc83 01.11.25\u02d2\u02d2\u00a0DANIELA performant &lsquo;Gabriela&rsquo; sur la sc\u00e8ne de la #StarAcademy ce soir Et bravo \u00e0 Sarah qui a \u00e9t\u00e9 absolument superbe ! \ud83e\udef6\ud81a\uddf7 #KATSEYE #DANIELA #KATSEYE_Daniela pic.twitter.com\/47LseDVvKK\u2014 Daniela France (@DanielaaFrance) November 1, 2025<\/p>\n<p>Incroyable Katseye en France et \u00e0 la Star Academy. Sarah assure encore !#StarAcademy pic.twitter.com\/lyxVx45o7W\u2014 R\u00e9act StarAc (@staracreact) November 1, 2025<\/p>\n<p>Sarah a dead \u00e7a merci pour tout on a jamais eu autant de cunt \u00e0 la star academy #StarAcademy pic.twitter.com\/ZnNh2ozP10\u2014 adrien\ud83e\udd82 (@Zelronn) November 1, 2025<\/p>\n<p class=\"mb-xxl@xs color-ultramarine font-weight-semi-bold@xs font-source-serif-pro heading-s@xs\">L\u2019acc\u00e8s \u00e0 ce contenu a \u00e9t\u00e9 bloqu\u00e9 afin de respecter votre choix de consentement<\/p>\n<p class=\"mb-m@xs text-l@xs\">En cliquant sur\u00ab J\u2019accepte \u00bb, vous acceptez le d\u00e9p\u00f4t de cookies par des services externes et aurez ainsi acc\u00e8s aux contenus de nos partenaires.<\/p>\n<p class=\"mb-xl@xs text-s@xs\">Plus d\u2019informations sur la page<a href=\"https:\/\/www.20minutes.fr\/gestion-cookies\" class=\"mx-xxs@xs color-ultramarine\" rel=\"nofollow noopener\" target=\"_blank\">Politique de gestion des cookies<\/a><\/p>\n<p>J\u2019accepte<\/p>\n<p class=\"mb-xxl@xs color-ultramarine font-weight-semi-bold@xs font-source-serif-pro heading-s@xs\">L\u2019acc\u00e8s \u00e0 ce contenu a \u00e9t\u00e9 bloqu\u00e9 afin de respecter votre choix de consentement<\/p>\n<p class=\"mb-m@xs text-l@xs\">En cliquant sur\u00ab J\u2019accepte \u00bb, vous acceptez le d\u00e9p\u00f4t de cookies par des services externes et aurez ainsi acc\u00e8s aux contenus de nos partenaires.<\/p>\n<p class=\"mb-xl@xs text-s@xs\">Plus d\u2019informations sur la page<a href=\"https:\/\/www.20minutes.fr\/gestion-cookies\" class=\"mx-xxs@xs color-ultramarine\" rel=\"nofollow noopener\" target=\"_blank\">Politique de gestion des cookies<\/a><\/p>\n<p>J\u2019accepte<\/p>\n<ul>\n<li>Ambre s&rsquo;est ensuite pr\u00e9sent\u00e9e en autoportrait, en larmes lorsque sa grand-m\u00e8re lui a fait une surprise. \u00c0 18 ans, elle poursuit son r\u00eave en encha\u00eenant les succ\u00e8s.<\/li>\n<li>Le face-\u00e0-face entre Anouk et L\u00e9a, accompagn\u00e9es de Belinda Davids a tourn\u00e9 en faveur de L\u00e9a, qui a remport\u00e9 un avantage (\u00eatre chef d&rsquo;equipe cette semaine).<\/li>\n<li>Th\u00e9o P. et L\u00e9ane ont partag\u00e9 un joli duo sur Les filles d&rsquo;aujourd&rsquo;hui, de Joyce Jonathan et <a href=\"https:\/\/www.20minutes.fr\/arts-stars\/people\/vianney-bureau\/\" class=\"c-link c-link--is-underlined\" rel=\"nofollow noopener\" target=\"_blank\">Vianney<\/a>. C&rsquo;\u00e9tait LE moment romantique de la soir\u00e9e. Les spectateurs ont cru un instant au bisou sur le finish. Rat\u00e9.<\/li>\n<li>Pour conclure le prime, Noah a \u00e9t\u00e9 sauv\u00e9 par les t\u00e9l\u00e9spectateurs et Ema par les \u00e9l\u00e8ves, avec deux voix de plus que Lenny. Ce dernier avait oubli\u00e9 les paroles lors de son passage pour sauver sa place, tantis qu&rsquo;Ema avait d\u00e9j\u00e0 \u00e9t\u00e9 sauv\u00e9e la semaine derni\u00e8re. La Toile est divis\u00e9e quant aux choix des \u00e9l\u00e8ves et certains d\u00e9plorent la \u00ab Friends Academy \u00bb car certains ont privil\u00e9gi\u00e9 le choix du c\u0153ur plut\u00f4t que la dimension artistique.<\/li>\n<\/ul>\n<p class=\"mb-xxl@xs color-ultramarine font-weight-semi-bold@xs font-source-serif-pro heading-s@xs\">L\u2019acc\u00e8s \u00e0 ce contenu a \u00e9t\u00e9 bloqu\u00e9 afin de respecter votre choix de consentement<\/p>\n<p class=\"mb-m@xs text-l@xs\">En cliquant sur\u00ab J\u2019accepte \u00bb, vous acceptez le d\u00e9p\u00f4t de cookies par des services externes et aurez ainsi acc\u00e8s aux contenus de nos partenaires.<\/p>\n<p class=\"mb-xl@xs text-s@xs\">Plus d\u2019informations sur la page<a href=\"https:\/\/www.20minutes.fr\/gestion-cookies\" class=\"mx-xxs@xs color-ultramarine\" rel=\"nofollow noopener\" target=\"_blank\">Politique de gestion des cookies<\/a><\/p>\n<p>J\u2019accepteLes primes passent au vendrediEn fait jsp ayez la mentalit\u00e9 d\u2019Anouk, on est \u00e0 la star ac pas \u00e0 la friend academy l\u2019autre a eu sa deuxi\u00e8me chance la semaine derni\u00e8re vous lui en donner une troisi\u00e8me \u00e7a y est #StarAcademy\u2014 starac stan \u2728 (@womkatt) November 1, 2025<\/p>\n<p>Le prochain prime aura lieu vendredi prochain. Le programme a \u00e9t\u00e9 modifi\u00e9 en raison d&rsquo;un match de la tourn\u00e9e automnale du <a href=\"https:\/\/www.20minutes.fr\/sport\/xv_de_france\/\" class=\"c-link c-link--is-underlined\" rel=\"nofollow noopener\" target=\"_blank\">XV de France<\/a> diffus\u00e9 samedi soir sur TF1. Il en sera de m\u00eame pour les deux semaines suivantes, du 15 et du 22 novembre. Les primes seront avanc\u00e9s d&rsquo;un jour.<\/p>\n<p><script async src=\"https:\/\/platform.twitter.com\/widgets.js\" charset=\"utf-8\"><\/script><\/p>\n","protected":false},"excerpt":{"rendered":"Samedi soir, le 3e prime de la Star Academy 2025 a tenu toutes ses promesses. Intitul\u00e9 &lsquo;Le prime&hellip;\n","protected":false},"author":2,"featured_media":506564,"comment_status":"","ping_status":"","sticky":false,"template":"","format":"standard","meta":{"footnotes":""},"categories":[1356],"tags":[58,9472,59,1011,27,10827,5095,252,199,1364],"class_list":{"0":"post-506563","1":"post","2":"type-post","3":"status-publish","4":"format-standard","5":"has-post-thumbnail","7":"category-television","8":"tag-divertissement","9":"tag-ed-sheeran","10":"tag-entertainment","11":"tag-fr","12":"tag-france","13":"tag-nikos-aliagas","14":"tag-star-academy","15":"tag-television","16":"tag-tf1","17":"tag-tv"},"share_on_mastodon":{"url":"https:\/\/pubeurope.com\/@fr\/115479706646112924","error":""},"_links":{"self":[{"href":"https:\/\/www.europesays.com\/fr\/wp-json\/wp\/v2\/posts\/506563","targetHints":{"allow":["GET"]}}],"collection":[{"href":"https:\/\/www.europesays.com\/fr\/wp-json\/wp\/v2\/posts"}],"about":[{"href":"https:\/\/www.europesays.com\/fr\/wp-json\/wp\/v2\/types\/post"}],"author":[{"embeddable":true,"href":"https:\/\/www.europesays.com\/fr\/wp-json\/wp\/v2\/users\/2"}],"replies":[{"embeddable":true,"href":"https:\/\/www.europesays.com\/fr\/wp-json\/wp\/v2\/comments?post=506563"}],"version-history":[{"count":0,"href":"https:\/\/www.europesays.com\/fr\/wp-json\/wp\/v2\/posts\/506563\/revisions"}],"wp:featuredmedia":[{"embeddable":true,"href":"https:\/\/www.europesays.com\/fr\/wp-json\/wp\/v2\/media\/506564"}],"wp:attachment":[{"href":"https:\/\/www.europesays.com\/fr\/wp-json\/wp\/v2\/media?parent=506563"}],"wp:term":[{"taxonomy":"category","embeddable":true,"href":"https:\/\/www.europesays.com\/fr\/wp-json\/wp\/v2\/categories?post=506563"},{"taxonomy":"post_tag","embeddable":true,"href":"https:\/\/www.europesays.com\/fr\/wp-json\/wp\/v2\/tags?post=506563"}],"curies":[{"name":"wp","href":"https:\/\/api.w.org\/{rel}","templated":true}]}}