{"id":506569,"date":"2025-11-02T10:49:11","date_gmt":"2025-11-02T10:49:11","guid":{"rendered":"https:\/\/www.europesays.com\/fr\/506569\/"},"modified":"2025-11-02T10:49:11","modified_gmt":"2025-11-02T10:49:11","slug":"pourquoi-certaines-personnes-sont-elles-systematiquement-enrhumees-en-hiver","status":"publish","type":"post","link":"https:\/\/www.europesays.com\/fr\/506569\/","title":{"rendered":"Pourquoi certaines personnes sont-elles syst\u00e9matiquement enrhum\u00e9es en hiver ?"},"content":{"rendered":"<p>    Le froid n\u2019est pas responsable des maladies hivernales, mais il favorise la circulation des virus qui en sont la cause.<br \/>\n                terovesalainen &#8211; stock.adobe.com<\/p>\n<p>\n    Chaque ann\u00e9e, c\u2019est la m\u00eame chose\u00a0: certains passent l\u2019hiver indemnes, quand d\u2019autres encha\u00eenent les infections respiratoires. Quels facteurs expliquent cette in\u00e9galit\u00e9 face aux virus de l\u2019hiver\u00a0?<\/p>\n<p class=\"fig-paragraph\">Les jours diminuent,\u00a0<a href=\"https:\/\/sante.lefigaro.fr\/article\/angine-rhume-gastro-pourquoi-sommes-nous-plus-souvent-malades-en-hiver\" target=\"_blank\" data-fig-type=\"Article\" rel=\"sponsored noopener\" data-gtm-custom-categorie=\"navigation\" data-gtm-custom-action=\"crossclick\" data-gtm-custom-label=\"Contextuel\" data-gtm-event=\"customEventSPE\" data-fig-domain=\"SANTE\">le froid arrive<\/a>\u00a0et, avec lui, les\u00a0<a href=\"http:\/\/sante.lefigaro.fr\/medecine\/pourquoi-les-infections-respiratoires-sont-toujours-plus-graves-chez-les-seniors-20250214\" data-fig-type=\"Article\" data-gtm-custom-categorie=\"navigation\" data-gtm-custom-action=\"crossclick\" data-gtm-custom-label=\"Contextuel\" data-gtm-event=\"customEventSPE\" data-fig-domain=\"SANTE\" target=\"_blank\" rel=\"noopener\">virus respiratoires<\/a>\u00a0de l\u2019hiver. Mais face \u00e0 ces microbes, il semble que nous ne sommes pas tous \u00e9gaux. Ce coll\u00e8gue et ses \u00e9ternuements \u00e0 r\u00e9p\u00e9tition, ce proche parent qui a tout le temps la goutte au nez ou cet ami qui annule au dernier moment les rendez-vous fix\u00e9s de longue date parce qu\u2019il est fi\u00e9vreux&#8230; Qui ne conna\u00eet pas quelqu\u2019un qui encha\u00eene les\u00a0<a href=\"http:\/\/sante.lefigaro.fr\/medecine\/coronavirus-et-grippe-ces-virus-qui-s-attaquent-aux-poumons-20221025\" data-fig-type=\"Article\" data-gtm-custom-categorie=\"navigation\" data-gtm-custom-action=\"crossclick\" data-gtm-custom-label=\"Contextuel\" data-gtm-event=\"customEventSPE\" data-fig-domain=\"SANTE\" target=\"_blank\" rel=\"noopener\">infections respiratoires<\/a>\u00a0? Comment expliquer que certaines personnes soient tout le temps malades, quand d\u2019autres passent l\u2019hiver relativement indemne\u00a0?<\/p>\n<p class=\"fig-body-link\">\n            \u00c0 lire aussi<br \/>\n        <a class=\"fig-body-link__link\" href=\"http:\/\/madame.lefigaro.fr\/bien-etre\/est-ce-le-covid-la-grippe-ou-un-simple-rhume-les-symptomes-qui-ne-trompent-pas-20251022\" data-fig-type=\"Article\" data-gtm-custom-categorie=\"navigation\" data-gtm-custom-action=\"crossclick\" data-gtm-custom-label=\"Contextuel\" data-gtm-event=\"customEventSPE\" data-fig-domain=\"MADAME\" target=\"_blank\" rel=\"noopener\"><\/p>\n<p>        Est-ce le Covid, la grippe ou un simple rhume\u00a0? Les sympt\u00f4mes qui ne trompent pas<br \/>\n    <\/a>\n<\/p>\n<p class=\"fig-paragraph\">\u00ab\u00a0C\u2019est une question simple mais la r\u00e9ponse est loin d\u2019\u00eatre \u00e9vidente. Il s\u2019agit m\u00eame d\u2019un sujet de recherche complexe\u00a0\u00bb, souligne Olivier Terrier, directeur de recherche CNRS au Centre international de recherche en infectiologie \u00e0 Lyon. Il faut d\u2019abord rappeler que l\u2019hiver est propice \u00e0 la circulation des virus respiratoires. \u00ab\u00a0Le froid et l\u2019hygrom\u00e9trie cr\u00e9ent des conditions favorables \u00e0 leur propagation\u00a0\u00bb, souligne\u2026<\/p>\n<p class=\"fig-premium-paywall__infos\">\n        Cet article est r\u00e9serv\u00e9 aux abonn\u00e9s.        Il vous reste 80% \u00e0 d\u00e9couvrir.\n    <\/p>\n<p>                <img  data- alt=\"Le Figaro\" class=\"fig-img--complete fig-img\"\/><\/p>\n<p class=\"fig-premium-paywall__title\">Vous avez envie de lire la suite ?<\/p>\n<p class=\"fig-premium-paywall__subtitle\">D\u00e9bloquez tous les articles imm\u00e9diatement.<\/p>\n<p class=\"fig-premium-paywall__connect\">\n                D\u00e9j\u00e0 abonn\u00e9\u00a0?                <a class=\"fig-premium-paywall__connect-link\" href=\"https:\/\/connect.lefigaro.fr\/login?client=sante_web&amp;type=main&amp;redirect_uri=https%3A%2F%2Fsante.lefigaro.fr%2Fmedecine%2Fpourquoi-certaines-personnes-sont-elles-systematiquement-enrhumees-en-hiver-20251102\" data-js-gtm=\"{&quot;customCategorie&quot;: &quot;conversion&quot;, &quot;customAction&quot;: &quot;before_Landing_Connexion_paywall_auto&quot;, &quot;customLabel&quot;: &quot;c2FudGUubGVmaWdhcm8uZnJfXzFmMGI2NTA4LWVkYmEtNjViYS04N2JkLTFmODM1YTI1NGNlM19fQXJ0aWNsZQ==_Pourquoi certaines personnes sont-elles syst\u00e9matiquement enrhum\u00e9es en hiver\u00a0?_429&quot;, &quot;customIDSPE&quot;: &quot;c2FudGUubGVmaWdhcm8uZnJfXzFmMGI2NTA4LWVkYmEtNjViYS04N2JkLTFmODM1YTI1NGNlM19fQXJ0aWNsZQ==&quot;, &quot;event&quot;: &quot;customEventSPE&quot;}\" target=\"_blank\" rel=\"noopener\"><br \/>\n                    Connectez-vous<br \/>\n                <\/a>\n            <\/p>\n","protected":false},"excerpt":{"rendered":"Le froid n\u2019est pas responsable des maladies hivernales, mais il favorise la circulation des virus qui en sont&hellip;\n","protected":false},"author":2,"featured_media":506570,"comment_status":"","ping_status":"","sticky":false,"template":"","format":"standard","meta":{"footnotes":""},"categories":[10],"tags":[4357,1011,27,29786,72,44232,71],"class_list":{"0":"post-506569","1":"post","2":"type-post","3":"status-publish","4":"format-standard","5":"has-post-thumbnail","7":"category-sante","8":"tag-covid-19","9":"tag-fr","10":"tag-france","11":"tag-grippe","12":"tag-health","13":"tag-rhume","14":"tag-sante"},"share_on_mastodon":{"url":"https:\/\/pubeurope.com\/@fr\/115479718418735713","error":""},"_links":{"self":[{"href":"https:\/\/www.europesays.com\/fr\/wp-json\/wp\/v2\/posts\/506569","targetHints":{"allow":["GET"]}}],"collection":[{"href":"https:\/\/www.europesays.com\/fr\/wp-json\/wp\/v2\/posts"}],"about":[{"href":"https:\/\/www.europesays.com\/fr\/wp-json\/wp\/v2\/types\/post"}],"author":[{"embeddable":true,"href":"https:\/\/www.europesays.com\/fr\/wp-json\/wp\/v2\/users\/2"}],"replies":[{"embeddable":true,"href":"https:\/\/www.europesays.com\/fr\/wp-json\/wp\/v2\/comments?post=506569"}],"version-history":[{"count":0,"href":"https:\/\/www.europesays.com\/fr\/wp-json\/wp\/v2\/posts\/506569\/revisions"}],"wp:featuredmedia":[{"embeddable":true,"href":"https:\/\/www.europesays.com\/fr\/wp-json\/wp\/v2\/media\/506570"}],"wp:attachment":[{"href":"https:\/\/www.europesays.com\/fr\/wp-json\/wp\/v2\/media?parent=506569"}],"wp:term":[{"taxonomy":"category","embeddable":true,"href":"https:\/\/www.europesays.com\/fr\/wp-json\/wp\/v2\/categories?post=506569"},{"taxonomy":"post_tag","embeddable":true,"href":"https:\/\/www.europesays.com\/fr\/wp-json\/wp\/v2\/tags?post=506569"}],"curies":[{"name":"wp","href":"https:\/\/api.w.org\/{rel}","templated":true}]}}