{"id":50657,"date":"2025-04-25T02:20:11","date_gmt":"2025-04-25T02:20:11","guid":{"rendered":"https:\/\/www.europesays.com\/fr\/50657\/"},"modified":"2025-04-25T02:20:11","modified_gmt":"2025-04-25T02:20:11","slug":"les-spectacles-a-ne-pas-manquer-du-12-juin-au-6-juillet","status":"publish","type":"post","link":"https:\/\/www.europesays.com\/fr\/50657\/","title":{"rendered":"les spectacles \u00e0 ne pas manquer du 12\u00a0juin au 6\u00a0juillet"},"content":{"rendered":"<p>Avec ses invitations \u00e0 des artistes venus des quatre coins du monde, d\u2019Ath\u00e8nes \u00e0 New-York, <a href=\"https:\/\/www.laprovence.com\/article\/sortie-loisirs\/52832923084927\/festival-de-marseille-un-tour-du-monde-en-31-spectacles-de-danse\" target=\"_blank\" rel=\"noopener\">le festival de Marseille<\/a> ouvre le ban des festivit\u00e9s de l\u2019\u00e9t\u00e9 : 30 spectacles seront pr\u00e9sent\u00e9s dans 17 lieux de la ville, du nord (le th\u00e9\u00e2tre de la Sucri\u00e8re) au sud de la ville (la Cit\u00e9 radieuse) du 12 juin au 6 juillet. \u00ab\u00a0Le festival est tourn\u00e9 vers l\u2019international, la M\u00e9diterran\u00e9e bien s\u00fbr, et le monde dans son ensemble\u00a0\u00bb a d\u00e9clar\u00e9 <a href=\"https:\/\/www.laprovence.com\/actu\/en-direct\/6474703\/.html\" target=\"_blank\" rel=\"noopener\">Marie Didier<\/a>, sa directrice, en pr\u00e9sentant une \u00e9dition anniversaire copieuse pour les trente ans du festival.<\/p>\n<p>Peeping tom, fleuron de la danse flamande<\/p>\n","protected":false},"excerpt":{"rendered":"Avec ses invitations \u00e0 des artistes venus des quatre coins du monde, d\u2019Ath\u00e8nes \u00e0 New-York, le festival de&hellip;\n","protected":false},"author":2,"featured_media":50658,"comment_status":"","ping_status":"","sticky":false,"template":"","format":"standard","meta":{"footnotes":""},"categories":[2814],"tags":[17,1111,11,251,1777,674,849,1011,27,3687,151,14342,884,12,5261,882,25,853],"class_list":{"0":"post-50657","1":"post","2":"type-post","3":"status-publish","4":"format-standard","5":"has-post-thumbnail","7":"category-marseille","8":"tag-17","9":"tag-actu","10":"tag-actualites","11":"tag-culture","12":"tag-eu","13":"tag-europe","14":"tag-festival","15":"tag-fr","16":"tag-france","17":"tag-juin","18":"tag-les","19":"tag-manquer","20":"tag-marseille","21":"tag-news","22":"tag-pas","23":"tag-provence-alpes-cote-dazur","24":"tag-republique-francaise","25":"tag-spectacles"},"share_on_mastodon":{"url":"https:\/\/pubeurope.com\/@fr\/114396215570431275","error":""},"_links":{"self":[{"href":"https:\/\/www.europesays.com\/fr\/wp-json\/wp\/v2\/posts\/50657","targetHints":{"allow":["GET"]}}],"collection":[{"href":"https:\/\/www.europesays.com\/fr\/wp-json\/wp\/v2\/posts"}],"about":[{"href":"https:\/\/www.europesays.com\/fr\/wp-json\/wp\/v2\/types\/post"}],"author":[{"embeddable":true,"href":"https:\/\/www.europesays.com\/fr\/wp-json\/wp\/v2\/users\/2"}],"replies":[{"embeddable":true,"href":"https:\/\/www.europesays.com\/fr\/wp-json\/wp\/v2\/comments?post=50657"}],"version-history":[{"count":0,"href":"https:\/\/www.europesays.com\/fr\/wp-json\/wp\/v2\/posts\/50657\/revisions"}],"wp:featuredmedia":[{"embeddable":true,"href":"https:\/\/www.europesays.com\/fr\/wp-json\/wp\/v2\/media\/50658"}],"wp:attachment":[{"href":"https:\/\/www.europesays.com\/fr\/wp-json\/wp\/v2\/media?parent=50657"}],"wp:term":[{"taxonomy":"category","embeddable":true,"href":"https:\/\/www.europesays.com\/fr\/wp-json\/wp\/v2\/categories?post=50657"},{"taxonomy":"post_tag","embeddable":true,"href":"https:\/\/www.europesays.com\/fr\/wp-json\/wp\/v2\/tags?post=50657"}],"curies":[{"name":"wp","href":"https:\/\/api.w.org\/{rel}","templated":true}]}}