{"id":506574,"date":"2025-11-02T10:52:13","date_gmt":"2025-11-02T10:52:13","guid":{"rendered":"https:\/\/www.europesays.com\/fr\/506574\/"},"modified":"2025-11-02T10:52:13","modified_gmt":"2025-11-02T10:52:13","slug":"fin-de-windows-10-une-transition-vers-windows-11-qui-vire-au-fiasco","status":"publish","type":"post","link":"https:\/\/www.europesays.com\/fr\/506574\/","title":{"rendered":"Fin de Windows 10 : une transition vers Windows 11 qui vire au fiasco"},"content":{"rendered":"<p>Vous n&rsquo;avez pas pu le rater, la prise en charge de Windows 10 par Microsoft est termin\u00e9e. Et pour cette version du syst\u00e8me d\u2019exploitation, c&rsquo;est un fiasco de la part de Microsoft, qui sera peut-\u00eatre m\u00eame \u00e9tudi\u00e9 comme un cas d&rsquo;\u00e9cole dans le futur.<\/p>\n<p><img decoding=\"async\" loading=\"lazy\" src=\"https:\/\/www.europesays.com\/fr\/wp-content\/uploads\/2025\/11\/mg-e703b3b9-w3840-w828-w2600-w1300.jpg\"   data-jslghtbx=\"https:\/\/cdn.mgig.fr\/2025\/10\/mg-e703b3b9-w3840.jpg\"\/>Un des fonds d&rsquo;\u00e9cran de Windows 10. Image Microsoft.<\/p>\n<p>Pourquoi est-ce un fiasco\u00a0? Microsoft propose assez peu de versions majeures de son syst\u00e8me : il y a eu Windows XP (sorti en 2001), Windows Vista (2007), Windows 7 (2009), Windows 8 et 8.1 (2012\/2013), Windows 10 (2015) et enfin Windows 11 (2021), soit six moutures depuis 2001. En comparaison, Apple a sorti vingt-deux versions majeures de macOS (depuis Mac OS\u00a0X 10.0) sur la m\u00eame p\u00e9riode. Dans le cas de Windows, il y a surtout une sorte de cycle : certaines \u00e9ditions sont appr\u00e9ci\u00e9es du public et d&rsquo;autres sont plut\u00f4t consid\u00e9r\u00e9es comme de mauvais crus. Windows XP, Windows 7 et Windows 10 sont dans le premier cas, Windows Vista, Windows 8 et Windows 11 dans le second. Cette pr\u00e9f\u00e9rence pour certaines versions am\u00e8ne un probl\u00e8me : une partie significative des utilisateurs tend \u00e0 ne pas mettre \u00e0 jour son syst\u00e8me, avec tous les soucis de compatibilit\u00e9, de s\u00e9curit\u00e9 et de stagnation dans l&rsquo;\u00e9cosyst\u00e8me Windows que \u00e7a peut impliquer.<\/p>\n<p>Windows 10 a eu du succ\u00e8s et c&rsquo;est bien le probl\u00e8me<\/p>\n<p>Le cas de Windows 10 est particulier : c&rsquo;est une version appr\u00e9ci\u00e9e, qui est arriv\u00e9e \u00e0 un moment sp\u00e9cial dans l&rsquo;informatique personnelle. Le syst\u00e8me a d\u00e9barqu\u00e9 en 2015, six ans apr\u00e8s Windows 7 (qui a eu du succ\u00e8s) et trois ans apr\u00e8s un virage rat\u00e9 de la part de Microsoft, avec un changement d&rsquo;interface qui n&rsquo;a pas pris avec Windows 8. Windows 10 avait un atout : en 2015, les \u00e9volutions technologiques avaient atteint un plateau \u00e0 l&rsquo;\u00e9poque, avec des innovations bien plus lentes qu&rsquo;auparavant. Un simple Core 2 Duo sortis neuf ans plus t\u00f4t \u00e9tait capable de faire tourner le syst\u00e8me d&rsquo;exploitation de fa\u00e7on raisonnable, avec \u00e9ventuellement l&rsquo;ajout d&rsquo;un peu de RAM ou d&rsquo;un SSD, des composants dont le prix avait chut\u00e9.<\/p>\n<p><img decoding=\"async\" loading=\"lazy\" src=\"https:\/\/www.europesays.com\/fr\/wp-content\/uploads\/2025\/11\/mg-2f69fe47-w1920-w828-w1300.jpg\"   data-jslghtbx=\"https:\/\/cdn.mgig.fr\/2025\/10\/mg-2f69fe47-w1920.jpg\"\/>Certains comparent Windows Vista et macOS Tahoe. Montage MacGeneration.<\/p>\n<p>Si nous prenons en exemple deux syst\u00e8mes pr\u00e9c\u00e9dents, la comparaison est plus claire : Windows Vista ne fonctionnait pas d\u00e9cemment sur du mat\u00e9riel de la premi\u00e8re moiti\u00e9 de la d\u00e9cennie. Un PC correct de 2004 \u00e9tait \u00e9quip\u00e9 d&rsquo;un Athlon 64 monoc\u0153ur ou d&rsquo;un Pentium 4, avec 512 Mo de RAM, bien trop peu pour Vista, qui ne devenait agr\u00e9able qu&rsquo;avec deux c\u0153urs et 1 Go de RAM \u2014 et c&rsquo;\u00e9tait un minimum. Dans le cas de Windows XP, c&rsquo;est m\u00eame plus flagrant : un retour en arri\u00e8re de neuf ans impliquait au mieux un 486 \u00e0 66 MHz avec 16 Mo de RAM, \u00e0 peine suffisant pour Windows 95.<\/p>\n","protected":false},"excerpt":{"rendered":"Vous n&rsquo;avez pas pu le rater, la prise en charge de Windows 10 par Microsoft est termin\u00e9e. Et&hellip;\n","protected":false},"author":2,"featured_media":506575,"comment_status":"","ping_status":"","sticky":false,"template":"","format":"standard","meta":{"footnotes":""},"categories":[7],"tags":[62819,1011,27,43,40,41,39,42,44,56769,7474],"class_list":{"0":"post-506574","1":"post","2":"type-post","3":"status-publish","4":"format-standard","5":"has-post-thumbnail","7":"category-sciences-et-technologies","8":"tag-fin-de-windows-10","9":"tag-fr","10":"tag-france","11":"tag-science","12":"tag-science-and-technology","13":"tag-sciences","14":"tag-sciences-et-technologies","15":"tag-technologies","16":"tag-technology","17":"tag-windows-10","18":"tag-windows-11"},"share_on_mastodon":{"url":"https:\/\/pubeurope.com\/@fr\/115479730450754088","error":""},"_links":{"self":[{"href":"https:\/\/www.europesays.com\/fr\/wp-json\/wp\/v2\/posts\/506574","targetHints":{"allow":["GET"]}}],"collection":[{"href":"https:\/\/www.europesays.com\/fr\/wp-json\/wp\/v2\/posts"}],"about":[{"href":"https:\/\/www.europesays.com\/fr\/wp-json\/wp\/v2\/types\/post"}],"author":[{"embeddable":true,"href":"https:\/\/www.europesays.com\/fr\/wp-json\/wp\/v2\/users\/2"}],"replies":[{"embeddable":true,"href":"https:\/\/www.europesays.com\/fr\/wp-json\/wp\/v2\/comments?post=506574"}],"version-history":[{"count":0,"href":"https:\/\/www.europesays.com\/fr\/wp-json\/wp\/v2\/posts\/506574\/revisions"}],"wp:featuredmedia":[{"embeddable":true,"href":"https:\/\/www.europesays.com\/fr\/wp-json\/wp\/v2\/media\/506575"}],"wp:attachment":[{"href":"https:\/\/www.europesays.com\/fr\/wp-json\/wp\/v2\/media?parent=506574"}],"wp:term":[{"taxonomy":"category","embeddable":true,"href":"https:\/\/www.europesays.com\/fr\/wp-json\/wp\/v2\/categories?post=506574"},{"taxonomy":"post_tag","embeddable":true,"href":"https:\/\/www.europesays.com\/fr\/wp-json\/wp\/v2\/tags?post=506574"}],"curies":[{"name":"wp","href":"https:\/\/api.w.org\/{rel}","templated":true}]}}