{"id":506576,"date":"2025-11-02T10:53:11","date_gmt":"2025-11-02T10:53:11","guid":{"rendered":"https:\/\/www.europesays.com\/fr\/506576\/"},"modified":"2025-11-02T10:53:11","modified_gmt":"2025-11-02T10:53:11","slug":"investir-utile-et-gagner-de-largent-en-aidant-un-agriculteur-cest-possible","status":"publish","type":"post","link":"https:\/\/www.europesays.com\/fr\/506576\/","title":{"rendered":"Investir \u00ab\u00a0utile\u00a0\u00bb et gagner de l\u2019argent en aidant un agriculteur\u00a0? C\u2019est possible"},"content":{"rendered":"<p>Gagner de l\u2019<a href=\"https:\/\/www.20minutes.fr\/dossier\/argent\" class=\"c-link c-link--is-underlined\" target=\"_blank\" rel=\"noopener\">argent<\/a> tout en prot\u00e9geant la <a href=\"https:\/\/www.20minutes.fr\/planete\/environnement\/\" class=\"c-link c-link--is-underlined\" target=\"_blank\" rel=\"noopener\">plan\u00e8te<\/a>, n\u2019est pas antinomique. Epargner intelligent, utile, solidaire, certains, de plus en plus nombreux, ont d\u00e9cid\u00e9 de mener leur portefeuille en accord avec leurs convictions. L\u2019<a href=\"https:\/\/www.20minutes.fr\/planete\/agroecologie\/\" class=\"c-link c-link--is-underlined\" target=\"_blank\" rel=\"noopener\">agro\u00e9cologie<\/a>, un mod\u00e8le agricole n\u00e9 dans les ann\u00e9es\u00a01980, trace aujourd\u2019hui son sillon et permet d\u2019investir aussi dans la terre et favoriser une <a href=\"https:\/\/www.20minutes.fr\/societe\/4174615-20250922-agriculture-profonde-incomprehension-pourquoi-france-hausse-future-pac\" target=\"_blank\" class=\"c-link c-link--is-underlined\" rel=\"noopener\">agriculture responsable<\/a>, le tout en donnant une chance \u00e0 ceux qui veulent devenir agriculteurs mais qui n\u2019en ont pas les moyens, d\u2019y parvenir.<\/p>\n<p>C\u2019est dans cet esprit qu\u2019a \u00e9t\u00e9 cr\u00e9\u00e9 en\u00a02021 <a href=\"https:\/\/www.feve.co\/\" rel=\"nofollow noopener\" target=\"_blank\" class=\"c-link c-link--is-underlined\">Fermes en vie (Feve)<\/a>, une fonci\u00e8re agricole qui permet, aux particuliers comme aux gros investisseurs institutionnels, de placer leur argent tout en facilitant les installations agricoles et en acc\u00e9l\u00e9rant la transition agro\u00e9cologique.<\/p>\n<p>Location avec option d\u2019achat<\/p>\n<p>Concr\u00e8tement, cette fonci\u00e8re ach\u00e8te, en faisant aussi appel \u00e0 des particuliers, des <a href=\"https:\/\/www.20minutes.fr\/planete\/environnement\/4064464-20231130-agriculture-pourquoi-taxation-terres-agricoles-francaises-favorise-artificialisation\" target=\"_blank\" class=\"c-link c-link--is-underlined\" rel=\"noopener\">terres agricoles<\/a> puis les loue, \u00ab\u00a0avec option d\u2019achat\u00a0\u00bb, particularit\u00e9 importante qui la diff\u00e9rencie d\u2019autres structures comme Terre de liens, qui partagent sur le fond il est vrai, plus ou moins la m\u00eame philosophie. \u00ab\u00a0Feve est une fonci\u00e8re qui a des projets en agro\u00e9cologie, d\u00e9taille Vincent Kraus, son cofondateur. L\u2019objectif est de r\u00e9pondre \u00e0 deux enjeux du moment, \u00e0 savoir le renouvellement des g\u00e9n\u00e9rations et d\u2019acc\u00e9l\u00e9rer la transition agro\u00e9cologique\u00a0\u00bb, explique Vincent Kraus.<\/p>\n<p><\/p>\n<p>Un autre enjeu est de \u00ab\u00a0favoriser l\u2019arriv\u00e9e de nouveaux agriculteurs, car 50\u00a0% de ceux qui sont en place partiront \u00e0 la retraite d\u2019ici 10 ans, \u00ab\u00a0alors que parall\u00e8lement de plus en plus de gens, mais qui ne sont pas des enfants d\u2019agriculteurs, d\u00e9sirent s\u2019installer mais n\u2019ont pas les fonds pour le foncier\u00a0\u00bb, souligne Vincent Kraus. Enfin, Feve veut \u00ab\u00a0acc\u00e9l\u00e9rer la transition agro\u00e9cologique en essayant de permettre des installations qui respectent une charte, une production \u00e9cologique et une diversification importante, ce qui est une cl\u00e9 \u00e9conomique mais aussi pour faire face aux al\u00e9as climatiques\u00a0\u00bb.<\/p>\n<p>\u00ab\u00a0Les terres agricoles prennent de la valeur avec le temps\u00a0\u00bb<\/p>\n<p>Un dispositif de financement qui a d\u00e9j\u00e0 permis de sauver 40 fermes agro\u00e9cologiques (62 agriculteurs et agricultrices) dans toute la France. Pr\u00e9cis\u00e9ment, ce sont pr\u00e8s de 3.000 investisseurs qui ont r\u00e9ussi mobilis\u00e9 39,6\u00a0millions d\u2019euros \u00ab\u00a0d\u2019\u00e9pargne \u00e9thique, solidaire et durable\u00a0\u00bb, se f\u00e9licite Vincent Kraus. C\u2019est d\u2019ailleurs ce qui a \u00ab\u00a0carr\u00e9ment\u00a0\u00bb aid\u00e9 Vivian Santos et sa femme, exploitants agricoles dans les Landes depuis un peu plus de deux ans. \u00ab\u00a0Quand je suis all\u00e9 voir la banque pour l\u2019achat du mat\u00e9riel et que j\u2019avais d\u00e9j\u00e0 un ch\u00e8que \u00e0 sept chiffres pour les terres, c\u2019est s\u00fbr que \u00e7a a aid\u00e9\u00a0\u00bb, assure l\u2019agriculteur, certain que sans ce dispositif, il n\u2019aurait pas pu r\u00e9aliser son projet. Depuis, bien install\u00e9 dans sa nouvelle profession, il diversifie des grandes cultures, plante des arbres sur une des parcelles en vue d\u2019en faire une p\u00e9pini\u00e8re.<\/p>\n<p><a href=\"https:\/\/www.20minutes.fr\/dossier\/agriculture_bio\" class=\"c-link c-btn c-btn--primary\" target=\"_blank\" rel=\"noopener\">Notre dossier sur l&rsquo;agriculture bio<\/a><\/p>\n<p>Et tout le monde \u00ab\u00a0peut\u00a0\u00bb investir. \u00ab\u00a0Le ticket d\u2019entr\u00e9e <a href=\"https:\/\/www.feve.co\/investir-chez-feve?utm_source=google&amp;utm_medium=cpc&amp;utm_campaign=invest_souscription&amp;utm_content=pmax&amp;utm_term=&amp;utm_campaign=Invest+-+Performance+Max&amp;utm_source=adwords&amp;utm_medium=ppc&amp;hsa_acc=6079087200&amp;hsa_cam=20768198089&amp;hsa_grp=&amp;hsa_ad=&amp;hsa_src=x&amp;hsa_tgt=&amp;hsa_kw=&amp;hsa_mt=&amp;hsa_net=adwords&amp;hsa_ver=3&amp;gad_source=1&amp;gad_campaignid=20764415480&amp;gbraid=0AAAAABn3rJI5EGgVIYDTEFB3b82i9MMB0&amp;gclid=CjwKCAjw04HIBhB8EiwA8jGNbfbKf1ZoE5EWacbJX1vRwmqO9V6k2i8Cwr3pxBO2ASkOaZOLw0CyjRoCGFYQAvD_BwE\" rel=\"nofollow noopener\" target=\"_blank\" class=\"c-link c-link--is-underlined\">est de 500 euros<\/a>, explique Vincent Kraus. Ceux qui investissent le font g\u00e9n\u00e9ralement pour donner du sens \u00e0 leur \u00e9pargne, mais aussi pour investir dans un secteur qui est peu risqu\u00e9, car la terre agricole \u00e7a reste tangible et \u00e7a a pris de la valeur dans le temps et c\u2019est tr\u00e8s peu volatile\u00a0\u00bb. Autre gros avantage et non des moindres\u00a0: les gens qui investissent b\u00e9n\u00e9ficient d\u2019une r\u00e9duction d\u2019imp\u00f4t car Feve a l\u2019agr\u00e9ment de <a href=\"https:\/\/www.20minutes.fr\/economie\/\" class=\"c-link c-link--is-underlined\" target=\"_blank\" rel=\"noopener\">l\u2019\u00e9conomie sociale et solidaire<\/a>, ce qui, ajout\u00e9 \u00e0 une rentabilit\u00e9 autour de 2\u00a0% par an, transforme l\u2019agro\u00e9cologie en investissement \u00ab\u00a0super attractif\u00a0\u00bb, selon le confondateur de Feve.<\/p>\n","protected":false},"excerpt":{"rendered":"Gagner de l\u2019argent tout en prot\u00e9geant la plan\u00e8te, n\u2019est pas antinomique. Epargner intelligent, utile, solidaire, certains, de plus&hellip;\n","protected":false},"author":2,"featured_media":506577,"comment_status":"","ping_status":"","sticky":false,"template":"","format":"standard","meta":{"footnotes":""},"categories":[6],"tags":[47,57552,1261,35,51,33,62820,34,590,1011,27,399,52,3400,3945],"class_list":{"0":"post-506576","1":"post","2":"type-post","3":"status-publish","4":"format-standard","5":"has-post-thumbnail","7":"category-economie","8":"tag-actualite","9":"tag-agroecologie","10":"tag-argent","11":"tag-business","12":"tag-ecologie","13":"tag-economie","14":"tag-economie-collaborative","15":"tag-economy","16":"tag-finance","17":"tag-fr","18":"tag-france","19":"tag-investissement","20":"tag-planete","21":"tag-solidarite","22":"tag-terrain"},"share_on_mastodon":{"url":"https:\/\/pubeurope.com\/@fr\/115479734160924589","error":""},"_links":{"self":[{"href":"https:\/\/www.europesays.com\/fr\/wp-json\/wp\/v2\/posts\/506576","targetHints":{"allow":["GET"]}}],"collection":[{"href":"https:\/\/www.europesays.com\/fr\/wp-json\/wp\/v2\/posts"}],"about":[{"href":"https:\/\/www.europesays.com\/fr\/wp-json\/wp\/v2\/types\/post"}],"author":[{"embeddable":true,"href":"https:\/\/www.europesays.com\/fr\/wp-json\/wp\/v2\/users\/2"}],"replies":[{"embeddable":true,"href":"https:\/\/www.europesays.com\/fr\/wp-json\/wp\/v2\/comments?post=506576"}],"version-history":[{"count":0,"href":"https:\/\/www.europesays.com\/fr\/wp-json\/wp\/v2\/posts\/506576\/revisions"}],"wp:featuredmedia":[{"embeddable":true,"href":"https:\/\/www.europesays.com\/fr\/wp-json\/wp\/v2\/media\/506577"}],"wp:attachment":[{"href":"https:\/\/www.europesays.com\/fr\/wp-json\/wp\/v2\/media?parent=506576"}],"wp:term":[{"taxonomy":"category","embeddable":true,"href":"https:\/\/www.europesays.com\/fr\/wp-json\/wp\/v2\/categories?post=506576"},{"taxonomy":"post_tag","embeddable":true,"href":"https:\/\/www.europesays.com\/fr\/wp-json\/wp\/v2\/tags?post=506576"}],"curies":[{"name":"wp","href":"https:\/\/api.w.org\/{rel}","templated":true}]}}