{"id":506582,"date":"2025-11-02T10:58:14","date_gmt":"2025-11-02T10:58:14","guid":{"rendered":"https:\/\/www.europesays.com\/fr\/506582\/"},"modified":"2025-11-02T10:58:14","modified_gmt":"2025-11-02T10:58:14","slug":"tombeur-de-saint-etienne-le-red-star-sinvite-a-la-deuxieme-place","status":"publish","type":"post","link":"https:\/\/www.europesays.com\/fr\/506582\/","title":{"rendered":"tombeur de Saint-\u00c9tienne, le Red Star s\u2019invite \u00e0 la deuxi\u00e8me place"},"content":{"rendered":"<p>\n    Sur leur pelouse de Bauer, les Audoniens ont fait la diff\u00e9rence en premi\u00e8re p\u00e9riode avant de r\u00e9sister au retour des Verts dans le choc de la 13e journ\u00e9e de Ligue 2.<\/p>\n<p class=\"fig-paragraph\">Le choc pour le Red Star. Port\u00e9e par le doubl\u00e9 de Damien Durand, l\u2019\u00e9quipe entra\u00een\u00e9e par Gr\u00e9gory Poirier a r\u00e9sist\u00e9 au retour de\u00a0<a href=\"http:\/\/www.lefigaro.fr\/sports\/football\/ligue-2-saint-etienne-rebondit-troyes-confirme-le-red-star-sombre-a-dunkerque-20251028\" data-fig-type=\"NewsFlash\" data-gtm-custom-categorie=\"navigation\" data-gtm-custom-action=\"crossclick\" data-gtm-custom-label=\"Contextuel\" data-gtm-event=\"customEventSPE\" data-fig-domain=\"LEFIGARO\" target=\"_blank\" rel=\"noopener\">Saint-\u00c9tienne<\/a>\u00a0pour s&rsquo;imposer 2 \u00e0 1 ce samedi \u00e0 Saint-Ouen, et prendre la deuxi\u00e8me place de Ligue 2 aux Verts. Gr\u00e2ce \u00e0 ce succ\u00e8s, les Audoniens (26 points) recollent \u00e0 une longueur du leader Troyes et prennent trois points d&rsquo;avance sur les St\u00e9phanois, dont la d\u00e9fense a de nouveau montr\u00e9 ses limites.<\/p>\n<p class=\"fig-paragraph\">Apr\u00e8s seulement 34 secondes de jeu, Damien Durand a profit\u00e9 de la passivit\u00e9 de Joao Ferreira pour r\u00e9cup\u00e9rer le ballon dans la surface et ouvrir le score d&rsquo;une frappe au poteau oppos\u00e9. Ferreira et Irvin Cardona auraient pu ramener les St\u00e9phanois \u00e0 hauteur mais Giovanni Haag (14e) puis Kemo Ciss\u00e9 (19e) ont parfaitement suppl\u00e9\u00e9 leur gardien Ga\u00ebtan Poussin.<\/p>\n<p>                                    <a class=\"fig-a11y-skip a11y-hidden\" href=\"#fig-a11y-skip-main-inarticle\"><br \/>\n        Passer la publicit\u00e9<br \/>\n    <\/a><\/p>\n<p class=\"fig-paragraph\">Se cr\u00e9ant moins d&rsquo;occasions mais affichant davantage de ma\u00eetrise dans le jeu, le Red Star a doubl\u00e9 la mise sur sa deuxi\u00e8me occasion, Durand venant reprendre parfaitement un centre de Sylla (31e) pour inscrire son 7e but de la saison. Les locaux auraient m\u00eame d\u00fb tripler la mise, un but de l&rsquo;ancien marseillais Sa\u00eef-Eddine Khaoui ayant \u00e9t\u00e9 injustement refus\u00e9 (36e).<\/p>\n<p class=\"fig-paragraph\">Au retour des vestiaires, Poussin s&rsquo;est interpos\u00e9 devant Cardona (68e) et Lucas Stassin (70e), mais n&rsquo;a rien pu faire sur un coup franc \u00e0 ras de terre de Zuriko Davitashvili (71e). Les Verts ont alors pouss\u00e9 pour \u00e9galiser, en vain.<\/p>\n<p class=\"fig-paragraph\">Dans les autres rencontres de samedi, Grenoble est all\u00e9 s&rsquo;imposer \u00e0 Amiens (3-2) et Reims s&rsquo;est inclin\u00e9 face \u00e0 Dunkerque (2-1).<\/p>\n","protected":false},"excerpt":{"rendered":"Sur leur pelouse de Bauer, les Audoniens ont fait la diff\u00e9rence en premi\u00e8re p\u00e9riode avant de r\u00e9sister au&hellip;\n","protected":false},"author":2,"featured_media":506583,"comment_status":"","ping_status":"","sticky":false,"template":"","format":"standard","meta":{"footnotes":""},"categories":[9653],"tags":[1111,11,461,2430,1777,674,1011,27,12,5416,25,4001],"class_list":{"0":"post-506582","1":"post","2":"type-post","3":"status-publish","4":"format-standard","5":"has-post-thumbnail","7":"category-saint-etienne","8":"tag-actu","9":"tag-actualites","10":"tag-asse","11":"tag-auvergne-rhone-alpes","12":"tag-eu","13":"tag-europe","14":"tag-fr","15":"tag-france","16":"tag-news","17":"tag-red-star","18":"tag-republique-francaise","19":"tag-saint-etienne"},"share_on_mastodon":{"url":"https:\/\/pubeurope.com\/@fr\/115479753821967374","error":""},"_links":{"self":[{"href":"https:\/\/www.europesays.com\/fr\/wp-json\/wp\/v2\/posts\/506582","targetHints":{"allow":["GET"]}}],"collection":[{"href":"https:\/\/www.europesays.com\/fr\/wp-json\/wp\/v2\/posts"}],"about":[{"href":"https:\/\/www.europesays.com\/fr\/wp-json\/wp\/v2\/types\/post"}],"author":[{"embeddable":true,"href":"https:\/\/www.europesays.com\/fr\/wp-json\/wp\/v2\/users\/2"}],"replies":[{"embeddable":true,"href":"https:\/\/www.europesays.com\/fr\/wp-json\/wp\/v2\/comments?post=506582"}],"version-history":[{"count":0,"href":"https:\/\/www.europesays.com\/fr\/wp-json\/wp\/v2\/posts\/506582\/revisions"}],"wp:featuredmedia":[{"embeddable":true,"href":"https:\/\/www.europesays.com\/fr\/wp-json\/wp\/v2\/media\/506583"}],"wp:attachment":[{"href":"https:\/\/www.europesays.com\/fr\/wp-json\/wp\/v2\/media?parent=506582"}],"wp:term":[{"taxonomy":"category","embeddable":true,"href":"https:\/\/www.europesays.com\/fr\/wp-json\/wp\/v2\/categories?post=506582"},{"taxonomy":"post_tag","embeddable":true,"href":"https:\/\/www.europesays.com\/fr\/wp-json\/wp\/v2\/tags?post=506582"}],"curies":[{"name":"wp","href":"https:\/\/api.w.org\/{rel}","templated":true}]}}