{"id":506594,"date":"2025-11-02T11:07:22","date_gmt":"2025-11-02T11:07:22","guid":{"rendered":"https:\/\/www.europesays.com\/fr\/506594\/"},"modified":"2025-11-02T11:07:22","modified_gmt":"2025-11-02T11:07:22","slug":"des-champions-dans-loctogone-promet-laetitia-madjene","status":"publish","type":"post","link":"https:\/\/www.europesays.com\/fr\/506594\/","title":{"rendered":"\u00ab\u00a0Des champions dans l&rsquo;octogone\u00a0\u00bb promet Laetitia Madjene"},"content":{"rendered":"<p>            Par<br \/>\n        <strong><br \/>\n            <a href=\"https:\/\/actu.fr\/auteur\/jm-aubert\" title=\"Consulter tous les articles de Jean-Marc Aubert\" target=\"_blank\" rel=\"noopener\">Jean-Marc Aubert<\/a><br \/>\n        <\/strong><\/p>\n<p>        Publi\u00e9 le<\/p>\n<p>            2 nov. 2025 \u00e0 11h26<br \/>\n        ; mis \u00e0 jour le 2 nov. 2025 \u00e0 11h27    <\/p>\n<p>Et de quatre : la nouvelle \u00e9dition du show in\u00e9dit<strong> Champion\u2019ship<\/strong> du <strong>Dynamite MMA<\/strong> dans l\u2019octogone de la <strong>Sud de France Arena<\/strong> de Montpellier, \u00e0 <strong>P\u00e9rols<\/strong>, a lieu ce samedi 8 novembre 2025 en soir\u00e9e, avec une riche programmation concoct\u00e9e par les organisateurs, <strong>Gilles Berdaguer<\/strong>, <strong>Michel Garcia<\/strong> et <strong>Laetitia Madjene<\/strong> en t\u00eate. La liste des participants de ce sport de combat sera d\u00e9voil\u00e9 dans la semaine : au programme, six combats masculins et quatre f\u00e9minins.<\/p>\n<p class=\" wall-content\">L\u2019affiche de la Dynamite MMA 2025, appel\u00e9e aussi la main-event est d\u00e9j\u00e0 officielle, puisque les deux stars de cette discipline ont sign\u00e9, mais les noms seront donn\u00e9s dans la semaine donc. On sait aussi que la co-main event sera un combat f\u00e9minin\u00a0entre la Br\u00e9silienne Mileide Simplicio et la Bulgare Aleksandra Toncheva. Bref, il y aura des champions dans l\u2019octogone.<\/p>\n<p>    <a href=\"https:\/\/www.google.com\/maps\/embed?pb=!1m18!1m12!1m3!1d5481.995193152423!2d3.9482033203976177!3d43.57327022955243!2m3!1f0!2f0!3f0!3m2!1i1024!2i768!4f13.1!3m3!1m2!1s0x12b6a4d5fc7a3bf7%3A0x7409bb29f43e093a!2sSud%20de%20France%20Arena!5e0!3m2!1sfr!2sfr!4v1762075156500!5m2!1sfr!2sfr\" title=\"Ouvrie le lien\" target=\"_blank\" rel=\"noopener\">Cliquez ici pour visualiser le contenu<\/a><\/p>\n<p>    <img   decoding=\"async\" loading=\"lazy\" src=\"https:\/\/www.europesays.com\/fr\/wp-content\/uploads\/2025\/11\/dmma-3-4-1000x1000-1-960x640.jpg\" alt=\"Deux combattants de MMA dans l'octogone de l'Arena en 2024\" width=\"960\" height=\"640\"\/><br \/>\n    Deux combattants de MMA dans l\u2019octogone de l\u2019Arena en 2024 (\u00a9Dynamite MMA)<\/p>\n<p class=\" wall-content\">Depuis trois ans, l\u2019Arena fait le plein pour ces comp\u00e9titions de MMA qui voient, cette ann\u00e9e, des combattantes mises \u00e0 l\u2019honneur, pour le plus grand plaisir de la Montpelli\u00e9raine Laetitia Madjene, qui n\u2019est autre que la <strong>championne du monde 1978 <\/strong>de K1, le kick-boxing.\u00a0C\u2019est elle qui sera au micro samedi soir pour commenter les combats et les prestations au public. Ambiance garantie.\u00a0<\/p>\n<p class=\" wall-content\">\u00ab\u00a0On s\u2019est rendu compte que les combats f\u00e9minins plaisent beaucoup, ils sont tr\u00e8s engag\u00e9s, parce que les femmes ont la hargne, elles ne l\u00e2chent rien\u00a0\u00bb, assure celle qui est responsable de l\u2019association avec Gilles Berdaguer, le fondateur et Michel Garcia.<\/p>\n<p>Vid\u00e9os : en ce moment sur Actu<\/p>\n<p class=\" wall-content\">\u00ab\u00a0Humilit\u00e9, confiance, travail et plaisir. On travaille tous beaucoup parce qu\u2019on ne peut pas r\u00e9ussir sans y mettre de l\u2019\u00e9nergie\u00a0\u00bb explique Gilles Berdaguer.\u00a0L\u2019ann\u00e9e\u00a0derni\u00e8re, ils \u00e9taient 7 500\u00a0enthousiastes\u00a0sur les gradins de l\u2019Arena, autour de l\u2019octogone. \u00ab\u00a0Dynamite MMA, ce n\u2019est pas un gala classique dans un gymnase, c\u2019est un spectacle, d\u2019o\u00f9 le choix de l\u2019Arena. Il est ouvert \u00e0 toutes et \u00e0\u00a0tous. Pas besoin d\u2019\u00eatre un adepte de ce sport\u00a0qui\u00a0n\u2019est\u00a0pas violent.<\/p>\n<p>Votre r\u00e9gion, votre actu !<\/p>\n<p>Recevez chaque jour les infos qui comptent pour vous.<\/p>\n<p>\t<a href=\"https:\/\/actu.fr\/newsletter\" class=\"ac-btn ac-btn--corner ac-btn--medium ac-btn--blue800\" target=\"_blank\" rel=\"noopener\">S&rsquo;incrire<\/a><br \/>\nArts martiaux r\u00e9unis\u00a0<\/p>\n<p class=\" wall-content\">Pour r\u00e9sumer \u00e0 celles et ceux qui n\u2019ont jamais entendu parler de MMA, c\u2019est un sport de combat tridimensionnel regroupant des techniques issues de nombreux arts martiaux et sports de combat -judo,boxe,karat\u00e9- pour former une discipline singuli\u00e8re avec ses propres sp\u00e9cificit\u00e9s.<\/p>\n<p>    <img   decoding=\"async\" loading=\"lazy\" src=\"https:\/\/www.europesays.com\/fr\/wp-content\/uploads\/2025\/11\/0-1-2-960x640.jpeg\" alt=\"La Montpelli\u00e9raine Laetitia Madjene commentera les comp\u00e9titions ce samedi \u00e0 l'Arena\" width=\"960\" height=\"640\"\/><br \/>\n    La Montpelli\u00e9raine Laetitia Madjene commentera les comp\u00e9titions ce samedi \u00e0 l\u2019Arena (\u00a9M\u00e9tropolitain)Cinq questions \u00e0 Laetitia Madjene\u00a0<\/p>\n<p class=\" wall-content\"><strong>M\u00e9tropolitain : depuis le premier Dynamite MMA \u00e0 l\u2019Arena, le succ\u00e8s se confirme chaque ann\u00e9e. Est-ce que ce quatri\u00e8me rendez-vous ce 8 novembre va confirmer ces affluences pr\u00e9c\u00e9dentes, autour de 7-8 000 personnes ?<\/strong><\/p>\n<p class=\" wall-content\"><strong>Laetitia Madjene :<\/strong> Nous avons, en effet, pu observer, au fil des \u00e9ditions, une croissance exponentielle des ventes et bien s\u00fbr, nous esp\u00e9rons que notre 4\u00e8me \u00e9dition sera \u00e0 la hauteur de nos attentes et que le public sera pr\u00e9sent et motiv\u00e9 car c\u2019est gr\u00e2ce\u00a0\u00e0 lui aussi que nos \u00e9v\u00e9nements plaisent. L\u2019ambiance que l\u2019on y retrouve s\u00e9duit m\u00eame les personnes \u00e9trang\u00e8res \u00e0 ce milieu. C\u2019est pourquoi, nous accueillons de plus en plus un public vari\u00e9\u00a0et de tout horizon.\u00a0\u00a0<\/p>\n<p class=\" wall-content\"><strong>Comment expliquer cet engouement ?<\/strong><\/p>\n<p class=\" wall-content\">En France est l\u2019un des derniers pays \u00e0 avoir\u00a0l\u00e9galis\u00e9 le MMA, en f\u00e9vrier\u00a02020, alors dans les autres pays il est pratiqu\u00e9 en comp\u00e9tition depuis\u00a01993.\u00a0Les combattants Fran\u00e7ais, qui ont perc\u00e9 et se sont fait\u00a0conna\u00eetre\u00a0mondialement, ont contribu\u00e9\u00a0\u00e0 cet attrait pour le MMA. Citons par exemple, Cyril Gane, Benoit Saint Denis ou encore, en f\u00e9minine, Manon Fioro. De plus, cette discipline rassemble plusieurs arts lutte, jiujistu\u00a0br\u00e9silien, boxe tha\u00ef, elle permet donc de voir tout un panel dans un combat.\u00a0Le public fran\u00e7ais\u00a0s\u2019ouvre de plus en plus \u00e0 cette discipline\u00a0qu\u2019il conna\u00eet\u00a0mieux \u00e0 pr\u00e9sent, les gens viennent en famille, avec femmes et enfants et consid\u00e8rent beaucoup plus ce sport qu\u2019auparavant, jug\u00e9 souvent \u00ab\u00a0violent\u00a0\u00bb.\u00a0<\/p>\n<p class=\" wall-content\"><strong>Est-ce que cet attrait pour le MMA se ressent dans le club, l\u2019association Dynamite install\u00e9e \u00e0 Jacou, avec des inscriptions d\u2019adeptes, notamment des jeunes ?<\/strong><\/p>\n<p class=\" wall-content\">En effet, ce sport s\u2019est bien d\u00e9mocratis\u00e9, et nous voyons arriver de plus en plus de jeunes, de filles, de femmes, et d\u2019enfants, parfois d\u00e8s l\u2019\u00e2ge de 4 ans. D\u2019ailleurs c\u2019est un super sport pour les enfants, dans plusieurs pays, la lutte est accessible tr\u00e8s t\u00f4t pour le plus grand bonheur des enfants comme des parents. Et autour de l\u2019octogone de l\u2019Arena, lors des trois premi\u00e8res \u00e9ditions, il y a de tr\u00e8s nombreux jeunes qui sont venus d\u00e9couvrir ce sport attrayant.<\/p>\n<p class=\" wall-content\"><strong>Quelle est la programmation de cette \u00e9dition ? Y aura t-il encore du lourd dans l\u2019octogone ?<\/strong><\/p>\n<p class=\" wall-content\">Pour cette \u00e9dition, nos partenaires ont bien jou\u00e9 le jeu et proposeront de multiples animations d\u00e8s 15h, samedi 8 novembre dans le hall de l\u2019Arena\u00a0avec des danseuses, du football am\u00e9ricain, de la VR Taekwondo (casque de r\u00e9alit\u00e9 virtuelle), des machines de frappe, des voitures de luxe, des motos avec notre partenaire Freebiker et avec d\u2019ailleurs une moto \u00e0 gagner gr\u00e2ce au billet achet\u00e9. Nous pr\u00e9voyons\u00a0\u00e9galement, deux belles ceintures pour deux combats cette ann\u00e9e.\u00a0Et nous aurons toujours, une superbe animation avec notre djette\u00a0Maeva Carter et notre speaker Eric Hirschi.\u00a0Nous faisons en sorte que les combats soient le plus \u00e9quilibr\u00e9s possible afin de permettre un bel \u00e9change entre nos combattants pour qu\u2019ils s\u2019expriment et bien s\u00fbr que le public soit ravi. Cette ann\u00e9e, nous avons dix combats, dont quatre f\u00e9minins \u00e0 la diff\u00e9rence des organisations pr\u00e9c\u00e9dentes. Un choix qui n\u2019est pas fait au hasard, car les femmes sont souvent d\u00e9termin\u00e9es, engag\u00e9es et strat\u00e9giques.<\/p>\n<p class=\" wall-content\"><strong>On voit que le boxeur montpelli\u00e9rain Jimmy Vienot se met au MMA. Est-ce une \u00e9toile montante qui va reprendre\u00a0\u00bbsentier Montpellier dans cette discipline sportive ?<\/strong><\/p>\n<p class=\" wall-content\">Jimmy est un tr\u00e8s bon boxeur qui a d\u00e9tr\u00f4n\u00e9 les meilleurs dans sa discipline qu\u2019est la boxe tha\u00eflandaise. \u00c9tant\u00a0boxeuse moi m\u00eame et titr\u00e9e mondialement, je connais les sacrifices et l\u2019engagement\u00a0que cela requiert, donc si Jimmy est pr\u00eat \u00e0 donner en MMA autant qu\u2019il ne l\u2019ait fait en boxe, je ne me fais aucun souci pour lui. Il a toutes ses chances pour percer, son v\u00e9cu pied\/poing et son exp\u00e9rience\u00a0dans les rings seront un atout pour lui.<\/p>\n<p class=\" wall-content\">En attendant de voir un jour Jimmy Vienot combattre dans l\u2019octogone de l\u2019Arena, un Montpelli\u00e9rain retiendra toute l\u2019attention :\u00a0<strong>Amin Bouazza<\/strong> est, en effet, \u00e0 l\u2019affiche de cette soir\u00e9e Dynamite MMA. En d\u00e9but d\u2019ann\u00e9e, le licenci\u00e9 du club de La Bonne \u00c9cole, dans le quartier Clemenceau-Chaptal avait remport\u00e9 son combat \u00e0 la Sud de France Arena.<\/p>\n<p>Le 7 novembre, la traditionnelle pes\u00e9e<\/p>\n<p class=\" wall-content\">La traditionnelle pes\u00e9e la veille des comp\u00e9titions aura donc lieu ce vendredi 7 novembre \u00e0 \u00a0partir de 18h au Pasino de La Grande-Motte. Un moment tr\u00e8s int\u00e9ressant \u00e0 d\u00e9couvrir pour ceux qui se passionnent pour la MMA.<\/p>\n<p class=\" wall-content\">Samedi 8 novembre, les portes de la Sud de France Arena seront ouvertes \u00e0 15h avec jusqu\u2019au d\u00e9but des combats, \u00e0 18h30, de nombreuses animations, dont \u00e0 16h30 un show de la DJ montpelli\u00e9raine Ma\u00ebva Carter. Comme disent Laetitia, Gilles et Michel, ce sera encore de la dynamite !\u00a0<\/p>\n<p>&gt; Programme complet et billetterie pour r\u00e9server votre place<a href=\"https:\/\/dynamite-mma.com\" target=\"_blank\" rel=\"noopener\"> ici\u00a0<\/a><\/p>\n<p class=\" wall-content\">Personnalisez votre actualit\u00e9 en ajoutant vos villes et m\u00e9dias en favori avec <a href=\"https:\/\/moncompte.actu.fr\" title=\"D\u00e9couvez Mon Actu\" rel=\"nofollow noopener\" data-trk=\"{&quot;cta&quot;:{&quot;action&quot;:&quot;https:\\\/\\\/moncompte.actu.fr&quot;,&quot;category&quot;:&quot;mon compte&quot;,&quot;from&quot;:&quot;article footer&quot;,&quot;name&quot;:&quot;Mon actu&quot;,&quot;type&quot;:&quot;cta&quot;}}\" target=\"_blank\">Mon Actu<\/a>.<\/p>\n","protected":false},"excerpt":{"rendered":"Par Jean-Marc Aubert Publi\u00e9 le 2 nov. 2025 \u00e0 11h26 ; mis \u00e0 jour le 2 nov. 2025&hellip;\n","protected":false},"author":2,"featured_media":506595,"comment_status":"","ping_status":"","sticky":false,"template":"","format":"standard","meta":{"footnotes":""},"categories":[9599],"tags":[1111,11,51346,3062,1777,674,1011,27,1847,2208,12,2680,25,60],"class_list":{"0":"post-506594","1":"post","2":"type-post","3":"status-publish","4":"format-standard","5":"has-post-thumbnail","7":"category-montpellier","8":"tag-actu","9":"tag-actualites","10":"tag-arena-de-montpellier","11":"tag-autres-sports","12":"tag-eu","13":"tag-europe","14":"tag-fr","15":"tag-france","16":"tag-mma","17":"tag-montpellier","18":"tag-news","19":"tag-occitanie","20":"tag-republique-francaise","21":"tag-sports"},"share_on_mastodon":{"url":"https:\/\/pubeurope.com\/@fr\/115479789959034140","error":""},"_links":{"self":[{"href":"https:\/\/www.europesays.com\/fr\/wp-json\/wp\/v2\/posts\/506594","targetHints":{"allow":["GET"]}}],"collection":[{"href":"https:\/\/www.europesays.com\/fr\/wp-json\/wp\/v2\/posts"}],"about":[{"href":"https:\/\/www.europesays.com\/fr\/wp-json\/wp\/v2\/types\/post"}],"author":[{"embeddable":true,"href":"https:\/\/www.europesays.com\/fr\/wp-json\/wp\/v2\/users\/2"}],"replies":[{"embeddable":true,"href":"https:\/\/www.europesays.com\/fr\/wp-json\/wp\/v2\/comments?post=506594"}],"version-history":[{"count":0,"href":"https:\/\/www.europesays.com\/fr\/wp-json\/wp\/v2\/posts\/506594\/revisions"}],"wp:featuredmedia":[{"embeddable":true,"href":"https:\/\/www.europesays.com\/fr\/wp-json\/wp\/v2\/media\/506595"}],"wp:attachment":[{"href":"https:\/\/www.europesays.com\/fr\/wp-json\/wp\/v2\/media?parent=506594"}],"wp:term":[{"taxonomy":"category","embeddable":true,"href":"https:\/\/www.europesays.com\/fr\/wp-json\/wp\/v2\/categories?post=506594"},{"taxonomy":"post_tag","embeddable":true,"href":"https:\/\/www.europesays.com\/fr\/wp-json\/wp\/v2\/tags?post=506594"}],"curies":[{"name":"wp","href":"https:\/\/api.w.org\/{rel}","templated":true}]}}