{"id":506596,"date":"2025-11-02T11:09:27","date_gmt":"2025-11-02T11:09:27","guid":{"rendered":"https:\/\/www.europesays.com\/fr\/506596\/"},"modified":"2025-11-02T11:09:27","modified_gmt":"2025-11-02T11:09:27","slug":"les-buts-de-la-rencontre","status":"publish","type":"post","link":"https:\/\/www.europesays.com\/fr\/506596\/","title":{"rendered":"les buts de la rencontre"},"content":{"rendered":"<p>Le FC Rouen a mis fin \u00e0 la douzi\u00e8me journ\u00e9e du championnat National sur une note victorieuse en s&rsquo;imposant difficilement 2 buts \u00e0 1 face \u00e0 Villefranche, ce samedi. Malgr\u00e9 les absences notables de Benzia et Bezzekhami (suspendus), ainsi que de Titebah et Faye (bless\u00e9s), les Normands ont d\u00e9montr\u00e9 leur force de caract\u00e8re. C&rsquo;est pourtant Villefranche qui a douch\u00e9 l&rsquo;ambiance au stade Diochon en premi\u00e8re p\u00e9riode : parfaitement plac\u00e9 sur un centre venu de la droite, Leye a surpris la d\u00e9fense rouennaise d&rsquo;une reprise de l&rsquo;ext\u00e9rieur du pied droit \u00e0 bout portant, ouvrant le score \u00e0 la 19e minute (0-1).<\/p>\n<p>Le FCR, loin d&rsquo;abdiquer, a intensifi\u00e9 la pression offensive pour r\u00e9tablir la parit\u00e9 avant la pause. Les efforts ont pay\u00e9 gr\u00e2ce \u00e0 Charles Abi. Alert\u00e9 dans la surface, l&rsquo;attaquant a d\u00e9livr\u00e9 une belle frappe du gauche qui a fait mouche, signant son tout premier but de la saison et permettant \u00e0 Rouen de rentrer aux vestiaires sur le score de 1-1 (42e). La d\u00e9livrance est finalement venue en fin de rencontre. Apr\u00e8s avoir but\u00e9 plusieurs fois sur le gardien de Villefranche-Beaujolais, Amadou Ba-Sy a trouv\u00e9 la faille. Parti de la gauche, il a arm\u00e9 une frappe puissante du droit qui est venue se loger au fond des filets \u00e0 la 84e minute, offrant une pr\u00e9cieuse victoire (2-1) aux Diables Rouges.<\/p>\n<p>Gr\u00e2ce \u00e0 ce succ\u00e8s arrach\u00e9 sur le fil, le FC Rouen conforte sa position de leader incontest\u00e9 du National. Le club normand prend d\u00e9sormais le large avec une confortable avance de sept points sur le peloton de poursuivants compos\u00e9 de Sochaux (2e), Dijon (3e), Versailles (4e) et Orl\u00e9ans (5e). \u00c0 l&rsquo;inverse, le FC Villefranche-Beaujolais (14e avec 11 points) se rapproche dangereusement de la zone de rel\u00e9gation apr\u00e8s cette d\u00e9faite.<\/p>\n<p><strong>Les buts de la rencontre :\u00a0<\/strong><\/p>\n<blockquote class=\"twitter-tweet\" data-media-max-width=\"560\">\n<p dir=\"ltr\" lang=\"fr\">Coup de froid au stade Robert-Diochon avec l&rsquo;ouverture du score du <a href=\"https:\/\/twitter.com\/FCVB_officiel?ref_src=twsrc%5Etfw\" target=\"_blank\" rel=\"noopener\">@FCVB_officiel<\/a> sur la pelouse du leader. Babacar Leye marque son 2e but de la saison.<br \/>1\ufe0f\u20e3 &#8211; 0\ufe0f\u20e3 I 19e<\/p>\n<p>Suivez le match en direct sur notre cha\u00eene YouTube \u00ab\u00a0Championnat National Officiel\u00a0\u00bb !<a href=\"https:\/\/twitter.com\/hashtag\/NationalFFF?src=hash&amp;ref_src=twsrc%5Etfw\" target=\"_blank\" rel=\"noopener\">#NationalFFF<\/a> <a href=\"https:\/\/t.co\/nZKu33lUEw\">pic.twitter.com\/nZKu33lUEw<\/a><\/p>\n<p>\u2014 FFFtv (@FFFtv_officiel) <a href=\"https:\/\/twitter.com\/FFFtv_officiel\/status\/1984628978502586732?ref_src=twsrc%5Etfw\" target=\"_blank\" rel=\"noopener\">November 1, 2025<\/a><\/p>\n<\/blockquote>\n<blockquote class=\"twitter-tweet\" data-media-max-width=\"560\">\n<p dir=\"ltr\" lang=\"fr\">Egalisation du <a href=\"https:\/\/twitter.com\/fcr1899?ref_src=twsrc%5Etfw\" target=\"_blank\" rel=\"noopener\">@fcr1899<\/a> ! Le stade est en fusion !<br \/>Le h\u00e9ros : Charles Abi !<\/p>\n<p>Suivez le match en direct sur notre cha\u00eene YouTube \u00ab\u00a0Championnat National Officiel\u00a0\u00bb !<a href=\"https:\/\/twitter.com\/hashtag\/NationalFFF?src=hash&amp;ref_src=twsrc%5Etfw\" target=\"_blank\" rel=\"noopener\">#NationalFFF<\/a> <a href=\"https:\/\/t.co\/ZiX3fmHFzu\">pic.twitter.com\/ZiX3fmHFzu<\/a><\/p>\n<p>\u2014 Championnat National (@NationalFFF) <a href=\"https:\/\/twitter.com\/NationalFFF\/status\/1984633054271316350?ref_src=twsrc%5Etfw\" target=\"_blank\" rel=\"noopener\">November 1, 2025<\/a><\/p>\n<\/blockquote>\n<blockquote class=\"twitter-tweet\">\n<p dir=\"ltr\" lang=\"fr\">Amadou Ba-Sy l&rsquo;impact player du <a href=\"https:\/\/twitter.com\/fcr1899?ref_src=twsrc%5Etfw\" target=\"_blank\" rel=\"noopener\">@fcr1899<\/a> !<br \/>Diochon explose<\/p>\n<p>Suivez le match en direct sur notre cha\u00eene YouTube \u00ab\u00a0Championnat National Officiel\u00a0\u00bb !<a href=\"https:\/\/twitter.com\/hashtag\/NationalFFF?src=hash&amp;ref_src=twsrc%5Etfw\" target=\"_blank\" rel=\"noopener\">#NationalFFF<\/a> <a href=\"https:\/\/t.co\/qo4BvDJ3iv\">pic.twitter.com\/qo4BvDJ3iv<\/a><\/p>\n<p>\u2014 Championnat National (@NationalFFF) <a href=\"https:\/\/twitter.com\/NationalFFF\/status\/1984648706298093670?ref_src=twsrc%5Etfw\" target=\"_blank\" rel=\"noopener\">November 1, 2025<\/a><\/p>\n<\/blockquote>\n<p>Partagez cette info avec vos amis et vos proches en cliquant ici<br \/>Pour r\u00e9sumer<\/p>\n<p>Malgr\u00e9 une entame compliqu\u00e9e et de nombreuses absences, le FC Rouen a r\u00e9ussi \u00e0 renverser la situation face \u00e0 Villefranche (2-1) pour clore la douzi\u00e8me journ\u00e9e du National. Les Diables Rouges disposent d\u00e9sormais d&rsquo;une avance consid\u00e9rable de sept points sur leurs poursuivants.<\/p>\n<p> <img decoding=\"async\" width=\"76\" height=\"76\" loading=\"lazy\" src=\"https:\/\/static.wui.fr\/images_v3\/avatar-footnational.png\" alt=\"Aris Djennadi\"\/><script async src=\"https:\/\/platform.twitter.com\/widgets.js\" charset=\"utf-8\"><\/script><\/p>\n","protected":false},"excerpt":{"rendered":"Le FC Rouen a mis fin \u00e0 la douzi\u00e8me journ\u00e9e du championnat National sur une note victorieuse en&hellip;\n","protected":false},"author":2,"featured_media":506597,"comment_status":"","ping_status":"","sticky":false,"template":"","format":"standard","meta":{"footnotes":""},"categories":[9587],"tags":[1111,11,1777,674,1011,27,59645,12,5161,25,9590],"class_list":{"0":"post-506596","1":"post","2":"type-post","3":"status-publish","4":"format-standard","5":"has-post-thumbnail","7":"category-rouen","8":"tag-actu","9":"tag-actualites","10":"tag-eu","11":"tag-europe","12":"tag-fr","13":"tag-france","14":"tag-national-actus","15":"tag-news","16":"tag-normandie","17":"tag-republique-francaise","18":"tag-rouen"},"share_on_mastodon":{"url":"https:\/\/pubeurope.com\/@fr\/115479797574548182","error":""},"_links":{"self":[{"href":"https:\/\/www.europesays.com\/fr\/wp-json\/wp\/v2\/posts\/506596","targetHints":{"allow":["GET"]}}],"collection":[{"href":"https:\/\/www.europesays.com\/fr\/wp-json\/wp\/v2\/posts"}],"about":[{"href":"https:\/\/www.europesays.com\/fr\/wp-json\/wp\/v2\/types\/post"}],"author":[{"embeddable":true,"href":"https:\/\/www.europesays.com\/fr\/wp-json\/wp\/v2\/users\/2"}],"replies":[{"embeddable":true,"href":"https:\/\/www.europesays.com\/fr\/wp-json\/wp\/v2\/comments?post=506596"}],"version-history":[{"count":0,"href":"https:\/\/www.europesays.com\/fr\/wp-json\/wp\/v2\/posts\/506596\/revisions"}],"wp:featuredmedia":[{"embeddable":true,"href":"https:\/\/www.europesays.com\/fr\/wp-json\/wp\/v2\/media\/506597"}],"wp:attachment":[{"href":"https:\/\/www.europesays.com\/fr\/wp-json\/wp\/v2\/media?parent=506596"}],"wp:term":[{"taxonomy":"category","embeddable":true,"href":"https:\/\/www.europesays.com\/fr\/wp-json\/wp\/v2\/categories?post=506596"},{"taxonomy":"post_tag","embeddable":true,"href":"https:\/\/www.europesays.com\/fr\/wp-json\/wp\/v2\/tags?post=506596"}],"curies":[{"name":"wp","href":"https:\/\/api.w.org\/{rel}","templated":true}]}}