{"id":5066,"date":"2025-04-06T10:48:11","date_gmt":"2025-04-06T10:48:11","guid":{"rendered":"https:\/\/www.europesays.com\/fr\/5066\/"},"modified":"2025-04-06T10:48:11","modified_gmt":"2025-04-06T10:48:11","slug":"quand-la-photographie-se-marie-a-la-poesie-pour-une-exposition-originale","status":"publish","type":"post","link":"https:\/\/www.europesays.com\/fr\/5066\/","title":{"rendered":"Quand la photographie se marie \u00e0 la po\u00e9sie pour une exposition originale"},"content":{"rendered":"<p>            Par<br \/>\n        <strong><br \/>\n            <a href=\"https:\/\/actu.fr\/auteur\/n-lepigeon\" title=\"Consulter tous les articles de Nicolas Lepigeon\" target=\"_blank\" rel=\"noopener\">Nicolas Lepigeon<\/a><br \/>\n        <\/strong><\/p>\n<p>        Publi\u00e9 le<\/p>\n<p>            5 avr. 2025 \u00e0 10h44        <\/p>\n<p>Quand <b>deux artistes<\/b> se rencontrent lors d\u2019une exposition et qu\u2019ils \u00ab accrochent \u00bb, un projet commun peut jaillir de leur imagination. C\u2019est ce qu\u2019il s\u2019est pass\u00e9 entre les Saint-lois <a href=\"https:\/\/actu.fr\/loisirs-culture\/manche-stimulez-vos-envies-et-developpez-vos-talents-pour-lecriture-avec-claire_61568614.html\" target=\"_blank\" rel=\"noopener\">Claire Larquemain<\/a> \u2013 \u00e9crivaine originaire de <a href=\"https:\/\/actu.fr\/normandie\/cherbourg-en-cotentin_50129\" target=\"_blank\" rel=\"noopener\">Cherbourg<\/a> (Manche) \u2013 et le <b>photographe<\/b> <b>Jacques Marcel Blondel<\/b>.<\/p>\n<p class=\" wall-content\">Un projet qui a abouti le 1er avril 2025 au <a href=\"https:\/\/actu.fr\/normandie\/cherbourg-en-cotentin_50129\/cherbourg-cotentin-bouquinerie-salon-the-vent-livres-ouvert-portes_31729030.html\" target=\"_blank\" rel=\"noopener\">Vent des Livres<\/a>, bouquinerie et salon de th\u00e9 situ\u00e9 \u00e0 <a href=\"https:\/\/actu.fr\/tag\/tourlaville\" target=\"_blank\" rel=\"noopener\">Tourlaville<\/a>, avec une <b>exposition <\/b>de leurs travaux respectifs.<\/p>\n<p class=\" wall-content\">\u00ab Depuis deux ans, j\u2019anime ici<b> des ateliers d\u2019\u00e9criture<\/b> pour des groupes de douze personnes, un samedi par mois : une s\u00e9ance le matin et une s\u00e9ance l\u2019apr\u00e8s-midi, rappelle Claire Larquemain. Je propose la m\u00eame chose \u00e0 <a href=\"https:\/\/actu.fr\/normandie\/saint-lo_50502\" target=\"_blank\" rel=\"noopener\">Saint-L\u00f4<\/a>, aux Boudeuses (NDLR : bar-restauration-salon de th\u00e9 situ\u00e9 au 30, rue des Mar\u00e9chaux). Jacques m\u2019a sollicit\u00e9e pour savoir si, lors d\u2019un atelier, je pouvais demander aux participants d\u2019\u00e9crire ce qu\u2019ils <b>ressentent \u00e0 partir de ses photos<\/b>, ce qu\u2019elles d\u00e9clenchent chez eux. Comme il m\u2019arrive souvent de m\u2019appuyer sur des illustrations, j\u2019ai accept\u00e9 le challenge dans le cadre du Printemps des po\u00e8tes, qui a pour th\u00e8me cette ann\u00e9e la po\u00e9sie volcanique. \u00bb<\/p>\n<p>\u00ab Un r\u00e9sultat \u00e9tonnant et tr\u00e8s int\u00e9ressant \u00bb<\/p>\n<p class=\" wall-content\">Un boxeur dans l\u2019obscurit\u00e9, une femme dans un arbre, des enfants qui jouent dans une mare refl\u00e9tant le ciel\u2026 : chaque membre des ateliers tourlavillais et saint-lois a ainsi choisi une photo parmi une s\u00e9lection. \u00ab Elles ont \u00e9t\u00e9 prises dans la Manche, il y a <b>du noir et blanc et de la couleur<\/b>,<b> <\/b>et il fallait des personnes dessus pour que ce soit plus inspirant, confie Jacques Marcel Blondel. J\u2019\u00e9tais pr\u00e9sent en observateur et j\u2019ai vraiment aim\u00e9 avoir des retours sur mes photographies. Les gens ont d\u00e9crit et \u00e9crit leur ressenti, pour un r\u00e9sultat \u00e9tonnant et tr\u00e8s int\u00e9ressant. \u00bb<\/p>\n<p class=\" wall-content\">L\u2019\u00e9criture ne se fait pas en un claquement de doigts, la m\u00e9thodologie et plusieurs exercices men\u00e9s par Claire Larquemain ont permis d\u2019aboutir \u00e0 des textes de prose po\u00e9tique de qualit\u00e9.<\/p>\n<blockquote class=\"ac-article-quote wall-content\">\n<p>Cela s\u2019est d\u00e9roul\u00e9 en cinq \u00e9tapes, la premi\u00e8re \u00e9tant d\u2019\u00e9crire un r\u00e9servoir de mots ardents. Puis au fil des brouillons, on a extrait le meilleur pour obtenir chacun un texte devant tenir sur une page. \u00ab Volcanique \u00bb, selon les gens, cela peut inspirer la col\u00e8re, l\u2019amour, etc.<\/p>\n<p>Claire Larquemain, \u00e9crivaine et animatrice d\u2019ateliers d\u2019\u00e9criture<\/p><\/blockquote>\n<p>Vid\u00e9os : en ce moment sur Actu<br \/>\n    <a href=\"https:\/\/www.facebook.com\/plugins\/post.php?href=https%3A%2F%2Fwww.facebook.com%2Fclaire.larquemainpro%2Fposts%2Fpfbid06GtXEzPJi9BGi2KqDx9D6E8XqUzyGxmbBojTrH3GefpumNohMPwqpqrCVmWABZmhl&amp;show_text=true&amp;width=350\" title=\"Ouvrie le lien\" target=\"_blank\" rel=\"noopener\">Cliquez ici pour visualiser le contenu<\/a><\/p>\n<p>35 textes et 25 photos<\/p>\n<p class=\" wall-content\">13 textes sont expos\u00e9s \u00e0 c\u00f4t\u00e9 des 13 photos qui ont inspir\u00e9 les mots, au Vent des Livres jusqu\u2019au 30 avril 2025. Puis les 22 po\u00e8mes saint-lois s\u2019afficheront aux Boudeuses au mois de juin. Une photo a parfois \u00e9t\u00e9 utilis\u00e9e deux fois entre les deux villes, comparer les \u0153uvres se r\u00e9v\u00e8le donc amusant.<\/p>\n<p class=\" wall-content\">Pour ce faire, <b>un recueil sortira fin juin <\/b>en auto\u00e9dition et r\u00e9unira <b>les<\/b> <b>35 textes et les 25 photos.<\/b> Histoire d\u2019aller au bout de cette rencontre entre regard et \u00e9criture, d\u2019o\u00f9 sont n\u00e9s des textes en fusion, \u00e9chos de lieux et d\u2019\u00e9motions. Et Claire Larquemain de conclure : \u00ab La po\u00e9sie se fait fulgurance pour illustrer la prise de vue. \u00bb<\/p>\n<p>Exposition au Vent des Livres, au 120, rue du G\u00e9n\u00e9ral-Leclerc \u00e0 Tourlaville, jusqu\u2019au 30 avril. Prochain atelier d\u2019\u00e9criture sur place, samedi 26 avril. Inscription aupr\u00e8s de Claire Larquemain, t\u00e9l. 06 70 53 65 21.<\/p>\n<p class=\" wall-content\">Suivez toute l\u2019actualit\u00e9 de vos villes et m\u00e9dias favoris en vous inscrivant \u00e0 <a href=\"https:\/\/moncompte.actu.fr\" title=\"D\u00e9couvez Mon Actu\" rel=\"nofollow noopener\" data-trk=\"{&quot;cta&quot;:{&quot;action&quot;:&quot;https:\\\/\\\/moncompte.actu.fr&quot;,&quot;category&quot;:&quot;mon compte&quot;,&quot;from&quot;:&quot;article footer&quot;,&quot;name&quot;:&quot;Mon actu&quot;,&quot;type&quot;:&quot;cta&quot;}}\" target=\"_blank\">Mon Actu<\/a>.<\/p>\n","protected":false},"excerpt":{"rendered":"Par Nicolas Lepigeon Publi\u00e9 le 5 avr. 2025 \u00e0 10h44 Quand deux artistes se rencontrent lors d\u2019une exposition&hellip;\n","protected":false},"author":2,"featured_media":5067,"comment_status":"","ping_status":"","sticky":false,"template":"","format":"standard","meta":{"footnotes":""},"categories":[1358],"tags":[1348,1384,1385,3168,1386,58,59,1011,27,1652,3169],"class_list":{"0":"post-5066","1":"post","2":"type-post","3":"status-publish","4":"format-standard","5":"has-post-thumbnail","7":"category-arts-et-design","8":"tag-arts","9":"tag-arts-and-design","10":"tag-arts-et-design","11":"tag-cotentin","12":"tag-design","13":"tag-divertissement","14":"tag-entertainment","15":"tag-fr","16":"tag-france","17":"tag-loisirs-culture","18":"tag-tourlaville"},"share_on_mastodon":{"url":"https:\/\/pubeurope.com\/@fr\/114290629202088506","error":""},"_links":{"self":[{"href":"https:\/\/www.europesays.com\/fr\/wp-json\/wp\/v2\/posts\/5066","targetHints":{"allow":["GET"]}}],"collection":[{"href":"https:\/\/www.europesays.com\/fr\/wp-json\/wp\/v2\/posts"}],"about":[{"href":"https:\/\/www.europesays.com\/fr\/wp-json\/wp\/v2\/types\/post"}],"author":[{"embeddable":true,"href":"https:\/\/www.europesays.com\/fr\/wp-json\/wp\/v2\/users\/2"}],"replies":[{"embeddable":true,"href":"https:\/\/www.europesays.com\/fr\/wp-json\/wp\/v2\/comments?post=5066"}],"version-history":[{"count":0,"href":"https:\/\/www.europesays.com\/fr\/wp-json\/wp\/v2\/posts\/5066\/revisions"}],"wp:featuredmedia":[{"embeddable":true,"href":"https:\/\/www.europesays.com\/fr\/wp-json\/wp\/v2\/media\/5067"}],"wp:attachment":[{"href":"https:\/\/www.europesays.com\/fr\/wp-json\/wp\/v2\/media?parent=5066"}],"wp:term":[{"taxonomy":"category","embeddable":true,"href":"https:\/\/www.europesays.com\/fr\/wp-json\/wp\/v2\/categories?post=5066"},{"taxonomy":"post_tag","embeddable":true,"href":"https:\/\/www.europesays.com\/fr\/wp-json\/wp\/v2\/tags?post=5066"}],"curies":[{"name":"wp","href":"https:\/\/api.w.org\/{rel}","templated":true}]}}