{"id":506600,"date":"2025-11-02T11:12:20","date_gmt":"2025-11-02T11:12:20","guid":{"rendered":"https:\/\/www.europesays.com\/fr\/506600\/"},"modified":"2025-11-02T11:12:20","modified_gmt":"2025-11-02T11:12:20","slug":"ca-change-tout-pour-le-moral-ces-bains-douches-historiques-de-rennes-permettent-aux-personnes-a-la-rue-de-se-laver","status":"publish","type":"post","link":"https:\/\/www.europesays.com\/fr\/506600\/","title":{"rendered":"\u00ab\u00a0\u00c7a change tout pour le moral\u00a0\u00bb\u00a0: ces bains-douches historiques de Rennes permettent aux personnes \u00e0 la rue de se laver"},"content":{"rendered":"<p>C\u2019est un des petits secrets de Rennes qui rendent encore plus charmant un lieu devant lequel on s\u2019\u00e9merveillait d\u00e9j\u00e0. Si vous avez un jour jet\u00e9 un \u0153il au fond de l\u2019all\u00e9e de casiers <a anchorselected=\"true\" href=\"https:\/\/www.letelegramme.fr\/ille-et-vilaine\/rennes-35000\/decouvrez-les-secrets-de-la-piscine-saint-georges-a-rennes-video-4094595.php\" target=\"_blank\" rel=\"nofollow noopener\">de la piscine Saint-Georges<\/a>, vous avez peut-\u00eatre remarqu\u00e9 cette pancarte rouge et blanche dont la fl\u00e8che indique : \u00ab bains-douches \u00bb. Ce b\u00e2timent class\u00e9 Monument historique poss\u00e8de en effet des coulisses m\u00e9connues : un service de douches et de bains qui permet \u00e0 n\u2019importe qui de se laver pour une somme d\u00e9risoire.<\/p>\n<p>Ouvert \u00e0 tous<\/p>\n<p>\u00c0 son inauguration, apr\u00e8s la Premi\u00e8re Guerre mondiale, la piscine Saint-Georges fait partie des \u00e9tablissements publics charg\u00e9s de r\u00e9pondre au manque d\u2019eau courante chez les Rennais. Jusque dans les ann\u00e9es 60, de nombreuses habitations ne poss\u00e9daient pas de quoi faire leurs ablutions. Aujourd\u2019hui encore, c\u2019est ouvert \u00e0 tous : les splendides vo\u00fbtes au design art d\u00e9co voient se croiser des habitants en gal\u00e8re de ballon d\u2019eau chaude ou des SDF qui trouvent l\u00e0 un ressaut de dignit\u00e9. Ces derniers b\u00e9n\u00e9ficient de tickets, souvent d\u00e9livr\u00e9s par les associations.<\/p>\n<p><img decoding=\"async\" src=\"https:\/\/www.europesays.com\/fr\/wp-content\/uploads\/2025\/11\/6904f4fe0be32551b20f47df.1.jpeg\" width=\"480\" height=\"300\" class=\"web_golden_m\" loading=\"lazy\" alt=\"Les casiers de la piscine ne peuvent pas toujours accueillir les gros sacs des \u00e0 dos des personnes \u00e0 la rue.\"\/>Les casiers de la piscine ne peuvent pas toujours accueillir les gros sacs des \u00e0 dos des personnes \u00e0 la rue. (Le Mensuel de Rennes\/David Brunet)<\/p>\n<p>En 2023, la Ville a \u00e9largi l\u2019acc\u00e8s en distribuant des bons gratuits, ce qui a gonfl\u00e9 la fr\u00e9quentation. Tous les matins, les bains-douches accueillent d\u00e9sormais une dizaine de personnes en moyenne, selon Pierre Baudriller, responsable de la piscine. Depuis novembre 2024, les lieux re\u00e7oivent aussi ponctuellement des mineurs non accompagn\u00e9s, en partenariat avec le D\u00e9partement, car les douches de leurs logements sont inutilisables.<\/p>\n<p>Une douche pour 1 \u20ac<\/p>\n<p>Savon et serviettes sont pr\u00eat\u00e9s. Compter 1 \u20ac pour la douche, 2 \u20ac pour la baignoire. C\u00f4t\u00e9 hommes, les cabines de douche d\u00e9cor\u00e9es de carreaux bleus sont occult\u00e9es par un simple rideau. C\u00f4t\u00e9 femmes, ce sont des portes (elles comptent pour 5 \u00e0 10 % de la client\u00e8le). Les emplacements sont d\u00e9sinfect\u00e9s apr\u00e8s chaque passage.<\/p>\n<blockquote><p>Se laver r\u00e9guli\u00e8rement, \u00e7a change tout pour le moral<\/p><\/blockquote>\n<p>Melina1, une dame \u00e2g\u00e9e aux petites lunettes et \u00e0 la montre brillante, ne pouvait plus rentrer dans sa baignoire \u00e0 la suite d\u2019une grave chute. \u00ab Je me rends ici depuis 25 ans, j\u2019aime beaucoup, c\u2019est tr\u00e8s beau. \u00bb Pour elle, et pour une grande partie des clients, Saint-Georges repr\u00e9sente un moyen de maintenir son autonomie. Claude1, SDF cinquantenaire ras\u00e9 de frais, vient deux fois par semaine : \u00ab Pouvoir se laver r\u00e9guli\u00e8rement, \u00e7a change tout pour le moral \u00bb, t\u00e9moigne-t-il sous les hauts plafonds qui r\u00e9sonnent comme une \u00e9glise. \u00ab Quand c\u2019est ferm\u00e9 ici, je vais au Puzzle, pr\u00e8s de la Barboti\u00e8re, ou \u00e0 la salle d\u2019escalade du Roof qui propose un service similaire. \u00bb D\u2019autres assos proposent des douches, mais Claude n\u2019aime pas y aller : \u00ab Ils nous pressent trop, on ne peut pas prendre son temps alors qu\u2019ici on n\u2019est pas chronom\u00e9tr\u00e9. \u00bb<\/p>\n<p><img decoding=\"async\" src=\"https:\/\/www.europesays.com\/fr\/wp-content\/uploads\/2025\/11\/6904f4fe6d58a62cad0a8d25.1.jpeg\" width=\"480\" height=\"300\" class=\"web_golden_m\" loading=\"lazy\" alt=\"Outre les douches, la piscine Saint-Georges propose deux baignoires. Jusque dans les ann\u00e9es 2000, il y avait m\u00eame un sauna.\"\/>Outre les douches, la piscine Saint-Georges propose deux baignoires. Jusque dans les ann\u00e9es 2000, il y avait m\u00eame un sauna. (Le Mensuel de Rennes\/David Brunet)<\/p>\n<p>Entre 2028 et 2030,<a href=\"https:\/\/www.letelegramme.fr\/ille-et-vilaine\/rennes-35000\/a-rennes-cette-piscine-centenaire-va-changer-de-visage-6820764.php\" target=\"_blank\" rel=\"nofollow noopener\"> d\u2019importants travaux de r\u00e9novation vont transformer la piscine Saint-Georges et ses bains<\/a>. Une bagagerie, et peut-\u00eatre une laverie, sont \u00e0 l\u2019\u00e9tude pour renforcer l\u2019offre de cette p\u00e9pite rennaise qui f\u00eatera ses cent ans en 2026.<\/p>\n<p>1. Pr\u00e9nom modifi\u00e9<\/p>\n<p><strong>Pratique<\/strong><br \/>Bains-douches Saint-Georges. 2 rue Gambetta. Ouvert du lundi au vendredi de 9h \u00e0 12 h 30 (derni\u00e8re entr\u00e9e \u00e0 12h). Douche : 1\u20ac. Bain : 2\u20ac.<\/p>\n","protected":false},"excerpt":{"rendered":"C\u2019est un des petits secrets de Rennes qui rendent encore plus charmant un lieu devant lequel on s\u2019\u00e9merveillait&hellip;\n","protected":false},"author":2,"featured_media":506601,"comment_status":"","ping_status":"","sticky":false,"template":"","format":"standard","meta":{"footnotes":""},"categories":[2821],"tags":[1111,11,829,1777,674,1011,27,848,12,584,25],"class_list":{"0":"post-506600","1":"post","2":"type-post","3":"status-publish","4":"format-standard","5":"has-post-thumbnail","7":"category-rennes","8":"tag-actu","9":"tag-actualites","10":"tag-bretagne","11":"tag-eu","12":"tag-europe","13":"tag-fr","14":"tag-france","15":"tag-ille-et-vilaine","16":"tag-news","17":"tag-rennes","18":"tag-republique-francaise"},"share_on_mastodon":{"url":"https:\/\/pubeurope.com\/@fr\/115479809950815446","error":""},"_links":{"self":[{"href":"https:\/\/www.europesays.com\/fr\/wp-json\/wp\/v2\/posts\/506600","targetHints":{"allow":["GET"]}}],"collection":[{"href":"https:\/\/www.europesays.com\/fr\/wp-json\/wp\/v2\/posts"}],"about":[{"href":"https:\/\/www.europesays.com\/fr\/wp-json\/wp\/v2\/types\/post"}],"author":[{"embeddable":true,"href":"https:\/\/www.europesays.com\/fr\/wp-json\/wp\/v2\/users\/2"}],"replies":[{"embeddable":true,"href":"https:\/\/www.europesays.com\/fr\/wp-json\/wp\/v2\/comments?post=506600"}],"version-history":[{"count":0,"href":"https:\/\/www.europesays.com\/fr\/wp-json\/wp\/v2\/posts\/506600\/revisions"}],"wp:featuredmedia":[{"embeddable":true,"href":"https:\/\/www.europesays.com\/fr\/wp-json\/wp\/v2\/media\/506601"}],"wp:attachment":[{"href":"https:\/\/www.europesays.com\/fr\/wp-json\/wp\/v2\/media?parent=506600"}],"wp:term":[{"taxonomy":"category","embeddable":true,"href":"https:\/\/www.europesays.com\/fr\/wp-json\/wp\/v2\/categories?post=506600"},{"taxonomy":"post_tag","embeddable":true,"href":"https:\/\/www.europesays.com\/fr\/wp-json\/wp\/v2\/tags?post=506600"}],"curies":[{"name":"wp","href":"https:\/\/api.w.org\/{rel}","templated":true}]}}