{"id":50661,"date":"2025-04-25T02:22:09","date_gmt":"2025-04-25T02:22:09","guid":{"rendered":"https:\/\/www.europesays.com\/fr\/50661\/"},"modified":"2025-04-25T02:22:09","modified_gmt":"2025-04-25T02:22:09","slug":"une-camionnette-trop-pressee-et-une-surprise-de-taille-pour-les-gendarmes","status":"publish","type":"post","link":"https:\/\/www.europesays.com\/fr\/50661\/","title":{"rendered":"une camionnette trop press\u00e9e\u2026 et une surprise de taille pour les gendarmes"},"content":{"rendered":"<p itemprop=\"description\"><strong>Il n\u2019aura fallu que 45 minutes aux gendarmes de Dardilly pour mettre la main sur une camionnette qui avait tout faux. \u00a0<\/strong><\/p>\n<p>Vendredi 18 avril au matin, sur les routes de Dardilly, l\u2019objectif des gendarmes de la brigade motoris\u00e9e \u00e9tait clair : pr\u00e9venir de nouveaux drames apr\u00e8s un accident survenu la veille, qui avait fait un bless\u00e9.<\/p>\n<p>Sur cet axe accidentog\u00e8ne de la commune, ils avaient \u00e0 peine eu le temps de s\u2019installer que le dispositif devait d\u00e9j\u00e0 \u00eatre lev\u00e9. En cause ? Une camionnette tractant une caravane, lanc\u00e9e \u00e0 vive allure.<\/p>\n<p>Lorsque les gendarmes l&rsquo;interceptent, tout s\u2019encha\u00eene. Le conducteur n\u2019a pas le permis adapt\u00e9 \u00e0 ce type de v\u00e9hicule. Pire : il est test\u00e9 positif au cannabis. Et ce n\u2019est que le d\u00e9but.<\/p>\n<p>Le v\u00e9hicule en lui-m\u00eame est rapidement identifi\u00e9 comme\u2026 vol\u00e9. Et maquill\u00e9 pour passer inaper\u00e7u. En quelques minutes, ce qui devait \u00eatre une simple op\u00e9ration de contr\u00f4le devient une affaire bien plus s\u00e9rieuse.<\/p>\n<p>En seulement 45 minutes de contr\u00f4le, les gendarmes ont mis au jour un impressionnant floril\u00e8ge d\u2019infractions. Outre le v\u00e9hicule vol\u00e9 et maquill\u00e9, deux conducteurs circulaient en \u00e9tant positif aux stup\u00e9fiants. Un autre conduisait sans \u00eatre titulaire du permis. \u00a0\u00c0 cela s\u2019ajoutent un usage du t\u00e9l\u00e9phone au volant, un non-port de la ceinture de s\u00e9curit\u00e9, un v\u00e9hicule pas assur\u00e9\u00a0ainsi qu\u2019un d\u00e9faut de contr\u00f4le technique concernant le hayon d\u2019un camion.<\/p>\n<p>C\u00f4t\u00e9 vitesse, pas moins de neuf exc\u00e8s ont \u00e9t\u00e9 relev\u00e9s, dont deux particuli\u00e8rement dangereux, compris entre 30 et 40 km\/h au-dessus de la limite autoris\u00e9e.<\/p>\n<p>\u00ab\u00a0Le Groupement du Rh\u00f4ne et l&rsquo;Escadron de S\u00e9curit\u00e9 Routi\u00e8re seront \u00e0 vos c\u00f4t\u00e9s, pour assurer votre s\u00e9curit\u00e9\u00a0\u00bb, assurent les militaires.<\/p>\n","protected":false},"excerpt":{"rendered":"Il n\u2019aura fallu que 45 minutes aux gendarmes de Dardilly pour mettre la main sur une camionnette qui&hellip;\n","protected":false},"author":2,"featured_media":50662,"comment_status":"","ping_status":"","sticky":false,"template":"","format":"standard","meta":{"footnotes":""},"categories":[1889],"tags":[1111,11,2813,2190,2430,1109,251,1112,2811,1777,674,118,1011,27,1922,1110,1114,2428,2810,12,241,316,25,2812,517,800],"class_list":{"0":"post-50661","1":"post","2":"type-post","3":"status-publish","4":"format-standard","5":"has-post-thumbnail","7":"category-lyon","8":"tag-actu","9":"tag-actualites","10":"tag-article","11":"tag-asvel","12":"tag-auvergne-rhone-alpes","13":"tag-breves","14":"tag-culture","15":"tag-depeches","16":"tag-economique","17":"tag-eu","18":"tag-europe","19":"tag-faits-divers","20":"tag-fr","21":"tag-france","22":"tag-info","23":"tag-informations","24":"tag-infos","25":"tag-lyon","26":"tag-lyonmag","27":"tag-news","28":"tag-ol","29":"tag-politique","30":"tag-republique-francaise","31":"tag-sociale","32":"tag-sport","33":"tag-transports"},"share_on_mastodon":{"url":"https:\/\/pubeurope.com\/@fr\/114396223454862258","error":""},"_links":{"self":[{"href":"https:\/\/www.europesays.com\/fr\/wp-json\/wp\/v2\/posts\/50661","targetHints":{"allow":["GET"]}}],"collection":[{"href":"https:\/\/www.europesays.com\/fr\/wp-json\/wp\/v2\/posts"}],"about":[{"href":"https:\/\/www.europesays.com\/fr\/wp-json\/wp\/v2\/types\/post"}],"author":[{"embeddable":true,"href":"https:\/\/www.europesays.com\/fr\/wp-json\/wp\/v2\/users\/2"}],"replies":[{"embeddable":true,"href":"https:\/\/www.europesays.com\/fr\/wp-json\/wp\/v2\/comments?post=50661"}],"version-history":[{"count":0,"href":"https:\/\/www.europesays.com\/fr\/wp-json\/wp\/v2\/posts\/50661\/revisions"}],"wp:featuredmedia":[{"embeddable":true,"href":"https:\/\/www.europesays.com\/fr\/wp-json\/wp\/v2\/media\/50662"}],"wp:attachment":[{"href":"https:\/\/www.europesays.com\/fr\/wp-json\/wp\/v2\/media?parent=50661"}],"wp:term":[{"taxonomy":"category","embeddable":true,"href":"https:\/\/www.europesays.com\/fr\/wp-json\/wp\/v2\/categories?post=50661"},{"taxonomy":"post_tag","embeddable":true,"href":"https:\/\/www.europesays.com\/fr\/wp-json\/wp\/v2\/tags?post=50661"}],"curies":[{"name":"wp","href":"https:\/\/api.w.org\/{rel}","templated":true}]}}