{"id":506618,"date":"2025-11-02T11:22:11","date_gmt":"2025-11-02T11:22:11","guid":{"rendered":"https:\/\/www.europesays.com\/fr\/506618\/"},"modified":"2025-11-02T11:22:11","modified_gmt":"2025-11-02T11:22:11","slug":"a-bordeaux-un-client-decu-de-sa-coupe-de-cheveux-ramene-quatre-amis-pour-intimider-le-coiffeur","status":"publish","type":"post","link":"https:\/\/www.europesays.com\/fr\/506618\/","title":{"rendered":"\u00c0 Bordeaux, un client d\u00e9\u00e7u de sa coupe de cheveux ram\u00e8ne quatre amis pour intimider le coiffeur"},"content":{"rendered":"<p>            Par<br \/>\n        <strong><br \/>\n            <a href=\"https:\/\/actu.fr\/auteur\/redaction-bordeaux\" title=\"Consulter tous les articles de R\u00e9daction Bordeaux\" rel=\"nofollow noopener\" target=\"_blank\">R\u00e9daction Bordeaux<\/a><br \/>\n        <\/strong><\/p>\n<p>        Publi\u00e9 le<\/p>\n<p>            2 nov. 2025 \u00e0 12h16        <\/p>\n<p>Il peut arriver parfois de sortir d\u2019un <a href=\"https:\/\/actu.fr\/nouvelle-aquitaine\/bordeaux_33063\/a-bordeaux-elle-a-transforme-le-chalet-bar-mythique-a-l-abandon-on-me-parle-de-dame-laura-tous-les-jours_62290428.html\" rel=\"nofollow noopener\" target=\"_blank\">salon de coiffure<\/a> en \u00e9tant l\u00e9g\u00e8rement d\u00e9\u00e7u du r\u00e9sultat sans le dire \u00e0 la personne qui a mani\u00e9 les ciseaux. Mais le vendredi 31\u00a0octobre 2025, un client <strong>n\u2019a pas du tout r\u00e9agi de la m\u00eame mani\u00e8re<\/strong>.<\/p>\n<p class=\" wall-content\">D\u2019apr\u00e8s nos confr\u00e8res de <a href=\"https:\/\/www.sudouest.fr\/gironde\/bordeaux\/bordeaux-mecontent-de-sa-coupe-le-client-appelle-des-amis-pour-en-venir-aux-mains-avec-son-coiffeur-26561470.php\" rel=\"nofollow noopener\" target=\"_blank\">Sud Ouest<\/a>, une <a href=\"https:\/\/actu.fr\/nouvelle-aquitaine\/castillon-la-bataille_33108\/une-altercation-eclate-dans-une-guinguette-en-gironde-elle-prend-un-couteau-et-le-poignarde_63080152.html\" rel=\"nofollow noopener\" target=\"_blank\">altercation<\/a> a <strong>\u00e9clat\u00e9<\/strong> dans une \u00e9cole de coiffure de la rue du Jardin Public \u00e0 Bordeaux. Un homme est venu se faire couper les cheveux mais sa nouvelle coupe n\u2019\u00e9tait pas \u00e0 son go\u00fbt. Il s\u2019en est alors pris \u00e0 l\u2019apprenti coiffeur.<\/p>\n<p class=\" wall-content\">Le ton est mont\u00e9 et le client a appel\u00e9 des amis en renfort. En milieu d\u2019apr\u00e8s-midi, quatre personnes arriv\u00e9es de Cenon d\u00e9barquent dans l\u2019\u00e9tablissement. Interpell\u00e9s par la police, les cinq protagonistes ont \u00e9t\u00e9 <strong>plac\u00e9s en garde \u00e0 vue<\/strong>. Les enqu\u00eateurs entendent d\u00e9sormais les mis en causes et le coiffeur pour tenter d\u2019obtenir la bonne version des faits.\u00a0<\/p>\n<p class=\" wall-content\">Personnalisez votre actualit\u00e9 en ajoutant vos villes et m\u00e9dias en favori avec <a href=\"https:\/\/moncompte.actu.fr\" title=\"D\u00e9couvez Mon Actu\" rel=\"nofollow noopener\" data-trk=\"{&quot;cta&quot;:{&quot;action&quot;:&quot;https:\\\/\\\/moncompte.actu.fr&quot;,&quot;category&quot;:&quot;mon compte&quot;,&quot;from&quot;:&quot;article footer&quot;,&quot;name&quot;:&quot;Mon actu&quot;,&quot;type&quot;:&quot;cta&quot;}}\" target=\"_blank\">Mon Actu<\/a>.<\/p>\n","protected":false},"excerpt":{"rendered":"Par R\u00e9daction Bordeaux Publi\u00e9 le 2 nov. 2025 \u00e0 12h16 Il peut arriver parfois de sortir d\u2019un salon&hellip;\n","protected":false},"author":2,"featured_media":506619,"comment_status":"","ping_status":"","sticky":false,"template":"","format":"standard","meta":{"footnotes":""},"categories":[2817],"tags":[1111,11,1997,1777,674,118,1011,27,12,2219,1072,25],"class_list":{"0":"post-506618","1":"post","2":"type-post","3":"status-publish","4":"format-standard","5":"has-post-thumbnail","7":"category-bordeaux","8":"tag-actu","9":"tag-actualites","10":"tag-bordeaux","11":"tag-eu","12":"tag-europe","13":"tag-faits-divers","14":"tag-fr","15":"tag-france","16":"tag-news","17":"tag-nouvelle-aquitaine","18":"tag-police","19":"tag-republique-francaise"},"share_on_mastodon":{"url":"https:\/\/pubeurope.com\/@fr\/115479848142167000","error":""},"_links":{"self":[{"href":"https:\/\/www.europesays.com\/fr\/wp-json\/wp\/v2\/posts\/506618","targetHints":{"allow":["GET"]}}],"collection":[{"href":"https:\/\/www.europesays.com\/fr\/wp-json\/wp\/v2\/posts"}],"about":[{"href":"https:\/\/www.europesays.com\/fr\/wp-json\/wp\/v2\/types\/post"}],"author":[{"embeddable":true,"href":"https:\/\/www.europesays.com\/fr\/wp-json\/wp\/v2\/users\/2"}],"replies":[{"embeddable":true,"href":"https:\/\/www.europesays.com\/fr\/wp-json\/wp\/v2\/comments?post=506618"}],"version-history":[{"count":0,"href":"https:\/\/www.europesays.com\/fr\/wp-json\/wp\/v2\/posts\/506618\/revisions"}],"wp:featuredmedia":[{"embeddable":true,"href":"https:\/\/www.europesays.com\/fr\/wp-json\/wp\/v2\/media\/506619"}],"wp:attachment":[{"href":"https:\/\/www.europesays.com\/fr\/wp-json\/wp\/v2\/media?parent=506618"}],"wp:term":[{"taxonomy":"category","embeddable":true,"href":"https:\/\/www.europesays.com\/fr\/wp-json\/wp\/v2\/categories?post=506618"},{"taxonomy":"post_tag","embeddable":true,"href":"https:\/\/www.europesays.com\/fr\/wp-json\/wp\/v2\/tags?post=506618"}],"curies":[{"name":"wp","href":"https:\/\/api.w.org\/{rel}","templated":true}]}}