{"id":506624,"date":"2025-11-02T11:25:10","date_gmt":"2025-11-02T11:25:10","guid":{"rendered":"https:\/\/www.europesays.com\/fr\/506624\/"},"modified":"2025-11-02T11:25:10","modified_gmt":"2025-11-02T11:25:10","slug":"portrait-laissez-vous-emporter-par-le-seum-dansant-de-lartiste-lilloise-daphne-swan","status":"publish","type":"post","link":"https:\/\/www.europesays.com\/fr\/506624\/","title":{"rendered":"Portrait. Laissez-vous emporter par le \u00ab seum dansant \u00bb de l\u2019artiste lilloise Daphn\u00e9 Sw\u00e2n"},"content":{"rendered":"<p>            Par<br \/>\n        <strong><br \/>\n            <a href=\"https:\/\/actu.fr\/auteur\/amandine-vachez\" title=\"Consulter tous les articles de Amandine Vachez\" target=\"_blank\" rel=\"noopener\">Amandine Vachez<\/a><br \/>\n        <\/strong><\/p>\n<p>        Publi\u00e9 le<\/p>\n<p>            2 nov. 2025 \u00e0 11h36        <\/p>\n<p>Elle a mis longtemps \u00e0 trouver sa voie, mais elle est sur le chemin. <b>Daphn\u00e9 Sw\u00e2n<\/b> est une <b>musicienne lilloise<\/b> \u00e0 suivre\u2009! Elle est accompagn\u00e9e par le dispositif <a href=\"https:\/\/www.hellomusic.org\/\" target=\"_blank\" rel=\"noopener\">Hello Music<\/a>, pour la suite de son <b>projet musical.<\/b> L\u2019<b>artiste autrice, compositrice et interpr\u00e8te <\/b>nous raconte son parcours, \u00e9voque ses inspirations et pr\u00e9sente<b> son EP \u00e0 venir<\/b>, dont le premier single, \u00ab\u2009Totem\u2009\u00bb, est sorti il y a quelques jours. Elle passe en <a href=\"https:\/\/actu.fr\/loisirs-culture\/concert\" target=\"_blank\" rel=\"noopener\">concert<\/a> \u00e0 Mouvaux le<b> samedi 8\u00a0novembre 2025<\/b>, en premi\u00e8re partie de Daran.<\/p>\n<p>Un EP pop et \u00e9lectro<\/p>\n<p class=\" wall-content\">Une musique pop, avec des notes \u00e9lectro et la voix envo\u00fbtante de Sw\u00e2n qui se pose dessus. \u00ab\u2009Totem\u2009\u00bb est en ligne et donne un aper\u00e7u du projet que <a href=\"https:\/\/www.daphneswan.com\/\" target=\"_blank\" rel=\"noopener\">Daphn\u00e9 Sw\u00e2n<\/a> construit depuis plusieurs mois. Un projet aux influences vari\u00e9es et dont les textes sont \u00e9crits en fran\u00e7ais. \u00ab\u2009C\u2019est la premi\u00e8re fois que je suis productrice\u2009\u00bb, annonce l\u2019artiste, qui a auparavant travaill\u00e9 avec Daran, pour l\u2019album \u00ab\u2009EECLOO\u2009\u00bb, sorti fin 2023.<\/p>\n<p class=\" wall-content\"><a href=\"https:\/\/www.instagram.com\/p\/DPf0gL7geLB\/embed\" title=\"Ouvrir le lien sur Instagram\" target=\"_blank\" rel=\"noopener\">Visualiser le contenu sur Instagram<\/a><\/p>\n<p>Plusieurs \u00e9tapes pour se trouver artistiquement<\/p>\n<p class=\" wall-content\">Daphn\u00e9 est attir\u00e9e par la musique, depuis toute petite. Elle est la premi\u00e8re de sa famille \u00e0 se lancer en tant que professionnelle, mais a grandi avec des m\u00e9lomanes. \u00c0 5\u00a0ans, elle a commenc\u00e9 le piano, \u00e0 7 le violon. Elle a \u00e9tudi\u00e9 au conservatoire.<\/p>\n<p class=\" wall-content\">Elle \u00e9coute de la musique de divers styles, dont elle s\u2019est inspir\u00e9e pour des reprises au d\u00e9part, puis la cr\u00e9ation. \u00ab\u2009J\u2019ai fait des reprises \u00e0 l\u2019oreille, puis j\u2019ai commenc\u00e9 \u00e0 faire des cr\u00e9ations pendant mes \u00e9tudes.\u2009\u00bb En parall\u00e8le \u00e0 ses \u00e9tudes de droit, elle tape \u00e0 des portes et se produit dans des caf\u00e9s-concerts. La confrontation avec le public lui permet d\u2019\u00e9voluer dans sa cr\u00e9ation. \u00ab\u2009Il a fallu plusieurs \u00e9tapes pour me trouver artistiquement\u2009\u00bb, confie-t-elle.<\/p>\n<p class=\" wall-content\">Sur son chemin, une \u00e9tape importante\u2009: son s\u00e9jour au Vietnam, \u00e0 Hano\u00ef \u00e0 l\u2019\u00e9cole des avocats. \u00ab\u2009Pendant six mois, on se retrouvait le soir avec des gens rencontr\u00e9s l\u00e0-bas, et on jouait de la musique\u2009\u00bb. Elle y a d\u00e9couvert une autre ambiance, qui lui a permis de s\u2019\u00e9manciper dans la cr\u00e9ation.<\/p>\n<p>D\u2019avocate en droit des affaires \u00e0 musicienne professionnelle<\/p>\n<p class=\" wall-content\">Daphn\u00e9 a termin\u00e9 ses \u00e9tudes. Elle est devenue avocate en droit des affaires. \u00ab\u2009J\u2019ai tenu un an et demi. Puis j\u2019ai d\u00fb faire un choix\u2009\u00bb, raconte-t-elle. Celui de la musique. En octobre\u00a02025, son EP de six titres originaux est enregistr\u00e9, et elle a pr\u00e9par\u00e9 son live. Elle se produit en duo pour cette tourn\u00e9e, avec une autre musicienne\u2009: elle au clavier et au chant, son accompagnatrice, Laur\u00e8ne Vatier, \u00e0 la basse et au chant. La pr\u00e9c\u00e9dente tourn\u00e9e avait \u00e9t\u00e9 faite avec deux autres musiciens, dont un batteur. \u00ab\u2009\u00c7a va \u00eatre une exp\u00e9rience tr\u00e8s diff\u00e9rente. On voyage l\u00e9ger. L\u2019id\u00e9e est de pouvoir tourner en train\u2009\u00bb, explique l\u2019autrice compositrice.<\/p>\n<p>Votre r\u00e9gion, votre actu !<\/p>\n<p>Recevez chaque jour les infos qui comptent pour vous.<\/p>\n<p>\t<a href=\"https:\/\/actu.fr\/newsletter\" class=\"ac-btn ac-btn--corner ac-btn--medium ac-btn--blue800\" target=\"_blank\" rel=\"noopener\">S&rsquo;incrire<\/a><br \/>\nUn opus sinc\u00e8re, garanti \u00ab\u2009sans IA\u2009\u00bb<\/p>\n<p class=\" wall-content\">Dans son EP \u00e0 venir, Daphn\u00e9 parle de divers sujets\u2009:<b> l\u2019identit\u00e9, le regard social, la qu\u00eate de reconnaissance.<\/b> Mais attention, la musique reste entra\u00eenante.<\/p>\n<blockquote class=\"ac-article-quote wall-content\">\n<p>L\u2019id\u00e9e est d\u2019avoir des conversations profondes sur quelque chose de dansant.<\/p>\n<p>Daphn\u00e9 Sw\u00e2n.<\/p><\/blockquote>\n<p class=\" wall-content\">\u00ab\u2009C\u2019est un EP un peu d\u00e9sabus\u00e9, on peut dire que c\u2019est du \u2018seum dansant\u2019\u00bb, d\u00e9crit l\u2019artiste. Surtout, un EP 100\u2009% \u00ab\u2009fait main\u2009\u00bb, avec des titres compos\u00e9s et \u00e9crits par Daphn\u00e9. Jusqu\u2019aux visuels. \u00ab\u2009Tout est r\u00e9el, fait sans IA\u2009\u00bb, insiste la cr\u00e9atrice, qui s\u2019est entour\u00e9e pour la pochette du <a href=\"https:\/\/www.instagram.com\/olivier.classe\/?hl=fr\" target=\"_blank\" rel=\"noopener\">graphiste Olivier Classe<\/a>.<\/p>\n<p class=\" wall-content\">\n<p>Un accompagnement pour pr\u00e9parer sa tourn\u00e9e<\/p>\n<p class=\" wall-content\">Elle a d\u00e9j\u00e0 fait quelques dates dans le Grand Est et a jou\u00e9 <a href=\"https:\/\/mama-musicandconvention.com\/\" target=\"_blank\" rel=\"noopener\">au MaMa \u00e0 Paris<\/a> le 16\u00a0octobre dernier. Dans la m\u00e9tropole lilloise, vous pourrez la voir le samedi 8\u00a0novembre \u00e0 l\u2019\u00c9toile Sc\u00e8ne de Mouvaux, concert organis\u00e9 avec <a href=\"https:\/\/caveauxpoetes.com\/evenement\/daran-daphne-swan\/\" target=\"_blank\" rel=\"noopener\">la Cave aux po\u00e8tes<\/a>. Elle assure la premi\u00e8re partie de Duran. Pour ce live, elle a \u00e9t\u00e9 accompagn\u00e9e par Hello Music. \u00ab\u2009Chaque artiste s\u00e9lectionn\u00e9 est suivi par un des membres du dispositif. Moi c\u2019est la BIC\u2009\u00bb, Brigade d\u2019interventions contributives. Cela lui a ouvert les portes du M\u00e9taphone \u00e0 Oignies pendant 4\u00a0jours. Elle y a b\u00e9n\u00e9fici\u00e9 d\u2019un coaching sc\u00e9nique et d\u2019autres conseils pour proposer un live de qualit\u00e9.<\/p>\n<p>Suivez Daphn\u00e9 Sw\u00e2n <a href=\"https:\/\/www.instagram.com\/daphneswan\/?hl=fr\" target=\"_blank\" rel=\"noopener\">sur Instagram<\/a>.<\/p>\n<p class=\" wall-content\">Personnalisez votre actualit\u00e9 en ajoutant vos villes et m\u00e9dias en favori avec <a href=\"https:\/\/moncompte.actu.fr\" title=\"D\u00e9couvez Mon Actu\" rel=\"nofollow noopener\" data-trk=\"{&quot;cta&quot;:{&quot;action&quot;:&quot;https:\\\/\\\/moncompte.actu.fr&quot;,&quot;category&quot;:&quot;mon compte&quot;,&quot;from&quot;:&quot;article footer&quot;,&quot;name&quot;:&quot;Mon actu&quot;,&quot;type&quot;:&quot;cta&quot;}}\" target=\"_blank\">Mon Actu<\/a>.<\/p>\n<p>                    <script async src=\"\/\/www.instagram.com\/embed.js\"><\/script><\/p>\n","protected":false},"excerpt":{"rendered":"Par Amandine Vachez Publi\u00e9 le 2 nov. 2025 \u00e0 11h36 Elle a mis longtemps \u00e0 trouver sa voie,&hellip;\n","protected":false},"author":2,"featured_media":506625,"comment_status":"","ping_status":"","sticky":false,"template":"","format":"standard","meta":{"footnotes":""},"categories":[2815],"tags":[1111,11,1697,1777,674,1011,27,811,1307,1652,873,12,9026,25],"class_list":{"0":"post-506624","1":"post","2":"type-post","3":"status-publish","4":"format-standard","5":"has-post-thumbnail","7":"category-lille","8":"tag-actu","9":"tag-actualites","10":"tag-concert","11":"tag-eu","12":"tag-europe","13":"tag-fr","14":"tag-france","15":"tag-hauts-de-france","16":"tag-lille","17":"tag-loisirs-culture","18":"tag-musique","19":"tag-news","20":"tag-portrait","21":"tag-republique-francaise"},"share_on_mastodon":{"url":"https:\/\/pubeurope.com\/@fr\/115479860059237294","error":""},"_links":{"self":[{"href":"https:\/\/www.europesays.com\/fr\/wp-json\/wp\/v2\/posts\/506624","targetHints":{"allow":["GET"]}}],"collection":[{"href":"https:\/\/www.europesays.com\/fr\/wp-json\/wp\/v2\/posts"}],"about":[{"href":"https:\/\/www.europesays.com\/fr\/wp-json\/wp\/v2\/types\/post"}],"author":[{"embeddable":true,"href":"https:\/\/www.europesays.com\/fr\/wp-json\/wp\/v2\/users\/2"}],"replies":[{"embeddable":true,"href":"https:\/\/www.europesays.com\/fr\/wp-json\/wp\/v2\/comments?post=506624"}],"version-history":[{"count":0,"href":"https:\/\/www.europesays.com\/fr\/wp-json\/wp\/v2\/posts\/506624\/revisions"}],"wp:featuredmedia":[{"embeddable":true,"href":"https:\/\/www.europesays.com\/fr\/wp-json\/wp\/v2\/media\/506625"}],"wp:attachment":[{"href":"https:\/\/www.europesays.com\/fr\/wp-json\/wp\/v2\/media?parent=506624"}],"wp:term":[{"taxonomy":"category","embeddable":true,"href":"https:\/\/www.europesays.com\/fr\/wp-json\/wp\/v2\/categories?post=506624"},{"taxonomy":"post_tag","embeddable":true,"href":"https:\/\/www.europesays.com\/fr\/wp-json\/wp\/v2\/tags?post=506624"}],"curies":[{"name":"wp","href":"https:\/\/api.w.org\/{rel}","templated":true}]}}