{"id":506628,"date":"2025-11-02T11:27:10","date_gmt":"2025-11-02T11:27:10","guid":{"rendered":"https:\/\/www.europesays.com\/fr\/506628\/"},"modified":"2025-11-02T11:27:10","modified_gmt":"2025-11-02T11:27:10","slug":"bfm-marseille-provence-presente-sa-nouvelle-grille-linteractivite-est-notre-force","status":"publish","type":"post","link":"https:\/\/www.europesays.com\/fr\/506628\/","title":{"rendered":"BFM Marseille Provence pr\u00e9sente sa nouvelle grille : \u00ab\u00a0L&rsquo;interactivit\u00e9 est notre force\u00a0\u00bb"},"content":{"rendered":"<p>Une rentr\u00e9e sous le signe de la nouveaut\u00e9. <a href=\"https:\/\/www.laprovence.com\/article\/societe\/3861366165832214\/medias-bfm-marseille-provence-lance-sa-nouvelle-grille-ce-lundi-20-octobre\" target=\"_blank\" rel=\"noopener\">BFM Marseille Provence<\/a> (qui appartient \u00e0 la CMA CGM, propri\u00e9taire de La Provence)\u00a0bouge en cette rentr\u00e9e 2025 avec notamment une arriv\u00e9e dans l&rsquo;immeuble de Grand Central \u00e0 deux pas du Vieux-Port. Sophie H\u00e9brard et St\u00e9phane Maggiolini, visages des magazines et de la matinale, pr\u00e9sentent la nouvelle grille.<\/p>\n<p><strong>Quelles sont les nouveaut\u00e9s de \u00ab\u00a0Bonjour Marseille\u00a0\u00bb, la matinale de la cha\u00eene ?<\/strong>&#13;\n<\/p>\n<p>St\u00e9phane Maggiolini : La principale nouveaut\u00e9 est l&rsquo;interactivit\u00e9, pour donner la parole aux t\u00e9l\u00e9spectateurs et avoir leurs avis en direct. On a \u00e9galement un rendez-vous BFMTV et vous o\u00f9 on r\u00e9pond aux questions des t\u00e9l\u00e9spectateurs qui cherchent des conseils. Puis toutes les 30 minutes, il y a un JT en direct. On est une bande tr\u00e8s conviviale, c&rsquo;est important pour moi et pour accueillir des invit\u00e9s qui font l&rsquo;actualit\u00e9. Sans oublier \u00e0 10h, les Tchatcheurs, une \u00e9mission \u00e0 la sauce \u00ab\u00a0Les Grandes Gueules\u00a0\u00bb.<\/p>\n<p><strong>Et vous Sophie, vous \u00eates en charge des magazines&#8230;<\/strong>&#13;\n<\/p>\n<p>Sophie H\u00e9brard : Depuis 4 ans je pr\u00e9sentais \u00ab\u00a0Bonsoir Marseille\u00a0\u00bb et c&rsquo;\u00e9tait une volont\u00e9 personnelle de faire du magazine et d&rsquo;alimenter la cha\u00eene. Du lundi au vendredi, tous les soirs \u00e0 19h30 avec un th\u00e8me diff\u00e9rent : le sport, l&rsquo;immobilier, la gastronomie, la politique et le patrimoine. L&rsquo;id\u00e9e, c&rsquo;est une \u00e9mission \u00e0 chaque fois qui fait le m\u00eame format : 25 minutes avec 15 minutes de reportage et 10 minutes ensuite en plateau o\u00f9 on essaie d&rsquo;aller les plus loin possible sur le sujet. Par exemple, un sujet sur les Ar\u00e8nes d&rsquo;Arles, on parle du patrimoine puis en plateau on lance un d\u00e9bat sur la corrida.<\/p>\n<p><strong>Vous proposez notamment le jeudi soir \u00ab\u00a0Marseille politiques\u00a0\u00bb en collaboration avec La Provence. Avec les \u00e9ch\u00e9ances de cette ann\u00e9e, quelle est la principale difficult\u00e9 pour construire cette \u00e9mission ?<\/strong>&#13;\n<\/p>\n<p>Sophie H\u00e9brard : C&rsquo;est de faire venir la bonne personne et surtout celle qui fait l&rsquo;actualit\u00e9 politique. On n&rsquo;est pas concentr\u00e9 que sur Marseille on fait toute la r\u00e9gion. L\u00e0 c&rsquo;est une autre difficult\u00e9, c&rsquo;est celle de parler \u00e0 tout le monde. Interviewer un candidat avignonnais pour les prochaines municipales mais que les probl\u00e9matiques de la ville parlent aussi \u00e0 un Marseillais ou un Aubagnais. \u00c0 l&rsquo;\u00e9chelle nationale, on est attendu sur des d\u00e9clarations comme une candidature ou non.<\/p>\n<p><strong>Quelles sont les forces de cette nouvelle grille ?<\/strong>&#13;\n<\/p>\n<p>S.H. : Elle a plus de diversit\u00e9. Le magazine manquait r\u00e9ellement alors qu&rsquo;on couvre un territoire tr\u00e8s riche.\u00a0<\/p>\n<p>S.M. : Je commence un peu plus tard la matinale, j&rsquo;arrive vers 4h donc je rends l&rsquo;antenne vers 10h30 &#8211; 11h. D\u00e9sormais, on ne fait pas plus que du JT, l&rsquo;interactivit\u00e9 est notre nouvelle force.<\/p>\n","protected":false},"excerpt":{"rendered":"Une rentr\u00e9e sous le signe de la nouveaut\u00e9. BFM Marseille Provence (qui appartient \u00e0 la CMA CGM, propri\u00e9taire&hellip;\n","protected":false},"author":2,"featured_media":506629,"comment_status":"","ping_status":"","sticky":false,"template":"","format":"standard","meta":{"footnotes":""},"categories":[2814],"tags":[17,1111,11,21895,251,1777,674,1011,27,45513,62821,884,12,2043,3285,1186,882,25],"class_list":{"0":"post-506628","1":"post","2":"type-post","3":"status-publish","4":"format-standard","5":"has-post-thumbnail","7":"category-marseille","8":"tag-17","9":"tag-actu","10":"tag-actualites","11":"tag-bfm","12":"tag-culture","13":"tag-eu","14":"tag-europe","15":"tag-fr","16":"tag-france","17":"tag-grille","18":"tag-linteractivite","19":"tag-marseille","20":"tag-news","21":"tag-nouvelle","22":"tag-presente","23":"tag-provence","24":"tag-provence-alpes-cote-dazur","25":"tag-republique-francaise"},"share_on_mastodon":{"url":"https:\/\/pubeurope.com\/@fr\/115479867866526559","error":""},"_links":{"self":[{"href":"https:\/\/www.europesays.com\/fr\/wp-json\/wp\/v2\/posts\/506628","targetHints":{"allow":["GET"]}}],"collection":[{"href":"https:\/\/www.europesays.com\/fr\/wp-json\/wp\/v2\/posts"}],"about":[{"href":"https:\/\/www.europesays.com\/fr\/wp-json\/wp\/v2\/types\/post"}],"author":[{"embeddable":true,"href":"https:\/\/www.europesays.com\/fr\/wp-json\/wp\/v2\/users\/2"}],"replies":[{"embeddable":true,"href":"https:\/\/www.europesays.com\/fr\/wp-json\/wp\/v2\/comments?post=506628"}],"version-history":[{"count":0,"href":"https:\/\/www.europesays.com\/fr\/wp-json\/wp\/v2\/posts\/506628\/revisions"}],"wp:featuredmedia":[{"embeddable":true,"href":"https:\/\/www.europesays.com\/fr\/wp-json\/wp\/v2\/media\/506629"}],"wp:attachment":[{"href":"https:\/\/www.europesays.com\/fr\/wp-json\/wp\/v2\/media?parent=506628"}],"wp:term":[{"taxonomy":"category","embeddable":true,"href":"https:\/\/www.europesays.com\/fr\/wp-json\/wp\/v2\/categories?post=506628"},{"taxonomy":"post_tag","embeddable":true,"href":"https:\/\/www.europesays.com\/fr\/wp-json\/wp\/v2\/tags?post=506628"}],"curies":[{"name":"wp","href":"https:\/\/api.w.org\/{rel}","templated":true}]}}