{"id":50663,"date":"2025-04-25T02:23:19","date_gmt":"2025-04-25T02:23:19","guid":{"rendered":"https:\/\/www.europesays.com\/fr\/50663\/"},"modified":"2025-04-25T02:23:19","modified_gmt":"2025-04-25T02:23:19","slug":"la-mairie-souhaite-ouvrir-deux-creches-de-plein-air-une-premiere-en-france","status":"publish","type":"post","link":"https:\/\/www.europesays.com\/fr\/50663\/","title":{"rendered":"la mairie souhaite ouvrir deux cr\u00e8ches de plein air, une premi\u00e8re en France"},"content":{"rendered":"<p>Ce concept, largement utilis\u00e9 dans les pays scandinaves, aurait un effet b\u00e9n\u00e9fique sur la sant\u00e9 des enfants selon certaines \u00e9tudes.<\/p>\n<p class=\"fig-paragraph\">Jouer, manger, dormir dehors\u00a0: la mairie \u00e9cologiste de Lyon a annonc\u00e9 jeudi qu&rsquo;elle comptait ouvrir\u00a0<a href=\"https:\/\/www.lefigaro.fr\/actualite-france\/laissez-les-enfants-jouer-dehors-l-essor-des-creches-en-plein-air-20210928\" data-fig-type=\"Article\" data-gtm-custom-categorie=\"navigation\" data-gtm-custom-action=\"crossclick\" data-gtm-custom-label=\"Contextuel\" data-gtm-event=\"customEventSPE\" data-fig-domain=\"LEFIGARO\" target=\"_blank\" rel=\"noopener\">deux cr\u00e8ches en plein air<\/a>\u00a0d&rsquo;ici la fin de l&rsquo;ann\u00e9e, des structures fr\u00e9quentes dans les pays scandinaves mais pionni\u00e8res en France. \u00abC&rsquo;est bon pour la sant\u00e9\u00bb des enfants, a d\u00e9clar\u00e9 le maire EELV Gr\u00e9gory Doucet en pr\u00e9sentant le chantier d&rsquo;une cr\u00e8che associative \u00ab100% en plein air\u00bb qui doit accueillir 20 enfants \u00e0 l&rsquo;automne dans un parc public.<\/p>\n<p class=\"fig-paragraph\">Une cr\u00e8che municipale du m\u00eame genre, la premi\u00e8re de France selon la mairie, ouvrira peu apr\u00e8s. Et un troisi\u00e8me projet, qui pourrait s&rsquo;implanter dans le parc embl\u00e9matique de la T\u00eate d&rsquo;Or, est \u00e0 l&rsquo;\u00e9tude. Des \u00e9tudes montrent que la vie en ext\u00e9rieur est b\u00e9n\u00e9fique pour le sommeil, les d\u00e9fenses immunitaires ou la sociabilit\u00e9 des plus jeunes, a rench\u00e9ri Steven Vasselin, adjoint au maire d\u00e9l\u00e9gu\u00e9 \u00e0 la Petite enfance. \u00abNotre ambition\u00bb, a-t-il poursuivi, \u00abc&rsquo;est d&rsquo;essaimer, d&rsquo;inspirer, de faire vraiment un standard qui sera r\u00e9pliqu\u00e9\u00bb.<\/p>\n<p>\u00abRapprocher les enfants de la nature\u00bb<\/p>\n<p class=\"fig-paragraph\">Les enfants inscrits \u00e0 la cr\u00e8che associative, dont un tiers en situation de handicap, passeront la journ\u00e9e en plein air quelle que soit la saison. En cas de temp\u00e9ratures extr\u00eames, canicule ou grosses pluies, ils pourront \u00eatre mis \u00e0 l&rsquo;abri dans une structure en bois sur pilotis, \u00e9quip\u00e9s d&rsquo;ombrages et de ventilateurs, et qui accueillera aussi la cuisine. Ce mod\u00e8le est largement inspir\u00e9 des pays scandinaves, o\u00f9 cr\u00e8ches et \u00e9coles en plein air sont l\u00e9gion, suivant un fameux dicton stipulant qu&rsquo;il n&rsquo;y a \u00abpas de mauvaise m\u00e9t\u00e9o, que des mauvais v\u00eatements\u00bb.<\/p>\n<p class=\"fig-paragraph\">\u00abC&rsquo;est vraiment une question d&rsquo;\u00e9quipement et puis d&rsquo;habitude, \u00e7a vient un peu requestionner nos repr\u00e9sentations\u00bb, a soulign\u00e9 \u00e0 l&rsquo;AFP Oph\u00e9lie Loeb, directrice de l&rsquo;association Souris verte qui g\u00e9rera cette structure. Au-del\u00e0 de ces projets, la municipalit\u00e9 \u00e9cologiste a mis en place plusieurs actions pour \u00abrapprocher les enfants de la nature\u00bb depuis son \u00e9lection en 2020\u00a0: 14 cours de cr\u00e8che ont \u00e9t\u00e9 v\u00e9g\u00e9talis\u00e9es, des potagers et poulaillers ont \u00e9t\u00e9 install\u00e9s, les agents ont \u00e9t\u00e9 form\u00e9s aux bienfaits d&rsquo;activit\u00e9s ext\u00e9rieures. \u00abIl faut \u00eatre \u00e0 l&rsquo;\u00e9coute des besoins\u00bb des enfants, \u00abdes besoins d&rsquo;\u00e9mancipation, des besoins d&rsquo;\u00e9veil\u00bb, a estim\u00e9\u00a0<a href=\"http:\/\/www.lefigaro.fr\/lyon\/le-maire-de-lyon-gregory-doucet-auditionne-par-la-police-dans-le-cadre-d-une-enquete-pour-detournement-de-fonds-publics-20250409\" data-fig-type=\"NewsFlash\" data-gtm-custom-categorie=\"navigation\" data-gtm-custom-action=\"crossclick\" data-gtm-custom-label=\"Contextuel\" data-gtm-event=\"customEventSPE\" data-fig-domain=\"LEFIGARO\" target=\"_blank\" rel=\"noopener\">Gr\u00e9gory Doucet<\/a>, en assumant un choix \u00ab\u00e9minemment politique\u00bb.<\/p>\n","protected":false},"excerpt":{"rendered":"Ce concept, largement utilis\u00e9 dans les pays scandinaves, aurait un effet b\u00e9n\u00e9fique sur la sant\u00e9 des enfants selon&hellip;\n","protected":false},"author":2,"featured_media":50664,"comment_status":"","ping_status":"","sticky":false,"template":"","format":"standard","meta":{"footnotes":""},"categories":[1889],"tags":[1111,11,5273,2430,5299,5272,5312,5296,5285,2695,1777,674,5293,1011,27,5303,5311,5301,5279,5275,5313,5276,5300,5302,5280,5298,5281,5306,5305,5308,5309,5284,5294,5297,5269,5271,5268,5270,5267,2428,5295,5307,5277,5304,5283,12,978,5274,25,2431,5314,5288,5292,5289,5291,5290,5315,5282,5286,5310,5287,5278],"class_list":{"0":"post-50663","1":"post","2":"type-post","3":"status-publish","4":"format-standard","5":"has-post-thumbnail","7":"category-lyon","8":"tag-actu","9":"tag-actualites","10":"tag-ainay","11":"tag-auvergne-rhone-alpes","12":"tag-bellecombe","13":"tag-bellecour","14":"tag-champvert-nord","15":"tag-champvert-sud","16":"tag-clos-jouve","17":"tag-creche","18":"tag-eu","19":"tag-europe","20":"tag-fourviere","21":"tag-fr","22":"tag-france","23":"tag-gerland","24":"tag-gorge-de-loup","25":"tag-jean-mace","26":"tag-la-buire","27":"tag-la-confluence","28":"tag-la-duchere","29":"tag-la-guillotiere-nord-prefecture","30":"tag-la-guillotiere-sud","31":"tag-la-mouche","32":"tag-la-part-dieu","33":"tag-la-tete-dor","34":"tag-la-villette","35":"tag-laennec","36":"tag-le-bachut","37":"tag-le-grand-trou","38":"tag-le-moulin-a-vent","39":"tag-le-plateau-de-la-croix-rousse","40":"tag-le-point-du-jour","41":"tag-les-brotteaux","42":"tag-les-chartreux","43":"tag-les-cordeliers","44":"tag-les-pentes-de-la-croix-rousse","45":"tag-les-terreaux","46":"tag-les-traboules","47":"tag-lyon","48":"tag-menival","49":"tag-mermoz","50":"tag-moncey","51":"tag-monplaisir","52":"tag-montchat","53":"tag-news","54":"tag-olympique-lyonnais","55":"tag-perrache","56":"tag-republique-francaise","57":"tag-rhone-alpes","58":"tag-rochecardon-industrie","59":"tag-saint-georges","60":"tag-saint-irenee","61":"tag-saint-jean","62":"tag-saint-just","63":"tag-saint-paul","64":"tag-saint-rambert-lile-barbe","65":"tag-sans-souci-dauphine","66":"tag-serin-saint-charles","67":"tag-vaise","68":"tag-vieux-lyon","69":"tag-voltaire"},"share_on_mastodon":{"url":"","error":"Validation failed: Text character limit of 500 exceeded"},"_links":{"self":[{"href":"https:\/\/www.europesays.com\/fr\/wp-json\/wp\/v2\/posts\/50663","targetHints":{"allow":["GET"]}}],"collection":[{"href":"https:\/\/www.europesays.com\/fr\/wp-json\/wp\/v2\/posts"}],"about":[{"href":"https:\/\/www.europesays.com\/fr\/wp-json\/wp\/v2\/types\/post"}],"author":[{"embeddable":true,"href":"https:\/\/www.europesays.com\/fr\/wp-json\/wp\/v2\/users\/2"}],"replies":[{"embeddable":true,"href":"https:\/\/www.europesays.com\/fr\/wp-json\/wp\/v2\/comments?post=50663"}],"version-history":[{"count":0,"href":"https:\/\/www.europesays.com\/fr\/wp-json\/wp\/v2\/posts\/50663\/revisions"}],"wp:featuredmedia":[{"embeddable":true,"href":"https:\/\/www.europesays.com\/fr\/wp-json\/wp\/v2\/media\/50664"}],"wp:attachment":[{"href":"https:\/\/www.europesays.com\/fr\/wp-json\/wp\/v2\/media?parent=50663"}],"wp:term":[{"taxonomy":"category","embeddable":true,"href":"https:\/\/www.europesays.com\/fr\/wp-json\/wp\/v2\/categories?post=50663"},{"taxonomy":"post_tag","embeddable":true,"href":"https:\/\/www.europesays.com\/fr\/wp-json\/wp\/v2\/tags?post=50663"}],"curies":[{"name":"wp","href":"https:\/\/api.w.org\/{rel}","templated":true}]}}