{"id":506632,"date":"2025-11-02T11:29:11","date_gmt":"2025-11-02T11:29:11","guid":{"rendered":"https:\/\/www.europesays.com\/fr\/506632\/"},"modified":"2025-11-02T11:29:11","modified_gmt":"2025-11-02T11:29:11","slug":"des-peines-de-prison-distribuees","status":"publish","type":"post","link":"https:\/\/www.europesays.com\/fr\/506632\/","title":{"rendered":"des peines de prison distribu\u00e9es"},"content":{"rendered":"<p itemprop=\"description\"><strong>Le 23 octobre dernier, le centre-ville de Lozanne devenait le th\u00e9\u00e2tre d&rsquo;une vaste rixe sur fond de rivalit\u00e9s.<\/strong><\/p>\n<p>Deux protagonistes \u00e9taient jug\u00e9s \u00e0 Villefranche-sur-Sa\u00f4ne en cette fin de semaine, soup\u00e7onn\u00e9s d&rsquo;avoir respectivement donn\u00e9 des coups de couteau et de manche \u00e0 balai.<\/p>\n<p>Le principal suspect est un Tunisien \u00e2g\u00e9 de 18 ans, r\u00e9cemment arriv\u00e9 en France et vivant \u00e0 Tarare. C&rsquo;est lui qui a sorti un couteau, poignardant \u00e0 deux reprises au niveau de la fesse son adversaire (5 jours d&rsquo;ITT).<\/p>\n<p>Il avait \u00e9t\u00e9 appel\u00e9 en renfort avec un ami de 16 ans pour venir en aide au grand fr\u00e8re de ce dernier, qui se prenait la t\u00eate avec des individus venus l&rsquo;attendre devant chez lui \u00e0 Lozanne.<\/p>\n<p>Malgr\u00e9 son interdiction de sortir dans la rue puisqu&rsquo;il \u00e9tait sous bracelet \u00e9lectronique, le fr\u00e8re de 20 ans avait lui d\u00e9gain\u00e9 un manche \u00e0 balai pour frapper ses opposants.<\/p>\n<p>Le tribunal caladois a prononc\u00e9 une peine de 2 ans de prison dont 6 mois avec sursis contre le Tunisien, et 6 mois ferme pour le grand fr\u00e8re qui restera sous bracelet \u00e9lectronique.<\/p>\n","protected":false},"excerpt":{"rendered":"Le 23 octobre dernier, le centre-ville de Lozanne devenait le th\u00e9\u00e2tre d&rsquo;une vaste rixe sur fond de rivalit\u00e9s.&hellip;\n","protected":false},"author":2,"featured_media":506633,"comment_status":"","ping_status":"","sticky":false,"template":"","format":"standard","meta":{"footnotes":""},"categories":[1889],"tags":[1111,11,2813,2190,2430,1109,251,1112,2811,1777,674,118,1011,27,1922,1110,1114,2428,2810,12,241,316,25,2812,517,800],"class_list":{"0":"post-506632","1":"post","2":"type-post","3":"status-publish","4":"format-standard","5":"has-post-thumbnail","7":"category-lyon","8":"tag-actu","9":"tag-actualites","10":"tag-article","11":"tag-asvel","12":"tag-auvergne-rhone-alpes","13":"tag-breves","14":"tag-culture","15":"tag-depeches","16":"tag-economique","17":"tag-eu","18":"tag-europe","19":"tag-faits-divers","20":"tag-fr","21":"tag-france","22":"tag-info","23":"tag-informations","24":"tag-infos","25":"tag-lyon","26":"tag-lyonmag","27":"tag-news","28":"tag-ol","29":"tag-politique","30":"tag-republique-francaise","31":"tag-sociale","32":"tag-sport","33":"tag-transports"},"share_on_mastodon":{"url":"https:\/\/pubeurope.com\/@fr\/115479875715765502","error":""},"_links":{"self":[{"href":"https:\/\/www.europesays.com\/fr\/wp-json\/wp\/v2\/posts\/506632","targetHints":{"allow":["GET"]}}],"collection":[{"href":"https:\/\/www.europesays.com\/fr\/wp-json\/wp\/v2\/posts"}],"about":[{"href":"https:\/\/www.europesays.com\/fr\/wp-json\/wp\/v2\/types\/post"}],"author":[{"embeddable":true,"href":"https:\/\/www.europesays.com\/fr\/wp-json\/wp\/v2\/users\/2"}],"replies":[{"embeddable":true,"href":"https:\/\/www.europesays.com\/fr\/wp-json\/wp\/v2\/comments?post=506632"}],"version-history":[{"count":0,"href":"https:\/\/www.europesays.com\/fr\/wp-json\/wp\/v2\/posts\/506632\/revisions"}],"wp:featuredmedia":[{"embeddable":true,"href":"https:\/\/www.europesays.com\/fr\/wp-json\/wp\/v2\/media\/506633"}],"wp:attachment":[{"href":"https:\/\/www.europesays.com\/fr\/wp-json\/wp\/v2\/media?parent=506632"}],"wp:term":[{"taxonomy":"category","embeddable":true,"href":"https:\/\/www.europesays.com\/fr\/wp-json\/wp\/v2\/categories?post=506632"},{"taxonomy":"post_tag","embeddable":true,"href":"https:\/\/www.europesays.com\/fr\/wp-json\/wp\/v2\/tags?post=506632"}],"curies":[{"name":"wp","href":"https:\/\/api.w.org\/{rel}","templated":true}]}}