{"id":506634,"date":"2025-11-02T11:30:19","date_gmt":"2025-11-02T11:30:19","guid":{"rendered":"https:\/\/www.europesays.com\/fr\/506634\/"},"modified":"2025-11-02T11:30:19","modified_gmt":"2025-11-02T11:30:19","slug":"metropole-de-lyon-marie-sinfiltre-a-la-ldlc-arena-pour-un-dernier-gros-culot","status":"publish","type":"post","link":"https:\/\/www.europesays.com\/fr\/506634\/","title":{"rendered":"M\u00e9tropole de Lyon. Marie S\u2019infiltre \u00e0 la LDLC Arena \u00ab\u00a0pour un dernier gros culot\u00a0!\u00a0\u00bb"},"content":{"rendered":"<p>Difficile de pr\u00e9senter Marie S\u2019infiltre, et peut-\u00eatre encore davantage son spectacle, \u00ab\u00a0Culot\u00a0\u00bb, qu\u2019elle jouera le 9\u00a0d\u00e9cembre prochain \u00e0 la LDLC Arena. Payons-nous le culot d\u2019essayer\u00a0! (avec son aide).<\/p>\n<p>Marie S\u2019Infiltre (Benoliel de son vrai nom), la trentaine, est \u00e0 la fois com\u00e9dienne, auteure, chanteuse, danseuse et metteuse en sc\u00e8ne\u00a0; depuis la rentr\u00e9e, elle a anim\u00e9 une chronique hebdomadaire, un \u00ab\u00a0billet\u00a0\u00bb de coach culot, qui vient d\u2019\u00eatre arr\u00eat\u00e9e, sur France Inter. Elle s\u2019est fait conna\u00eetre en 2017 sur les r\u00e9seaux sociaux gr\u00e2ce \u00e0 ses vid\u00e9os satiriques, comiques et politiques sur l\u2019actualit\u00e9.<\/p>\n<p>Une fille culott\u00e9e<\/p>\n<p>Ses vid\u00e9os ont \u00e9t\u00e9 un tremplin pour&#8230;<\/p>\n","protected":false},"excerpt":{"rendered":"Difficile de pr\u00e9senter Marie S\u2019infiltre, et peut-\u00eatre encore davantage son spectacle, \u00ab\u00a0Culot\u00a0\u00bb, qu\u2019elle jouera le 9\u00a0d\u00e9cembre prochain \u00e0&hellip;\n","protected":false},"author":2,"featured_media":506635,"comment_status":"","ping_status":"","sticky":false,"template":"","format":"standard","meta":{"footnotes":""},"categories":[1889],"tags":[1111,11,2430,1687,4624,3152,2757,1777,674,107,1011,27,2428,2756,12,25,2429,3151,3140],"class_list":{"0":"post-506634","1":"post","2":"type-post","3":"status-publish","4":"format-standard","5":"has-post-thumbnail","7":"category-lyon","8":"tag-actu","9":"tag-actualites","10":"tag-auvergne-rhone-alpes","11":"tag-culture-loisirs","12":"tag-decines-charpieu","13":"tag-edition-est-lyonnais","14":"tag-edition-lyon-villeurbanne","15":"tag-eu","16":"tag-europe","17":"tag-fil-info","18":"tag-fr","19":"tag-france","20":"tag-lyon","21":"tag-lyon-bassin","22":"tag-news","23":"tag-republique-francaise","24":"tag-rhone","25":"tag-selection-de-la-redaction-69","26":"tag-spectacle"},"share_on_mastodon":{"url":"https:\/\/pubeurope.com\/@fr\/115479879541567907","error":""},"_links":{"self":[{"href":"https:\/\/www.europesays.com\/fr\/wp-json\/wp\/v2\/posts\/506634","targetHints":{"allow":["GET"]}}],"collection":[{"href":"https:\/\/www.europesays.com\/fr\/wp-json\/wp\/v2\/posts"}],"about":[{"href":"https:\/\/www.europesays.com\/fr\/wp-json\/wp\/v2\/types\/post"}],"author":[{"embeddable":true,"href":"https:\/\/www.europesays.com\/fr\/wp-json\/wp\/v2\/users\/2"}],"replies":[{"embeddable":true,"href":"https:\/\/www.europesays.com\/fr\/wp-json\/wp\/v2\/comments?post=506634"}],"version-history":[{"count":0,"href":"https:\/\/www.europesays.com\/fr\/wp-json\/wp\/v2\/posts\/506634\/revisions"}],"wp:featuredmedia":[{"embeddable":true,"href":"https:\/\/www.europesays.com\/fr\/wp-json\/wp\/v2\/media\/506635"}],"wp:attachment":[{"href":"https:\/\/www.europesays.com\/fr\/wp-json\/wp\/v2\/media?parent=506634"}],"wp:term":[{"taxonomy":"category","embeddable":true,"href":"https:\/\/www.europesays.com\/fr\/wp-json\/wp\/v2\/categories?post=506634"},{"taxonomy":"post_tag","embeddable":true,"href":"https:\/\/www.europesays.com\/fr\/wp-json\/wp\/v2\/tags?post=506634"}],"curies":[{"name":"wp","href":"https:\/\/api.w.org\/{rel}","templated":true}]}}