{"id":506636,"date":"2025-11-02T11:32:14","date_gmt":"2025-11-02T11:32:14","guid":{"rendered":"https:\/\/www.europesays.com\/fr\/506636\/"},"modified":"2025-11-02T11:32:14","modified_gmt":"2025-11-02T11:32:14","slug":"une-petition-reclame-des-wagons-reserves-aux-femmes-et-aux-enfants-dans-les-transports-en-ile-de-france","status":"publish","type":"post","link":"https:\/\/www.europesays.com\/fr\/506636\/","title":{"rendered":"Une p\u00e9tition r\u00e9clame des \u00abwagons r\u00e9serv\u00e9s aux femmes et aux enfants\u00bb dans les transports en \u00cele-de-France"},"content":{"rendered":"<p>\n    Soutenu par 12.500 personnes, ce document sugg\u00e8re \u00e0 la SNCF ainsi qu\u2019\u00e0 IDFM de \u00ablancer un projet pilote de wagons r\u00e9serv\u00e9s aux femmes et aux enfants sur la ligne RER\u00bb. Un moyen de contrer les violences faites aux femmes dans les transports.<\/p>\n<p class=\"fig-paragraph\">Face aux\u00a0<a href=\"https:\/\/video.lefigaro.fr\/figaro\/faits-divers\/tentative-de-viol-dans-le-rer-c-le-suspect-nie-les-faits-qui-lui-sont-reproches-20251027\" data-fig-type=\"Video\" data-gtm-custom-categorie=\"navigation\" data-gtm-custom-action=\"crossclick\" data-gtm-custom-label=\"Contextuel\" data-gtm-event=\"customEventSPE\" data-fig-domain=\"LEFIGARO\" target=\"_blank\" rel=\"noopener\">agressions sexuelles dans les transports<\/a>, certaines femmes pr\u00e9conisent une solution radicale. Rep\u00e9r\u00e9e par nos confr\u00e8res du Parisien, une p\u00e9tition publi\u00e9e sur le\u00a0<a href=\"https:\/\/www.change.org\/p\/pour-les-wagons-r%C3%A9serv%C3%A9s-aux-femmes-et-aux-enfants-sur-l-ensemble-du-r%C3%A9seau-transilien\" target=\"_blank\" rel=\"sponsored noopener\" data-gtm-custom-categorie=\"navigation\" data-gtm-custom-action=\"crossclick\" data-gtm-custom-label=\"Contextuel\" data-gtm-event=\"customEventSPE\">site Change.org<\/a>\u00a0demande aux autorit\u00e9s charg\u00e9es des r\u00e9seaux en \u00cele-de-France &#8211; IDFM et la SNCF &#8211; de s\u2019inspirer de l\u2019exemple d\u2019autres pays, en instaurant des wagons, sur le RER, interdits aux hommes.<\/p>\n<p class=\"fig-paragraph\">\u00abLes femmes ne se sentent pas en s\u00e9curit\u00e9 dans les transports d\u2019\u00cele-de-France\u00bb, constate l\u2019auteure de la p\u00e9tition, Marie K, quelques jours apr\u00e8s une tentative de viol dans le RER C qui a \u00e9t\u00e9 abondamment comment\u00e9e dans les m\u00e9dias. Durant leurs trajets, elles voyagent avec \u00abun sentiment constant de vuln\u00e9rabilit\u00e9 et d\u2019inqui\u00e9tude\u00bb, alors qu\u2019elles \u00abne devraient pas avoir \u00e0 s\u2019adapter \u00e0 un environnement per\u00e7u comme dangereux\u00bb, ajoute le texte.<\/p>\n<p>                                    <a class=\"fig-a11y-skip a11y-hidden\" href=\"#fig-a11y-skip-main-inarticle\"><br \/>\n        Passer la publicit\u00e9<br \/>\n    <\/a><\/p>\n<p class=\"fig-paragraph\">Face au fl\u00e9au des agressions, et afin de r\u00e9tablir le \u00abdroit fondamental\u00bb \u00e0 la s\u00e9curit\u00e9, l\u2019auteur sugg\u00e8re donc aux autorit\u00e9s organisatrices de la r\u00e9gion de \u00ablancer un projet pilote de wagons r\u00e9serv\u00e9s aux femmes et aux enfants sur la ligne RER\u00bb. Celui-ci devrait \u00eatre identifi\u00e9 clairement pour les usagers, et faire l\u2019objet d\u2019une surveillance accrue pour ce public vuln\u00e9rable. Plus tard, \u00abune \u00e9valuation ind\u00e9pendante du projet en impliquant les passag\u00e8res\u00bb devrait \u00eatre r\u00e9alis\u00e9e, ajoute l\u2019auteur, qui rappelle que ce syst\u00e8me existe d\u00e9j\u00e0 au Japon, en Inde, \u00e0 Duba\u00ef ou encore dans certains syst\u00e8mes, en Allemagne ou au Royaume-Uni. \u00abLes femmes ne devraient pas ressentir de crainte \u00e0 chaque trajet. Elles ont le droit de se d\u00e9placer dans la s\u00e9r\u00e9nit\u00e9 et la s\u00e9curit\u00e9\u00bb, conclut-elle.<\/p>\n<p class=\"fig-body-link\">\n            \u00c0 lire aussi<br \/>\n        <a class=\"fig-body-link__link fig-premium-mark\" href=\"http:\/\/www.lefigaro.fr\/actualite-france\/anxiogene-mal-frequente-craignos-l-eternelle-peur-du-rer-denoncee-par-les-franciliennes-20251025\" data-fig-type=\"Article\" data-gtm-custom-categorie=\"navigation\" data-gtm-custom-action=\"crossclick\" data-gtm-custom-label=\"Contextuel\" data-gtm-event=\"customEventSPE\" data-fig-domain=\"LEFIGARO\" target=\"_blank\" rel=\"noopener\"><\/p>\n<p>        \u00abAnxiog\u00e8ne\u00bb, \u00abmal fr\u00e9quent\u00e9\u00bb, \u00abangoissant\u00bb&#8230; L\u2019\u00e9ternelle peur du RER d\u00e9nonc\u00e9e par les Franciliennes<br \/>\n    <\/a>\n<\/p>\n<p>Pas une solution privil\u00e9gi\u00e9e par IDFM<\/p>\n<p class=\"fig-paragraph\">Dans les commentaires de la p\u00e9tition, certains signataires d\u00e9battent ardemment du bien-fond\u00e9 de la proposition. \u00abLe probl\u00e8me n\u2019a rien \u00e0 voir avec les personnes racis\u00e9es mais avec tous les hommes en g\u00e9n\u00e9ral\u00bb, assure une personne, quand une autre juge \u00abregrettable d\u2019en arriver l\u00e0\u00bb. \u00abIl va falloir faire un grand m\u00e9nage en France, cela devient invivable, on laisse entrer n\u2019importe qui, sans avoir le courage de les expulser quand ils commettent des crimes et d\u00e9lits\u00bb, commente une troisi\u00e8me, suscitant l\u2019indignation d\u2019autres internautes.<\/p>\n<p class=\"fig-paragraph\">Pour l\u2019heure, la p\u00e9tition a rassembl\u00e9 quelques 12.500 signataires, au 2 novembre. Le projet d\u00e9fendu par Marie n\u2019a, pour l\u2019heure, aucune chance d\u2019aboutir\u00a0: \u00abNous n\u2019avons pas pour projet \u00e0 ce jour de cr\u00e9er des wagons r\u00e9serv\u00e9s aux femmes, quel que soit le mode de transport\u00bb, r\u00e9pond IDFM au Parisien. \u00c0 la place, l\u2019autorit\u00e9 organisatrice des transports dans la r\u00e9gion privil\u00e9gie d\u2019autres solutions, comme davantage de cam\u00e9ras, le d\u00e9ploiement de trains \u00abboas\u00bb aux wagons interconnect\u00e9s pour \u00e9viter l\u2019isolement des personnes, un num\u00e9ro d\u2019urgence &#8211; le 3117 &#8211; ou encore des bornes d\u2019appel d\u2019urgence.<\/p>\n<p class=\"fig-paragraph\">Dimanche, Val\u00e9rie P\u00e9cresse, a d\u2019ailleurs insist\u00e9 sur une nouvelle piste d\u2019am\u00e9lioration. R\u00e9agissant \u00e0 un entretien du ministre de l\u2019Int\u00e9rieur, dans lequel Laurent Nunez se dit ouvert \u00e0 \u00abl\u2019utilisation de la vid\u00e9o algorithmique pour attirer l\u2019attention sur des ph\u00e9nom\u00e8nes anormaux\u00bb, la pr\u00e9sidente de la r\u00e9gion \u00cele-de-France a r\u00e9pondu \u00abchiche\u00bb. \u00abVid\u00e9o protection algorithmique, augment\u00e9e par l\u2019IA\u00a0? Je dis chiche, oui, maintenant\u00a0! C\u2019est indispensable pour garantir la s\u00e9curit\u00e9 dans les transports, notamment en cas d\u2019agression sexuelle\u00bb, a-t-elle \u00e9crit, sur X. Et d\u2019ajouter que \u00ables cam\u00e9ras ne sont pas juste l\u00e0 pour retrouver les agresseurs, elles sont l\u00e0 pour emp\u00eacher les crimes\u00bb.<\/p>\n","protected":false},"excerpt":{"rendered":"Soutenu par 12.500 personnes, ce document sugg\u00e8re \u00e0 la SNCF ainsi qu\u2019\u00e0 IDFM de \u00ablancer un projet pilote&hellip;\n","protected":false},"author":2,"featured_media":506637,"comment_status":"","ping_status":"","sticky":false,"template":"","format":"standard","meta":{"footnotes":""},"categories":[1592],"tags":[1111,11,1777,674,1011,27,662,2825,12,626,25,6917],"class_list":{"0":"post-506636","1":"post","2":"type-post","3":"status-publish","4":"format-standard","5":"has-post-thumbnail","7":"category-ile-de-france","8":"tag-actu","9":"tag-actualites","10":"tag-eu","11":"tag-europe","12":"tag-fr","13":"tag-france","14":"tag-ile-de-france","15":"tag-insecurite","16":"tag-news","17":"tag-paris","18":"tag-republique-francaise","19":"tag-transport-ferroviaire"},"share_on_mastodon":{"url":"https:\/\/pubeurope.com\/@fr\/115479887619835886","error":""},"_links":{"self":[{"href":"https:\/\/www.europesays.com\/fr\/wp-json\/wp\/v2\/posts\/506636","targetHints":{"allow":["GET"]}}],"collection":[{"href":"https:\/\/www.europesays.com\/fr\/wp-json\/wp\/v2\/posts"}],"about":[{"href":"https:\/\/www.europesays.com\/fr\/wp-json\/wp\/v2\/types\/post"}],"author":[{"embeddable":true,"href":"https:\/\/www.europesays.com\/fr\/wp-json\/wp\/v2\/users\/2"}],"replies":[{"embeddable":true,"href":"https:\/\/www.europesays.com\/fr\/wp-json\/wp\/v2\/comments?post=506636"}],"version-history":[{"count":0,"href":"https:\/\/www.europesays.com\/fr\/wp-json\/wp\/v2\/posts\/506636\/revisions"}],"wp:featuredmedia":[{"embeddable":true,"href":"https:\/\/www.europesays.com\/fr\/wp-json\/wp\/v2\/media\/506637"}],"wp:attachment":[{"href":"https:\/\/www.europesays.com\/fr\/wp-json\/wp\/v2\/media?parent=506636"}],"wp:term":[{"taxonomy":"category","embeddable":true,"href":"https:\/\/www.europesays.com\/fr\/wp-json\/wp\/v2\/categories?post=506636"},{"taxonomy":"post_tag","embeddable":true,"href":"https:\/\/www.europesays.com\/fr\/wp-json\/wp\/v2\/tags?post=506636"}],"curies":[{"name":"wp","href":"https:\/\/api.w.org\/{rel}","templated":true}]}}