{"id":506644,"date":"2025-11-02T11:36:30","date_gmt":"2025-11-02T11:36:30","guid":{"rendered":"https:\/\/www.europesays.com\/fr\/506644\/"},"modified":"2025-11-02T11:36:30","modified_gmt":"2025-11-02T11:36:30","slug":"son-restaurant-le-moins-cher-se-trouve-dans-un-quartier-chic-de-paris-on-peut-y-dejeuner-pour-moins-de-35-euros","status":"publish","type":"post","link":"https:\/\/www.europesays.com\/fr\/506644\/","title":{"rendered":"son restaurant le moins cher se trouve dans un quartier chic de Paris, on peut y d\u00e9jeuner pour moins de 35 euros"},"content":{"rendered":"<p>                                    <img decoding=\"async\" src=\"https:\/\/www.europesays.com\/fr\/wp-content\/uploads\/2025\/11\/dba41fb49f3eace425561677fc365b2f9d474c65f4ea73ea4d71f486b456a771.jpg\" alt=\"Ce jeudi 30 octobre dans Gala N\u00b01690, d\u00e9couvrez le sommaire en vid\u00e9o\u00a0!\" class=\"a11y-hidden\" fetchpriority=\"high\"\/><\/p>\n<p class=\"fig-standfirst\">\n    Invit\u00e9e dans l\u2019\u00e9mission Un dimanche \u00e0 la campagne ce dimanche 2 novembre, St\u00e9phanie Le\u00a0Quellec a ouvert avec son mari David Le Quellec, le restaurant Vive, situ\u00e9 dans le 17e arrondissement de Paris. Un \u00e9tablissement o\u00f9 il est possible de manger pour moins de 35 euros. Zoom.<\/p>\n<p class=\"fig-paragraph\">Apr\u00e8s\u00a0<a href=\"https:\/\/www.gala.fr\/lifestyle\/stephanie-le-quellec-de-retour-dans-top-chef-elle-devoile-lingredient-interdit-pour-un-clafoutis-reussi_555010\" target=\"_blank\" data-fig-type=\"Article\" rel=\"sponsored noopener\" data-gtm-custom-categorie=\"navigation\" data-gtm-custom-action=\"crossclick\" data-gtm-custom-label=\"Contextuel\" data-gtm-event=\"customEventSPE\" data-fig-domain=\"GALA\">s\u2019\u00eatre fait conna\u00eetre lors de la deuxi\u00e8me saison de Top Chef<\/a> \u00a0sur M6 en 2011, St\u00e9phanie Le\u00a0Quellec, invit\u00e9e ce dimanche 2 novembre dans l\u2019\u00e9mission Un dimanche \u00e0 la campagne, a r\u00e9ussi \u00e0 conqu\u00e9rir le monde de la gastronomie. Doublement \u00e9toil\u00e9e\u00a0<a href=\"https:\/\/www.gala.fr\/lifestyle\/stephanie-le-quellec-au-fait-combien-ca-coute-de-manger-dans-son-restaurant-2-etoiles-a-paris-20250409\" target=\"_blank\" data-fig-type=\"Article\" rel=\"sponsored noopener\" data-gtm-custom-categorie=\"navigation\" data-gtm-custom-action=\"crossclick\" data-gtm-custom-label=\"Contextuel\" data-gtm-event=\"customEventSPE\" data-fig-domain=\"GALA\">avec son restaurant La Sc\u00e8ne ouvert depuis octobre 2019<\/a>, avenue Matignon \u00e0 Paris,\u00a0<a href=\"https:\/\/www.gala.fr\/l_actu\/news_de_stars\/interview-stephanie-le-quellec-je-dois-beaucoup-a-mon-socle-familial-20250327\" target=\"_blank\" data-fig-type=\"Article\" rel=\"sponsored noopener\" data-gtm-custom-categorie=\"navigation\" data-gtm-custom-action=\"crossclick\" data-gtm-custom-label=\"Contextuel\" data-gtm-event=\"customEventSPE\" data-fig-domain=\"GALA\">la cheffe<\/a>\u00a0a ouvert, avec son mari David Le Quellec, un autre restaurant au sein de la capitale en octobre 2022. Situ\u00e9 au 62, avenue des Ternes dans le 17e arrondissement, leur \u00e9tablissement c\u00e9l\u00e8bre la mer avec audace et \u00e9l\u00e9gance, offrant un voyage gustatif sans se ruiner. Durant la semaine sauf le week-end et les jours f\u00e9ri\u00e9s,\u00a0<a href=\"https:\/\/www.vive-restaurant.com\/\" target=\"_blank\" rel=\"sponsored noopener\" data-gtm-custom-categorie=\"navigation\" data-gtm-custom-action=\"crossclick\" data-gtm-custom-label=\"Contextuel\" data-gtm-event=\"customEventSPE\">Vive<\/a> \u00a0propose un menu lunch entr\u00e9e-plat-dessert \u00e0 42 euros, mais aussi une formule d\u00e9jeuner entr\u00e9e-plat ou plat-dessert pour 34 euros. Un prix abordable pour les amateurs de gastronomie raffin\u00e9e et d\u2019ambiance d\u00e9contract\u00e9e.<\/p>\n<p class=\"fig-paragraph\">St\u00e9phanie et David Le Quellec ont imagin\u00e9 une cuisine iod\u00e9e, libre et contemporaine, inspir\u00e9e des littoraux fran\u00e7ais, de la Normandie \u00e0 la M\u00e9diterran\u00e9e. Les assiettes, souvent \u00e0 partager, rendent hommage \u00e0 la richesse des c\u00f4tes et \u00e0 l\u2019esprit convivial des repas marins. Au rez-de-chauss\u00e9e, le comptoir de Vive joue la carte de la convivialit\u00e9. Entre\u00a0<a href=\"http:\/\/www.gala.fr\/lifestyle\/de-madonna-a-kendall-jenner-ce-cocktail-est-le-favori-des-stars-pendant-la-fashion-week-20251013\" data-fig-type=\"Article\" data-gtm-custom-categorie=\"navigation\" data-gtm-custom-action=\"crossclick\" data-gtm-custom-label=\"Contextuel\" data-gtm-event=\"customEventSPE\" data-fig-domain=\"GALA\" target=\"_blank\" rel=\"noopener\">cocktails<\/a>\u00a0signatures, assiettes \u00e0 partager et banquettes mordor\u00e9es, l\u2019ambiance se fait plus libre, festive et chaleureuse. \u00c0 l\u2019\u00e9tage, le restaurant peut accueillir une cinquantaine de couverts. Deux salles, dont l\u2019une peut \u00eatre privatis\u00e9e pour des \u00e9v\u00e8nements de 20 personnes, b\u00e9n\u00e9ficient d\u2019un traitement enveloppant de bois de ch\u00eane et de longues banquettes en velours mordor\u00e9, penchant safran-curcuma.<\/p>\n<p>                                    <a class=\"fig-a11y-skip a11y-hidden\" href=\"#fig-a11y-skip-main-inarticle\"><br \/>\n        Passer la publicit\u00e9<br \/>\n    <\/a><\/p>\n<p>Poulpe, daurade et ceviche&#8230; d\u00e9couvrez les plats propos\u00e9s chez Vive<\/p>\n<p class=\"fig-paragraph\">\u00c0 la carte, Vive propose plusieurs entr\u00e9es allant de 13 \u00e0 69 euros. On y retrouve des sardines, du tarama ou encore un plateau de\u00a0<a href=\"http:\/\/www.gala.fr\/lifestyle\/estelle-lefebure-revele-son-restaurant-de-fruits-de-mer-prefere-a-deux-pas-de-deauville-decouvrez-le-20250224\" data-fig-type=\"Article\" data-gtm-custom-categorie=\"navigation\" data-gtm-custom-action=\"crossclick\" data-gtm-custom-label=\"Contextuel\" data-gtm-event=\"customEventSPE\" data-fig-domain=\"GALA\" target=\"_blank\" rel=\"noopener\">fruits de mer<\/a>\u00a0compos\u00e9 de six hu\u00eetres, trois langoustines, de bulots et des crevettes. Pour poursuivre le repas, il est possible de se laisser tenter par un ceviche de dorade (21 euros), du saumon br\u00fbl\u00e9 au zaatar (22 euros), des langoustines accompagn\u00e9es de son lait ribot fa\u00e7on tha\u00ef (27 euros), du thon rouge au ponzu \u00e9pic\u00e9 (26 euros), ou encore par un carpaccio de Gamberro Rosso et son huile vanill\u00e9e citron caviar (39 euros). C\u00f4t\u00e9 plats chauds, la carte pr\u00e9sente un quart de poulpe dor\u00e9 et son bouillon harissa (39 euros), des aiguillettes de bar (39 euros), un steak de thon (45 euros) ainsi que sa raviole de langoustines, ses l\u00e9gumes et son \u00e9mulsion coco (48 euros). Des plats peuvent aussi \u00eatre partag\u00e9s comme le poulpe (69 euros), le bar de ligne (95 euros), la daurade royale (59 euros) et le m\u00e9daillon de veau (120 euros). Pour l\u2019accompagnement, il y a le choix entre les pommes de terre confites au sak\u00e9 (11 euros), du c\u00e9leri r\u00e9moulade et sa mayo nori (12 euros), des pousses d\u2019\u00e9pinard au ponzu (13 euros) ainsi qu\u2019un artichaut parmesan (16 euros). En dessert, le vacherin givr\u00e9 aux agrumes (16 euros) ou la coupe de glace vanille et fraise (12 euros) viennent ponctuer ce moment de fra\u00eecheur et de l\u00e9g\u00e8ret\u00e9.<\/p>\n<p class=\"fig-paragraph\">62, avenue des Ternes<\/p>\n<p class=\"fig-paragraph\">75017 Paris<\/p>\n<p class=\"fig-paragraph\">Mardi &#8211; samedi\u00a0<\/p>\n<p class=\"fig-paragraph\">De 12h \u00e0 13h30 et de 19h \u00e0 21h30<\/p>\n","protected":false},"excerpt":{"rendered":"Invit\u00e9e dans l\u2019\u00e9mission Un dimanche \u00e0 la campagne ce dimanche 2 novembre, St\u00e9phanie Le\u00a0Quellec a ouvert avec son&hellip;\n","protected":false},"author":2,"featured_media":506645,"comment_status":"","ping_status":"","sticky":false,"template":"","format":"standard","meta":{"footnotes":""},"categories":[1888],"tags":[11,1777,674,1011,27,12,626,2141,25,1340,62822],"class_list":{"0":"post-506644","1":"post","2":"type-post","3":"status-publish","4":"format-standard","5":"has-post-thumbnail","7":"category-paris","8":"tag-actualites","9":"tag-eu","10":"tag-europe","11":"tag-fr","12":"tag-france","13":"tag-news","14":"tag-paris","15":"tag-prix","16":"tag-republique-francaise","17":"tag-restaurant","18":"tag-stephanie-le-quellec"},"share_on_mastodon":{"url":"https:\/\/pubeurope.com\/@fr\/115479904137976322","error":""},"_links":{"self":[{"href":"https:\/\/www.europesays.com\/fr\/wp-json\/wp\/v2\/posts\/506644","targetHints":{"allow":["GET"]}}],"collection":[{"href":"https:\/\/www.europesays.com\/fr\/wp-json\/wp\/v2\/posts"}],"about":[{"href":"https:\/\/www.europesays.com\/fr\/wp-json\/wp\/v2\/types\/post"}],"author":[{"embeddable":true,"href":"https:\/\/www.europesays.com\/fr\/wp-json\/wp\/v2\/users\/2"}],"replies":[{"embeddable":true,"href":"https:\/\/www.europesays.com\/fr\/wp-json\/wp\/v2\/comments?post=506644"}],"version-history":[{"count":0,"href":"https:\/\/www.europesays.com\/fr\/wp-json\/wp\/v2\/posts\/506644\/revisions"}],"wp:featuredmedia":[{"embeddable":true,"href":"https:\/\/www.europesays.com\/fr\/wp-json\/wp\/v2\/media\/506645"}],"wp:attachment":[{"href":"https:\/\/www.europesays.com\/fr\/wp-json\/wp\/v2\/media?parent=506644"}],"wp:term":[{"taxonomy":"category","embeddable":true,"href":"https:\/\/www.europesays.com\/fr\/wp-json\/wp\/v2\/categories?post=506644"},{"taxonomy":"post_tag","embeddable":true,"href":"https:\/\/www.europesays.com\/fr\/wp-json\/wp\/v2\/tags?post=506644"}],"curies":[{"name":"wp","href":"https:\/\/api.w.org\/{rel}","templated":true}]}}