{"id":506646,"date":"2025-11-02T11:37:13","date_gmt":"2025-11-02T11:37:13","guid":{"rendered":"https:\/\/www.europesays.com\/fr\/506646\/"},"modified":"2025-11-02T11:37:13","modified_gmt":"2025-11-02T11:37:13","slug":"quand-larmee-russe-torture-et-execute-ses-propres-soldats-lexpress","status":"publish","type":"post","link":"https:\/\/www.europesays.com\/fr\/506646\/","title":{"rendered":"quand l\u2019arm\u00e9e russe torture et ex\u00e9cute ses propres soldats \u2013 L&rsquo;Express"},"content":{"rendered":"<p class=\"paragraph article-body-paragraph article__item   article-body-paragraph--first \">Des commandants russes ex\u00e9cutent ou envoient d\u00e9lib\u00e9r\u00e9ment \u00e0 la mort des soldats refusant de combattre <a href=\"https:\/\/www.lexpress.fr\/monde\/lukraine-appelle-lue-a-renforcer-les-droits-de-douane-sur-les-importations-russes-OKAME2JHAZBTPFWXFZ5TNVF5CQ\/\" target=\"_self\" rel=\"nofollow noopener\" title=\"https:\/\/www.lexpress.fr\/monde\/lukraine-appelle-lue-a-renforcer-les-droits-de-douane-sur-les-importations-russes-OKAME2JHAZBTPFWXFZ5TNVF5CQ\/\">en Ukraine<\/a>, selon une enqu\u00eate du <a href=\"https:\/\/verstka.media\/im-pohuj-kogo-obnulyat-kak-kaznyat-v-rossijskoj-armii\" target=\"_self\" rel=\"nofollow noopener\" title=\"https:\/\/verstka.media\/im-pohuj-kogo-obnulyat-kak-kaznyat-v-rossijskoj-armii\">m\u00e9dia ind\u00e9pendant Verstka<\/a>, fond\u00e9 par des journalistes d\u2019investigation en exil. S\u2019appuyant sur des t\u00e9moignages, des vid\u00e9os, des plaintes officielles et documents internes, le m\u00e9dia affirme avoir identifi\u00e9 101 <a href=\"https:\/\/www.lexpress.fr\/monde\/europe\/guerre-en-ukraine-des-frappes-russes-massives-provoquent-des-coupures-delectricite-LXL7Z4KD2ZB5FFDHYQEWDX6JMU\/\" target=\"_self\" rel=\"nofollow noopener\" title=\"https:\/\/www.lexpress.fr\/monde\/europe\/guerre-en-ukraine-des-frappes-russes-massives-provoquent-des-coupures-delectricite-LXL7Z4KD2ZB5FFDHYQEWDX6JMU\/\">militaires russes<\/a> accus\u00e9s d\u2019avoir assassin\u00e9, tortur\u00e9 ou puni \u00e0 mort leurs propres subordonn\u00e9s.<\/p>\n<p class=\"paragraph article-body-paragraph article__item   \">Au moins 150 d\u00e9c\u00e8s ont \u00e9t\u00e9 v\u00e9rifi\u00e9s par le m\u00e9dia, un chiffre qui pourrait s\u2019av\u00e9rer bien plus \u00e9lev\u00e9. Depuis le d\u00e9but de l\u2019invasion russe, des rapports \u00e9voquent d\u00e9j\u00e0 des soldats tu\u00e9s par leur camp ou des unit\u00e9s de blocage emp\u00eachant toute retraite. Des accusations que le Kremlin rejette syst\u00e9matiquement.<\/p>\n<p><strong class=\"article-body-link-list__item text-gray-800 article-body-link-list__item--one-item\">LIRE AUSSI  : <a class=\"article-body-link-list__item-link\" href=\"https:\/\/www.lexpress.fr\/monde\/europe\/lhiver-sannonce-tres-difficile-en-ukraine-leffroyable-guerre-de-lenergie-des-russes-EKJYN77B35HEPLFP3RU7NKDOBI\/\" rel=\"nofollow noopener\" target=\"_blank\">\u00ab\u00a0L\u2019hiver s\u2019annonce tr\u00e8s difficile\u00a0\u00bb : en Ukraine, l\u2019effroyable guerre de l\u2019\u00e9nergie des Russes<\/a><\/strong><\/p>\n<p class=\"paragraph article-body-paragraph article__item   \">Les m\u00e9thodes de terreur internes sont d\u00e9crites en d\u00e9tail dans le rapport de Verstka. Au fil des lignes, on d\u00e9couvre l\u2019horreur des \u00ab\u00a0tireurs d\u2019ex\u00e9cution\u00a0\u00bb, soldats qui re\u00e7oivent l\u2019ordre d\u2019abattre les r\u00e9fractaires, puis de jeter leurs corps dans des rivi\u00e8res ou des fosses peu profondes, en les enregistrant comme morts au combat. Autre technique commune, selon des t\u00e9moignages : <a href=\"https:\/\/www.lexpress.fr\/monde\/europe\/ce-que-lon-sait-du-poseidon-ce-drone-sous-marin-russe-capable-daneantir-des-villes-cotieres-TB7R2MDCQJGOJEI5XBTC54U6LE\/\" target=\"_self\" rel=\"nofollow noopener\" title=\"https:\/\/www.lexpress.fr\/monde\/europe\/ce-que-lon-sait-du-poseidon-ce-drone-sous-marin-russe-capable-daneantir-des-villes-cotieres-TB7R2MDCQJGOJEI5XBTC54U6LE\/\">l\u2019usage de drones<\/a> et d\u2019explosifs pour \u00ab\u00a0achever\u00a0\u00bb les bless\u00e9s ou les fuyards. Dans plusieurs cas, des officiers auraient ordonn\u00e9 \u00e0 des op\u00e9rateurs de drones de larguer des grenades sur leurs propres hommes, maquillant ces meurtres en frappes ennemies.<\/p>\n<p>Combats de \u00ab\u00a0gladiateurs\u00a0\u00bb et missions suicides<\/p>\n<p class=\"paragraph article-body-paragraph article__item   \">A ces meurtres s\u2019ajoute parfois la barbarie. Selon Verstka, <a href=\"https:\/\/www.lexpress.fr\/monde\/europe\/stress-post-traumatique-alcoolisme-pensees-suicidaires-la-guerre-en-ukraine-ronge-les-soldats-russes-RJ3NAUKXIBDJDIQOR5SDFCP5RY\/\" target=\"_self\" rel=\"nofollow noopener\" title=\"https:\/\/www.lexpress.fr\/monde\/europe\/stress-post-traumatique-alcoolisme-pensees-suicidaires-la-guerre-en-ukraine-ronge-les-soldats-russes-RJ3NAUKXIBDJDIQOR5SDFCP5RY\/\">des soldats ayant d\u00e9sob\u00e9i<\/a> auraient \u00e9t\u00e9 jet\u00e9s dans des fosses grillag\u00e9es, arros\u00e9s et battus pendant des heures. Parfois m\u00eame, contraints de se battre entre eux \u00ab\u00a0dans des combats de gladiateurs \u00e0 mort\u00a0\u00bb. Une vid\u00e9o diffus\u00e9e en mai 2025 montre deux hommes torse nu dans une fosse tandis qu\u2019une voix dit : \u00ab\u00a0Le commandant Kama a dit que celui qui battra l\u2019autre \u00e0 mort sortira de la fosse\u00a0\u00bb. La voix poursuit : \u00ab\u00a0Ach\u00e8ve-le, qu\u2019est-ce que tu attends ?\u00a0\u00bb, jusqu\u2019\u00e0 ce qu\u2019un homme s\u2019effondre.<\/p>\n<p><strong class=\"article-body-link-list__item text-gray-800 article-body-link-list__item--one-item\">LIRE AUSSI : <a class=\"article-body-link-list__item-link\" href=\"https:\/\/www.lexpress.fr\/monde\/europe\/vacances-en-coree-du-nord-business-avec-la-chine-le-grand-virage-oriental-de-la-russie-OJM5URCUTZC5PKIW7X763KM5TM\/\" rel=\"nofollow noopener\" target=\"_blank\">Dans la Russie de Poutine, le grand pivot vers l&rsquo;Est : vacances en Cor\u00e9e du Nord, business avec la Chine\u2026<\/a><\/strong><\/p>\n<p class=\"paragraph article-body-paragraph article__item   \">Le m\u00e9dia relie \u00e9galement plusieurs meurtres \u00e0 des extorsions : des commandants exigeraient r\u00e9guli\u00e8rement des paiements pour \u00e9viter les missions suicides, ceux qui refusent \u00e9tant \u00e9limin\u00e9s. L\u2019enqu\u00eate d\u00e9crit aussi des cas de soldats <a href=\"https:\/\/www.lexpress.fr\/monde\/europe\/guerre-en-ukraine-cote-russe-des-pertes-colossales-pour-des-gains-insuffisants-YTQYJW4TMRFOTIE3YTZHSMON6M\/\" target=\"_self\" rel=\"nofollow noopener\" title=\"https:\/\/www.lexpress.fr\/monde\/europe\/guerre-en-ukraine-cote-russe-des-pertes-colossales-pour-des-gains-insuffisants-YTQYJW4TMRFOTIE3YTZHSMON6M\/\">envoy\u00e9s volontairement \u00e0 la mort<\/a>, d\u00e9ploy\u00e9s comme mayachki (des \u00ab\u00a0balises\u00a0\u00bb) \u2014 forc\u00e9s d\u2019avancer devant les groupes d\u2019assaut, sans \u00e9quipement, pour attirer le feu ennemi.<\/p>\n<p class=\"paragraph article-body-paragraph article__item    article__text__endpicto\">Selon l\u2019enqu\u00eate, ces pratiques qui se limitaient au d\u00e9part aux \u00ab\u00a0unit\u00e9s p\u00e9nales\u00a0\u00bb compos\u00e9es d\u2019anciens d\u00e9tenus, se sont d\u00e9sormais \u00e9tendues \u00e0 l\u2019arm\u00e9e r\u00e9guli\u00e8re. Verstka dit avoir obtenu des donn\u00e9es biographiques sur plus de 60 d\u2019entre eux. La plupart des auteurs identifi\u00e9s sont des officiers de 30 \u00e0 40 ans, v\u00e9t\u00e9rans de campagnes pr\u00e9c\u00e9dentes. Le m\u00e9dia affirme aussi que le bureau du procureur militaire russe a re\u00e7u pr\u00e8s de 29 000 plaintes au premier semestre 2025, dont 12 000 pour des sanctions inflig\u00e9es par des sup\u00e9rieurs. Aucun des officiers responsables n\u2019a \u00e0 ce jour \u00e9t\u00e9 poursuivi.<\/p>\n","protected":false},"excerpt":{"rendered":"Des commandants russes ex\u00e9cutent ou envoient d\u00e9lib\u00e9r\u00e9ment \u00e0 la mort des soldats refusant de combattre en Ukraine, selon&hellip;\n","protected":false},"author":2,"featured_media":135384,"comment_status":"","ping_status":"","sticky":false,"template":"","format":"standard","meta":{"footnotes":""},"categories":[1591],"tags":[11,674,1887,74,12,1885,1886,132],"class_list":{"0":"post-506646","1":"post","2":"type-post","3":"status-publish","4":"format-standard","5":"has-post-thumbnail","7":"category-russie","8":"tag-actualites","9":"tag-europe","10":"tag-federation-de-russie","11":"tag-monde","12":"tag-news","13":"tag-russia","14":"tag-russian-federation","15":"tag-russie"},"share_on_mastodon":{"url":"https:\/\/pubeurope.com\/@fr\/115479907181834636","error":""},"_links":{"self":[{"href":"https:\/\/www.europesays.com\/fr\/wp-json\/wp\/v2\/posts\/506646","targetHints":{"allow":["GET"]}}],"collection":[{"href":"https:\/\/www.europesays.com\/fr\/wp-json\/wp\/v2\/posts"}],"about":[{"href":"https:\/\/www.europesays.com\/fr\/wp-json\/wp\/v2\/types\/post"}],"author":[{"embeddable":true,"href":"https:\/\/www.europesays.com\/fr\/wp-json\/wp\/v2\/users\/2"}],"replies":[{"embeddable":true,"href":"https:\/\/www.europesays.com\/fr\/wp-json\/wp\/v2\/comments?post=506646"}],"version-history":[{"count":0,"href":"https:\/\/www.europesays.com\/fr\/wp-json\/wp\/v2\/posts\/506646\/revisions"}],"wp:featuredmedia":[{"embeddable":true,"href":"https:\/\/www.europesays.com\/fr\/wp-json\/wp\/v2\/media\/135384"}],"wp:attachment":[{"href":"https:\/\/www.europesays.com\/fr\/wp-json\/wp\/v2\/media?parent=506646"}],"wp:term":[{"taxonomy":"category","embeddable":true,"href":"https:\/\/www.europesays.com\/fr\/wp-json\/wp\/v2\/categories?post=506646"},{"taxonomy":"post_tag","embeddable":true,"href":"https:\/\/www.europesays.com\/fr\/wp-json\/wp\/v2\/tags?post=506646"}],"curies":[{"name":"wp","href":"https:\/\/api.w.org\/{rel}","templated":true}]}}