{"id":506651,"date":"2025-11-02T11:40:20","date_gmt":"2025-11-02T11:40:20","guid":{"rendered":"https:\/\/www.europesays.com\/fr\/506651\/"},"modified":"2025-11-02T11:40:20","modified_gmt":"2025-11-02T11:40:20","slug":"les-deux-suspects-identifies-rien-ne-laisse-a-penser-quil-sagit-dun-acte-terroriste","status":"publish","type":"post","link":"https:\/\/www.europesays.com\/fr\/506651\/","title":{"rendered":"les deux suspects identifi\u00e9s, \u00ab\u00a0rien ne laisse \u00e0 penser\u00a0\u00bb qu&rsquo;il s&rsquo;agit d&rsquo;un acte \u00ab\u00a0terroriste\u00a0\u00bb"},"content":{"rendered":"<p>Selon la police des transports britanniques, les deux suspects arr\u00eat\u00e9s ce samedi 1er novembre sont deux hommes de nationalit\u00e9 britannique et \u00e2g\u00e9s de 32 et 35 ans.<\/p>\n<p>Au lendemain de <a href=\"https:\/\/www.bfmtv.com\/international\/europe\/angleterre\/attaque-au-couteau-au-royaume-uni-10-blesses-dont-9-en-danger-de-mort-recenses_AD-202511020080.html\" title=\"Attaque au couteau au Royaume-Uni: 10 bless\u00e9s recens\u00e9s, dont 9 en danger de mort\" class=\"internal_link\" rel=\"nofollow noopener\" target=\"_blank\">l&rsquo;attaque au couteau dans un train<\/a> qui a fait dix bless\u00e9s au Royaume-Uni, \u00ab\u00a0rien ne laisse penser\u00a0\u00bb qu&rsquo;il s&rsquo;agit d&rsquo;un acte \u00ab\u00a0terroriste\u00a0\u00bb, a indiqu\u00e9 ce dimanche 2 novembre John Loveless, de la police des transport britanniques.<\/p>\n<p>\u00ab\u00a0Il s&rsquo;agit d&rsquo;une enqu\u00eate de la police des transports britannique et nous continuons \u00e0 travailler pour \u00e9tablir rapidement les circonstances exactes et les motivations qui ont conduit \u00e0 cet incident\u00a0\u00bb, a ajout\u00e9 John Loveless au cours d&rsquo;un point presse.<\/p>\n<p>Deux bless\u00e9s toujours en urgence absolue<\/p>\n<p>Il a pr\u00e9cis\u00e9 que les deux suspects arr\u00eat\u00e9s samedi soir et soup\u00e7onn\u00e9s de \u00ab\u00a0tentative de meurtre\u00a0\u00bb \u00e9taient \u00ab\u00a0un homme noir de 32 ans, de nationalit\u00e9 britannique, et un homme de 35 ans, de nationalit\u00e9 britannique et d&rsquo;origine carib\u00e9enne\u00a0\u00bb. Tous deux sont n\u00e9s au Royaume-Uni.<\/p>\n<p>Selon le r\u00e9cit des \u00e9v\u00e9nements de John Loveless, il s&rsquo;est \u00e9coul\u00e9 exactement huit minutes entre les appels au 999, le num\u00e9ro d&rsquo;urgence et de secours au Royaume-Uni, et l&rsquo;arrestation des deux suspects.<\/p>\n<p>Concernant l&rsquo;\u00e9tat de sant\u00e9 des passagers bless\u00e9s dans le train, quatre des neuf personnes qui avaient leur pronostic vital engag\u00e9 samedi ont pu quitter l&rsquo;h\u00f4pital. Deux d&rsquo;entre elles se trouvaient en revanche ce dimanche midi toujours en urgence absolue.<\/p>\n","protected":false},"excerpt":{"rendered":"Selon la police des transports britanniques, les deux suspects arr\u00eat\u00e9s ce samedi 1er novembre sont deux hommes de&hellip;\n","protected":false},"author":2,"featured_media":506652,"comment_status":"","ping_status":"","sticky":false,"template":"","format":"standard","meta":{"footnotes":""},"categories":[1588],"tags":[11,1777,674,12,473,1853,1851,1850,1852],"class_list":{"0":"post-506651","1":"post","2":"type-post","3":"status-publish","4":"format-standard","5":"has-post-thumbnail","7":"category-royaume-uni","8":"tag-actualites","9":"tag-eu","10":"tag-europe","11":"tag-news","12":"tag-royaume-uni","13":"tag-royaume-uni-de-grande-bretagne-et-dirlande-du-nord","14":"tag-uk","15":"tag-united-kingdom","16":"tag-united-kingdom-of-great-britain-and-northern-ireland"},"share_on_mastodon":{"url":"https:\/\/pubeurope.com\/@fr\/115479919074866442","error":""},"_links":{"self":[{"href":"https:\/\/www.europesays.com\/fr\/wp-json\/wp\/v2\/posts\/506651","targetHints":{"allow":["GET"]}}],"collection":[{"href":"https:\/\/www.europesays.com\/fr\/wp-json\/wp\/v2\/posts"}],"about":[{"href":"https:\/\/www.europesays.com\/fr\/wp-json\/wp\/v2\/types\/post"}],"author":[{"embeddable":true,"href":"https:\/\/www.europesays.com\/fr\/wp-json\/wp\/v2\/users\/2"}],"replies":[{"embeddable":true,"href":"https:\/\/www.europesays.com\/fr\/wp-json\/wp\/v2\/comments?post=506651"}],"version-history":[{"count":0,"href":"https:\/\/www.europesays.com\/fr\/wp-json\/wp\/v2\/posts\/506651\/revisions"}],"wp:featuredmedia":[{"embeddable":true,"href":"https:\/\/www.europesays.com\/fr\/wp-json\/wp\/v2\/media\/506652"}],"wp:attachment":[{"href":"https:\/\/www.europesays.com\/fr\/wp-json\/wp\/v2\/media?parent=506651"}],"wp:term":[{"taxonomy":"category","embeddable":true,"href":"https:\/\/www.europesays.com\/fr\/wp-json\/wp\/v2\/categories?post=506651"},{"taxonomy":"post_tag","embeddable":true,"href":"https:\/\/www.europesays.com\/fr\/wp-json\/wp\/v2\/tags?post=506651"}],"curies":[{"name":"wp","href":"https:\/\/api.w.org\/{rel}","templated":true}]}}