{"id":506657,"date":"2025-11-02T11:43:13","date_gmt":"2025-11-02T11:43:13","guid":{"rendered":"https:\/\/www.europesays.com\/fr\/506657\/"},"modified":"2025-11-02T11:43:13","modified_gmt":"2025-11-02T11:43:13","slug":"lacteur-idris-elba-et-sa-femme-sabrina-victimes-dune-harceleuse-a-londres","status":"publish","type":"post","link":"https:\/\/www.europesays.com\/fr\/506657\/","title":{"rendered":"l\u2019acteur Idris Elba et sa femme Sabrina victimes d\u2019une harceleuse \u00e0 Londres"},"content":{"rendered":"<p>                             Par L\u00e9a Mabilon<\/p>\n<p>                Le 2 novembre 2025 \u00e0 12h21<\/p>\n<p>                                    <img decoding=\"async\" src=\"https:\/\/www.europesays.com\/fr\/wp-content\/uploads\/2025\/11\/74313bae6b30c7d618aa25cb1ffa4b46a7a32042d6a1cd7cdaab8bf394bf0a3b.jpg\" alt=\"Mariage princier\u00a0: Idris Elba, Oprah Wrinfrey, James Blunt et d'autres stars arrivent\" class=\"a11y-hidden\" fetchpriority=\"high\"\/><\/p>\n<p>\n    Depuis septembre, le couple serait harcel\u00e9 par une femme. Aper\u00e7ue \u00e0 plusieurs \u00e9v\u00e9nements publics, elle leur aurait \u00e9galement envoy\u00e9 de nombreux e-mails sur leurs adresses personnelles. Un harc\u00e8lement jug\u00e9 \u00abangoissant\u00bb par leurs proches.<\/p>\n<p class=\"fig-paragraph\">\u00abDes \u00e9v\u00e9nements extr\u00eamement \u00e9prouvants\u00bb. Selon les informations du\u00a0<a href=\"https:\/\/www.dailymail.co.uk\/tvshowbiz\/article-15249949\/Idris-Elba-wife-Sabrina-targeted-stalker-distressing-incidents-authorities.html\" target=\"_blank\" rel=\"nofollow noopener\" data-gtm-custom-categorie=\"navigation\" data-gtm-custom-action=\"crossclick\" data-gtm-custom-label=\"Contextuel\" data-gtm-event=\"customEventSPE\">Sun on Sunday<\/a>, ce dimanche, l\u2019acteur britannique\u00a0<a href=\"http:\/\/madame.lefigaro.fr\/celebrites\/actu-people\/la-fondation-du-roi-m-a-donne-mon-depart-et-ma-carriere-idris-elba-et-charles-iii-celebrent-leurs-partenariats-20240712\" data-fig-type=\"Article\" data-gtm-custom-categorie=\"navigation\" data-gtm-custom-action=\"crossclick\" data-gtm-custom-label=\"Contextuel\" data-gtm-event=\"customEventSPE\" data-fig-domain=\"MADAME\" target=\"_blank\" rel=\"noopener\">Idris Elba<\/a>\u00a0et son \u00e9pouse Sabrina, seraient la cible d\u2019une harceleuse depuis plusieurs mois. Cette derni\u00e8re se serait pr\u00e9sent\u00e9e \u00e0 plusieurs \u00e9v\u00e9nements priv\u00e9s fr\u00e9quent\u00e9s par le couple, notamment \u00e0 Londres, sur plusieurs jours diff\u00e9rents. Elle aurait \u00e9galement pris contact sur leur adresse e-mail personnelle, les soumettant \u00e0 un harc\u00e8lement num\u00e9rique \u00abangoissant\u00bb.<\/p>\n<p class=\"fig-paragraph\">L\u2019acteur britannique de 53 ans, connu pour son r\u00f4le du d\u00e9tective dans la s\u00e9rie Luther vivrait depuis septembre une situation sans pr\u00e9c\u00e9dent. \u00abIl n\u2019a pas eu d\u2019autre choix que d\u2019en informer les autorit\u00e9s, car la situation \u00e9tait devenue intenable. Quand Sabrina a \u00e9t\u00e9 vis\u00e9e \u00e0 son tour, cela a \u00e9t\u00e9 la goutte d\u2019eau. Il a fait ce qu\u2019il fallait pour prot\u00e9ger sa femme et sa famille\u00bb, a d\u00e9clar\u00e9 une source au m\u00e9dia. Toujours selon le tablo\u00efd britannique, les faits auraient d\u00e9but\u00e9 en septembre 2025, avec plusieurs apparitions de la harceleuse \u00e0 des soir\u00e9es priv\u00e9es auxquelles Idris et Sabrina assistaient s\u00e9par\u00e9ment, avant un nouvel \u00e9pisode survenu le 21 octobre. La police londonienne aurait \u00e9t\u00e9 inform\u00e9e des incidents, sans qu\u2019aucune arrestation n\u2019ait pour l\u2019instant \u00e9t\u00e9 confirm\u00e9e.<\/p>\n<p class=\"fig-body-link&#10;    \">\n            \u00c0 lire aussi<br \/>\n        <a class=\"fig-body-link__link\" href=\"http:\/\/madame.lefigaro.fr\/celebrites\/actu-people\/la-fondation-du-roi-m-a-donne-mon-depart-et-ma-carriere-idris-elba-et-charles-iii-celebrent-leurs-partenariats-20240712\" data-fig-type=\"Article\" data-gtm-custom-categorie=\"navigation\" data-gtm-custom-action=\"crossclick\" data-gtm-custom-label=\"Contextuel\" data-gtm-event=\"customEventSPE\" data-fig-domain=\"MADAME\" target=\"_blank\" rel=\"noopener\"><br \/>\n        La fondation du roi \u00abm\u2019a donn\u00e9 mon d\u00e9part et ma carri\u00e8re\u00bb\u00a0: Idris Elba et Charles III c\u00e9l\u00e8brent leurs partenariats<\/a>\n<\/p>\n<p>                                    <a class=\"fig-a11y-skip a11y-hidden\" href=\"#fig-a11y-skip-main-inarticle\"><br \/>\n        Passer la publicit\u00e9<br \/>\n    <\/a><\/p>\n<p>Une p\u00e9riode agit\u00e9e<\/p>\n<p class=\"fig-paragraph\">L\u2019acteur, r\u00e9cemment vu \u00e0 la Mostra de Venise et au Festival du film de New York pour la promotion de son nouveau film A House of Dynamite, avait fait une rare apparition publique avec sa fille Isan, 23 ans, issue de son mariage avec la maquilleuse Hanne \u201cKim\u201d N\u00f8rgaard. Il est habituellement accompagn\u00e9 de Sabrina, qu\u2019il a \u00e9pous\u00e9e en 2019, Idris Elba est \u00e9galement p\u00e8re de deux fils, Riaze Foster (32 ans) et Winston (11 ans), n\u00e9s d\u2019autres relations.<\/p>\n","protected":false},"excerpt":{"rendered":"Par L\u00e9a Mabilon Le 2 novembre 2025 \u00e0 12h21 Depuis septembre, le couple serait harcel\u00e9 par une femme.&hellip;\n","protected":false},"author":2,"featured_media":506658,"comment_status":"","ping_status":"","sticky":false,"template":"","format":"standard","meta":{"footnotes":""},"categories":[1586],"tags":[11,1777,674,1779,3255,1011,27,12,25,1778,364],"class_list":{"0":"post-506657","1":"post","2":"type-post","3":"status-publish","4":"format-standard","5":"has-post-thumbnail","7":"category-europe","8":"tag-actualites","9":"tag-eu","10":"tag-europe","11":"tag-european-union","12":"tag-fans","13":"tag-fr","14":"tag-france","15":"tag-news","16":"tag-republique-francaise","17":"tag-ue","18":"tag-union-europeenne"},"share_on_mastodon":{"url":"https:\/\/pubeurope.com\/@fr\/115479931103699257","error":""},"_links":{"self":[{"href":"https:\/\/www.europesays.com\/fr\/wp-json\/wp\/v2\/posts\/506657","targetHints":{"allow":["GET"]}}],"collection":[{"href":"https:\/\/www.europesays.com\/fr\/wp-json\/wp\/v2\/posts"}],"about":[{"href":"https:\/\/www.europesays.com\/fr\/wp-json\/wp\/v2\/types\/post"}],"author":[{"embeddable":true,"href":"https:\/\/www.europesays.com\/fr\/wp-json\/wp\/v2\/users\/2"}],"replies":[{"embeddable":true,"href":"https:\/\/www.europesays.com\/fr\/wp-json\/wp\/v2\/comments?post=506657"}],"version-history":[{"count":0,"href":"https:\/\/www.europesays.com\/fr\/wp-json\/wp\/v2\/posts\/506657\/revisions"}],"wp:featuredmedia":[{"embeddable":true,"href":"https:\/\/www.europesays.com\/fr\/wp-json\/wp\/v2\/media\/506658"}],"wp:attachment":[{"href":"https:\/\/www.europesays.com\/fr\/wp-json\/wp\/v2\/media?parent=506657"}],"wp:term":[{"taxonomy":"category","embeddable":true,"href":"https:\/\/www.europesays.com\/fr\/wp-json\/wp\/v2\/categories?post=506657"},{"taxonomy":"post_tag","embeddable":true,"href":"https:\/\/www.europesays.com\/fr\/wp-json\/wp\/v2\/tags?post=506657"}],"curies":[{"name":"wp","href":"https:\/\/api.w.org\/{rel}","templated":true}]}}