{"id":506667,"date":"2025-11-02T11:54:12","date_gmt":"2025-11-02T11:54:12","guid":{"rendered":"https:\/\/www.europesays.com\/fr\/506667\/"},"modified":"2025-11-02T11:54:12","modified_gmt":"2025-11-02T11:54:12","slug":"les-hommages-se-multiplient-apres-la-mort-par-balle-a-calais-de-lex-championne-de-france-cindy-morvan","status":"publish","type":"post","link":"https:\/\/www.europesays.com\/fr\/506667\/","title":{"rendered":"Les hommages se multiplient apr\u00e8s la mort par balle \u00e0 Calais de l\u2019ex-championne de France Cindy Morvan"},"content":{"rendered":"<p>Les r\u00e9actions sont \u00e0 la hauteur de la violence de l\u2019acte. Le monde fran\u00e7ais du <a href=\"https:\/\/www.20minutes.fr\/dossier\/velo\" target=\"_blank\" class=\"c-link c-link--is-underlined\" rel=\"nofollow noopener\">v\u00e9lo<\/a> s\u2019est \u00e9mu samedi de la mort la veille \u00e0 <a href=\"https:\/\/www.20minutes.fr\/dossier\/calais\" target=\"_blank\" class=\"c-link c-link--is-underlined\" rel=\"nofollow noopener\">Calais<\/a> de Cindy Morvan, une cycliste qui avait \u00e9t\u00e9 championne de France sur piste, tu\u00e9e par arme \u00e0 feu par la compagne de son ex-conjoint. La F\u00e9d\u00e9ration fran\u00e7aise de <a href=\"https:\/\/www.20minutes.fr\/sport\/cyclisme\/\" target=\"_blank\" class=\"c-link c-link--is-underlined\" rel=\"nofollow noopener\">cyclisme<\/a> (FFC) <a href=\"https:\/\/www.facebook.com\/story.php?story_fbid=1234774232012727&amp;id=100064404862907&amp;rdid=RFbEv4A4eNx31aSF#\" target=\"_blank\" class=\"c-link c-link--is-underlined\" rel=\"nofollow noopener\">a rendu hommage sur Facebook<\/a> \u00e0 une \u00ab\u00a0b\u00e9n\u00e9vole passionn\u00e9e et engag\u00e9e depuis de nombreuses ann\u00e9es\u00a0\u00bb, \u00e9galement ancienne championne de France sur piste en cadettes, \u00ab\u00a0titulaire d\u2019un dipl\u00f4me d\u2019entra\u00eeneur\u00a0\u00bb et \u00ab\u00a0particuli\u00e8rement investie dans le d\u00e9veloppement du cyclisme f\u00e9minin\u00a0\u00bb dans sa r\u00e9gion.<\/p>\n<p>Pour Myriam Pr\u00e9tot, charg\u00e9e du cyclisme f\u00e9minin \u00e0 la FFC, Cindy Morvan \u00ab\u00a0incarnait les valeurs de notre r\u00e9seau\u00a0: engagement, g\u00e9n\u00e9rosit\u00e9 et \u00e9nergie communicative\u00a0\u00bb. Elle laisse \u00ab\u00a0une empreinte pr\u00e9cieuse [\u2026] dans l\u2019histoire de la promotion du cyclisme f\u00e9minin\u00a0\u00bb, a-t-elle aussi r\u00e9agi samedi sur Facebook.<\/p>\n<p>\u00ab\u00a0Cindy \u00e9tait une personne d\u00e9vou\u00e9e et passionn\u00e9e\u00a0\u00bb et \u00ab\u00a0sa pr\u00e9sence chaleureuse et son \u00e9nergie vont terriblement nous manquer\u00a0\u00bb, a comment\u00e9 l\u2019Union v\u00e9lo club (UVC) de Calais, dont elle \u00e9tait responsable de l\u2019\u00e9cole de v\u00e9lo depuis un an. Cindy Morvan \u00ab\u00a0incarnait l\u2019engagement et la transmission\u00a0\u00bb, a \u00e9galement salu\u00e9 la maire de Calais Natacha Bouchart (LR) sur Facebook. \u00ab\u00a0Je ne peux ni comprendre, ni accepter qu\u2019un tel drame puisse se produire\u00a0\u00bb, a ajout\u00e9 l\u2019\u00e9lue, \u00e9voquant une \u00ab\u00a0violence que rien ne peut excuser\u00a0\u00bb.<\/p>\n<p>Un crime qui semble personnel<\/p>\n<p>Ag\u00e9e de 39 ans, celle qui \u00e9tait m\u00e8re de deux enfants mineurs <a href=\"https:\/\/www.20minutes.fr\/faits_divers\/4182948-20251031-calais-femme-tuee-balles-immeuble-suspecte-suicide\" target=\"_blank\" class=\"c-link c-link--is-underlined\" rel=\"nofollow noopener\">a \u00e9t\u00e9 tu\u00e9e vendredi dans son immeuble<\/a> par une autre femme avec une \u00ab\u00a0arme de gros calibre\u00a0\u00bb, avait expliqu\u00e9 vendredi le procureur adjoint de Boulogne-sur-Mer, Patrick Leleu. Cette autre femme du m\u00eame \u00e2ge \u00e9tait \u00ab\u00a0la compagne actuelle de l\u2019ex-compagnon de la victime\u00a0\u00bb, avait-il ajout\u00e9.<\/p>\n<\/p>\n<p>L\u2019assaillante a mis fin \u00e0 ses jours vendredi soir dans sa voiture sur un parking \u00e0 Calais, en laissant un courrier dans lequel elle faisait part \u00ab\u00a0d\u2019excuses sur ce passage \u00e0 l\u2019acte\u00a0\u00bb, a pr\u00e9cis\u00e9 samedi Patrick Leleu. Il a \u00e9voqu\u00e9 des relations \u00ab\u00a0extr\u00eamement tendues\u00a0\u00bb entre les deux femmes et des \u00ab\u00a0reproches tr\u00e8s importants\u00a0\u00bb qui auraient pu mener \u00e0 ce \u00ab\u00a0geste extr\u00eame\u00a0\u00bb de l\u2019assaillante, mais sans les d\u00e9tailler.<\/p>\n<p>D\u2019autres personnes, dont le compagnon de l\u2019assaillante, devraient \u00eatre entendues dans les prochains jours dans le cadre de l\u2019enqu\u00eate ouverte pour <a href=\"https:\/\/www.20minutes.fr\/dossier\/homicide\" target=\"_blank\" class=\"c-link c-link--is-underlined\" rel=\"nofollow noopener\">homicide volontaire<\/a>, selon le procureur adjoint.<\/p>\n","protected":false},"excerpt":{"rendered":"Les r\u00e9actions sont \u00e0 la hauteur de la violence de l\u2019acte. Le monde fran\u00e7ais du v\u00e9lo s\u2019est \u00e9mu&hellip;\n","protected":false},"author":2,"featured_media":506668,"comment_status":"","ping_status":"","sticky":false,"template":"","format":"standard","meta":{"footnotes":""},"categories":[1411],"tags":[9420,1154,207,118,1011,27,811,2683,1309,23862,517,60,208],"class_list":{"0":"post-506667","1":"post","2":"type-post","3":"status-publish","4":"format-standard","5":"has-post-thumbnail","7":"category-cyclisme","8":"tag-calais","9":"tag-cycling","10":"tag-cyclisme","11":"tag-faits-divers","12":"tag-fr","13":"tag-france","14":"tag-hauts-de-france","15":"tag-homicide","16":"tag-nord-pas-de-calais","17":"tag-pas-de-calais","18":"tag-sport","19":"tag-sports","20":"tag-velo"},"share_on_mastodon":{"url":"https:\/\/pubeurope.com\/@fr\/115479974015993885","error":""},"_links":{"self":[{"href":"https:\/\/www.europesays.com\/fr\/wp-json\/wp\/v2\/posts\/506667","targetHints":{"allow":["GET"]}}],"collection":[{"href":"https:\/\/www.europesays.com\/fr\/wp-json\/wp\/v2\/posts"}],"about":[{"href":"https:\/\/www.europesays.com\/fr\/wp-json\/wp\/v2\/types\/post"}],"author":[{"embeddable":true,"href":"https:\/\/www.europesays.com\/fr\/wp-json\/wp\/v2\/users\/2"}],"replies":[{"embeddable":true,"href":"https:\/\/www.europesays.com\/fr\/wp-json\/wp\/v2\/comments?post=506667"}],"version-history":[{"count":0,"href":"https:\/\/www.europesays.com\/fr\/wp-json\/wp\/v2\/posts\/506667\/revisions"}],"wp:featuredmedia":[{"embeddable":true,"href":"https:\/\/www.europesays.com\/fr\/wp-json\/wp\/v2\/media\/506668"}],"wp:attachment":[{"href":"https:\/\/www.europesays.com\/fr\/wp-json\/wp\/v2\/media?parent=506667"}],"wp:term":[{"taxonomy":"category","embeddable":true,"href":"https:\/\/www.europesays.com\/fr\/wp-json\/wp\/v2\/categories?post=506667"},{"taxonomy":"post_tag","embeddable":true,"href":"https:\/\/www.europesays.com\/fr\/wp-json\/wp\/v2\/tags?post=506667"}],"curies":[{"name":"wp","href":"https:\/\/api.w.org\/{rel}","templated":true}]}}