{"id":506671,"date":"2025-11-02T11:56:11","date_gmt":"2025-11-02T11:56:11","guid":{"rendered":"https:\/\/www.europesays.com\/fr\/506671\/"},"modified":"2025-11-02T11:56:11","modified_gmt":"2025-11-02T11:56:11","slug":"catherine-frot-a-t-elle-des-enfants","status":"publish","type":"post","link":"https:\/\/www.europesays.com\/fr\/506671\/","title":{"rendered":"Catherine Frot a-t-elle des enfants ?"},"content":{"rendered":"<p>Sorti au cin\u00e9ma en 2023. Le film intitul\u00e9 Un homme<br \/>\nheureux, <strong>r\u00e9alis\u00e9 par Tristan S\u00e9gu\u00e9la<\/strong>, sera<br \/>\ndiffus\u00e9 pour la premi\u00e8re fois en clair \u00e0 la t\u00e9l\u00e9vision fran\u00e7aise le<br \/>\ndimanche 2 novembre 2025. \u00c0 partir de 21h05 sur <a href=\"https:\/\/www.telestar.fr\/actu_tv\/france-2-laurence-boccolini-laisse-la-chaine-en-plan-sa-remplacante-une-ex-miss-france-deja-trouvee-1741774\" rel=\"nofollow noopener\" target=\"_blank\"><br \/>\nFrance 2<\/a>. Port\u00e9 par <a href=\"https:\/\/www.closermag.fr\/people\/ca-magace-un-peu-a-la-longue-fabrice-luchini-se-prend-une-balle-perdue-dun-celebre-acteur-3565820\" rel=\"nofollow noopener\" target=\"_blank\"><br \/>\nFabrice Luchini<\/a> et <a href=\"https:\/\/www.closermag.fr\/people\/catherine-frot-japprecie-beaucoup-la-position-lactrice-livre-des-bribes-de-son-intimite-3484329\" rel=\"nofollow noopener\" target=\"_blank\"><br \/>\nCatherine Frot<\/a>. Ce long-m\u00e9trage met en sc\u00e8ne deux personnages<br \/>\nincarn\u00e9s par les deux t\u00eates d&rsquo;affiche du film. \u00c9dith est mari\u00e9e \u00e0<br \/>\nJean Leroy. Le maire conservateur d&rsquo;une petite ville du Nord de la<br \/>\nFrance.<\/p>\n<p class=\"bo-p\">Alors que Jean est en campagne pour sa r\u00e9\u00e9lection.<br \/>\n<strong>Edith lui annonce une nouvelle qu\u2019elle ne peut plus<br \/>\ntaire<\/strong>. Au plus profond de son \u00eatre, elle est, et a<br \/>\ntoujours \u00e9t\u00e9, un homme. Jean pense d\u2019abord \u00e0 une plaisanterie. Mais<br \/>\nr\u00e9alise rapidement qu\u2019Edith est s\u00e9rieuse et d\u00e9termin\u00e9e \u00e0 mener sa<br \/>\ntransition jusqu\u2019au bout. Il comprend alors que son couple, mais<br \/>\naussi sa <a href=\"https:\/\/www.closermag.fr\/people\/melania-trump-traumatisee-ces-evenements-qui-la-hantent-en-pleine-campagne-electorale-3490945\" rel=\"nofollow noopener\" target=\"_blank\"><br \/>\ncampagne \u00e9lectorale<\/a>, risquent d\u2019\u00eatre sacr\u00e9ment chamboul\u00e9s.<\/p>\n<p>L&rsquo;actrice a adopt\u00e9 une fille avec son ex-mari en 1996<\/p>\n<p>Plut\u00f4t discr\u00e8te en ce qui concerne sa fille priv\u00e9e.<br \/>\n<strong>Catherine Frot est la m\u00e8re d&rsquo;une fille mauricienne<br \/>\npr\u00e9nomm\u00e9e Suzanne<\/strong>. Qu&rsquo;elle a adopt\u00e9e avec son ex-mari<br \/>\n<a href=\"https:\/\/www.closermag.fr\/people\/catherine-frot-qui-est-son-mari-michel-couvelard-1099943\" rel=\"nofollow noopener\" target=\"_blank\"><br \/>\nMichel Couvelard<\/a> en 1996. \u00ab\u00a0Je l\u2019ai adopt\u00e9e b\u00e9b\u00e9. Elle va<br \/>\navoir 20 ans, elle m\u2019impressionne et je veux la prot\u00e9ger.<br \/>\nElle n\u2019a pas du tout envie d\u2019\u00eatre actrice, elle fait des \u00e9tudes<br \/>\nd\u2019anthropologie et de droit europ\u00e9en\u00a0\u00bb, avait notamment indiqu\u00e9<br \/>\nla com\u00e9dienne au sujet de sa fille adoptive il y a quelques<br \/>\nann\u00e9es.<\/p>\n<p>Aujourd&rsquo;hui \u00e2g\u00e9e de 28 ans, Suzanne fait la fiert\u00e9 de sa m\u00e8re.<br \/>\n\u00ab\u00a0J&rsquo;esp\u00e8re qu&rsquo;elle va continuer \u00e0 aimer la lecture, l&rsquo;\u00e9criture,<br \/>\nla musique. <strong>Il faut des bagages culturels dans la vie,<br \/>\nc&rsquo;est fondamental<\/strong>\u00ab\u00a0, avait r\u00e9cemment soulign\u00e9<br \/>\nCatherine Frot en \u00e9voquant sa fille. Pour rappel, la com\u00e9dienne<br \/>\navait re\u00e7u un touchant message de la part de son enfant adoptif<br \/>\napr\u00e8s avoir remport\u00e9 le C\u00e9sar de la meilleure actrice.<\/p>\n<p>Catherine Frot sur sa fille adoptive :<br \/>\n\u00ab\u00a0Elle travaille en Afrique, dans les droits humanitaires\u00a0\u00bb<\/p>\n<p>\u00ab\u00a0La meilleure actrice, la meilleure maman, la meilleure<br \/>\nchanteuse et la plus belle personne que je connaisse\u2026 Je t&rsquo;aime et<br \/>\nje suis fi\u00e8re de toi, C\u00e9sar ou pas\u00a0\u00bb, avait ainsi lanc\u00e9<br \/>\nSuzanne. \u00ab\u00a0<strong>\u00c7a m&rsquo;a compl\u00e8tement touch\u00e9e.<\/strong><br \/>\nJe n&rsquo;en revenais pas. Mais bon, c&rsquo;est tellement joli, tellement<br \/>\ndoux\u00a0\u00bb, avait ensuite d\u00e9clar\u00e9 la com\u00e9dienne. D\u00e9sormais, la<br \/>\nfille adoptive de Catherine Frot a fait sa vie.<\/p>\n<p>\u00ab\u00a0Elle travaille en Afrique, dans les droits humanitaires. Je<br \/>\nne la vois plus beaucoup. On a une belle relation, on se<br \/>\nparle par SMS. On s&rsquo;en envoie de tr\u00e8s beaux. <strong>La seule<br \/>\nr\u00e8gle, c&rsquo;est de les \u00e9crire en bon fran\u00e7ais !<\/strong>\u00ab\u00a0, a<br \/>\nnotamment pr\u00e9cis\u00e9 l&rsquo;actrice. Tout au long de sa carri\u00e8re, Catherine<br \/>\nFrot a mis un point d&rsquo;honneur \u00e0 s\u00e9parer sa vie professionnelle de<br \/>\nsa vie priv\u00e9e. \u00ab\u00a0C&rsquo;est un choix. Je divise ma vie en deux. Je le<br \/>\nfais aussi pour que ma fille ne soit pas emb\u00eat\u00e9e\u00a0\u00bb, avait-il<br \/>\nainsi indiqu\u00e9 \u00e0 ce sujet.<\/p>\n","protected":false},"excerpt":{"rendered":"Sorti au cin\u00e9ma en 2023. Le film intitul\u00e9 Un homme heureux, r\u00e9alis\u00e9 par Tristan S\u00e9gu\u00e9la, sera diffus\u00e9 pour&hellip;\n","protected":false},"author":2,"featured_media":506672,"comment_status":"","ping_status":"","sticky":false,"template":"","format":"standard","meta":{"footnotes":""},"categories":[1359],"tags":[15611,58,59,1011,27,973],"class_list":{"0":"post-506671","1":"post","2":"type-post","3":"status-publish","4":"format-standard","5":"has-post-thumbnail","7":"category-people","8":"tag-catherine-frot","9":"tag-divertissement","10":"tag-entertainment","11":"tag-fr","12":"tag-france","13":"tag-people"},"share_on_mastodon":{"url":"https:\/\/pubeurope.com\/@fr\/115479981899213325","error":""},"_links":{"self":[{"href":"https:\/\/www.europesays.com\/fr\/wp-json\/wp\/v2\/posts\/506671","targetHints":{"allow":["GET"]}}],"collection":[{"href":"https:\/\/www.europesays.com\/fr\/wp-json\/wp\/v2\/posts"}],"about":[{"href":"https:\/\/www.europesays.com\/fr\/wp-json\/wp\/v2\/types\/post"}],"author":[{"embeddable":true,"href":"https:\/\/www.europesays.com\/fr\/wp-json\/wp\/v2\/users\/2"}],"replies":[{"embeddable":true,"href":"https:\/\/www.europesays.com\/fr\/wp-json\/wp\/v2\/comments?post=506671"}],"version-history":[{"count":0,"href":"https:\/\/www.europesays.com\/fr\/wp-json\/wp\/v2\/posts\/506671\/revisions"}],"wp:featuredmedia":[{"embeddable":true,"href":"https:\/\/www.europesays.com\/fr\/wp-json\/wp\/v2\/media\/506672"}],"wp:attachment":[{"href":"https:\/\/www.europesays.com\/fr\/wp-json\/wp\/v2\/media?parent=506671"}],"wp:term":[{"taxonomy":"category","embeddable":true,"href":"https:\/\/www.europesays.com\/fr\/wp-json\/wp\/v2\/categories?post=506671"},{"taxonomy":"post_tag","embeddable":true,"href":"https:\/\/www.europesays.com\/fr\/wp-json\/wp\/v2\/tags?post=506671"}],"curies":[{"name":"wp","href":"https:\/\/api.w.org\/{rel}","templated":true}]}}