{"id":506673,"date":"2025-11-02T11:57:10","date_gmt":"2025-11-02T11:57:10","guid":{"rendered":"https:\/\/www.europesays.com\/fr\/506673\/"},"modified":"2025-11-02T11:57:10","modified_gmt":"2025-11-02T11:57:10","slug":"lesprit-critique-arts-visuels-pierres-tissus-et-photographies","status":"publish","type":"post","link":"https:\/\/www.europesays.com\/fr\/506673\/","title":{"rendered":"L\u2019esprit critique \u00ab\u00a0arts visuels\u00a0\u00bb\u00a0: pierres, tissus et photographies"},"content":{"rendered":"<p>Des couleurs, des tons et du noir et blanc. Des pierres, des textiles et des photographies. Un art prot\u00e9iforme, de la mode et un parcours visuel et \u00e9crit. On passe dans \u00ab\u00a0L\u2019esprit critique\u00a0\u00bb de ce jour des sous-sols de l\u2019extraction n\u00e9ocoloniale \u00e0 la haute couture, en passant par les trajectoires queers de l\u2019Am\u00e9rique des ann\u00e9es 1970.<\/p>\n<p>On \u00e9voque en effet d\u2019abord la r\u00e9trospective de l\u2019artiste nig\u00e9riane Otobong Nkanga que propose le mus\u00e9e d\u2019Art moderne (MAM) de Paris, puis l\u2019\u00e9crin qu\u2019offre le Palais Galliera aux cr\u00e9ations du styliste Rick Owens, et enfin la rencontre entre la photographe am\u00e9ricaine Donna Gottschalk et la th\u00e9oricienne de l\u2019art H\u00e9l\u00e8ne Giannecchini que propose le BAL.<\/p>\n<p>\u00ab\u00a0<b>Otobong Nkanga\u00a0<\/b>\u00bb<\/p>\n<p>Le mus\u00e9e d\u2019Art moderne de Paris consacre une r\u00e9trospective qui vient d\u2019ouvrir et sera visible jusqu\u2019en f\u00e9vrier prochain \u00e0 l\u2019artiste Otobong Nkanga, n\u00e9e voici un demi-si\u00e8cle au Nig\u00e9ria. L\u2019exposition s\u2019intitule <a href=\"https:\/\/www.mam.paris.fr\/fr\/expositions\/exposition-otobong-nkanga\" target=\"_blank\" rel=\"noopener\">\u00ab\u00a0I dreamt of you in colours\u00a0\u00bb<\/a>.<\/p>\n<p>Elle pr\u00e9sente une coupe transversale \u00e0 travers une \u0153uvre prot\u00e9iforme dans ses motifs comme dans ses mati\u00e8res, \u00e0 travers un large choix de dessins, installations, peintures, textiles, photographies, sculptures, po\u00e8mes, vid\u00e9os ou performances\u2026<\/p>\n<p>Faisant le choix d\u2019une pr\u00e9sentation non chronologique, la r\u00e9trospective montre le souci de l\u2019artiste n\u00e9e au Nig\u00e9ria et aujourd\u2019hui install\u00e9e en Belgique de donner \u00e0 voir les strates qui composent notre monde, depuis les exploitations et les extractions violentes qui fracturent les sols et les paysages, jusqu\u2019aux circulations, constellations et r\u00e9seaux qui y trouvent leurs origines.<\/p>\n<p>Le commissariat de cette exposition est assur\u00e9 par Odile Burluraux \u00e0 Paris et Nicole Schweizer \u00e0 Lausanne, ville o\u00f9 cette r\u00e9trospective se rendra ensuite.<\/p>\n<\/p>\n<p>                                         \u00a9\u00a0Mediapart                    \u00ab\u00a0<b>Rick Owens. Temple of Love\u00a0<\/b>\u00bb<\/p>\n<p>Face au mus\u00e9e d\u2019Art moderne se tient, au <a href=\"https:\/\/www.palaisgalliera.paris.fr\/expositions\/rick-owens-temple-love\" target=\"_blank\" rel=\"noopener\">Palais Galliera<\/a>, le mus\u00e9e de la Mode de la Ville de Paris, luxueux et prestigieux palais parisien, une r\u00e9trospective du travail de Rick Owens, styliste et cr\u00e9ateur n\u00e9 aux \u00c9tats-Unis au d\u00e9but des ann\u00e9es 1960 et install\u00e9 depuis quelques ann\u00e9es \u00e0 Paris.<\/p>\n<p>Apr\u00e8s qu\u2019une veste de cuir noir port\u00e9e par la top model Kate Moss a attir\u00e9 l\u2019attention d\u2019un photographe du magazine Vogue au d\u00e9but des ann\u00e9es 2000, Rick Owens conna\u00eet une carri\u00e8re fulgurante avec quelques propositions sculpturales sublimes, concevant ses d\u00e9fil\u00e9s comme de v\u00e9ritables shows, et d\u00e9clenchant quelques mini-scandales, comme lorsqu\u2019il d\u00e9voile des p\u00e9nis lors de son d\u00e9fil\u00e9 2015 ou bien lorsqu\u2019un de ses mannequins f\u00e9tiches porte, contre son avis, un message anti-Merkel lors de la crise de la dette grecque.<\/p>\n<p>\u00ab\u00a0Les v\u00eatements que je cr\u00e9e, dit Rick Owens, sont mon autobiographie. C\u2019est l\u2019\u00e9l\u00e9gance calme \u00e0 laquelle j\u2019aspire et les d\u00e9g\u00e2ts que j\u2019ai caus\u00e9s en chemin. Ils sont l\u2019expression d\u2019une tendresse et d\u2019un ego d\u00e9cha\u00een\u00e9. Ils sont une id\u00e9alisation adolescente et sa d\u00e9faite in\u00e9vitable.\u00a0\u00bb<\/p>\n<p>La direction artistique de cette exposition est assur\u00e9e par Rick Owens lui-m\u00eame et le commissaire en est Alexandre Samson.<\/p>\n<p>\u00ab\u00a0Rick Owens. Temple of Love\u00a0\u00bb a ouvert \u00e0 la fin du mois de juin et restera visible jusqu\u2019au d\u00e9but de l\u2019ann\u00e9e prochaine.<\/p>\n<\/p>\n<p>                                         \u00a9\u00a0Mediapart                    \u00ab\u00a0<b>Nous autres\u00a0<\/b>\u00bb<\/p>\n<p>On termine ce parcours des quelques expositions marquantes de la rentr\u00e9e en se rendant au BAL, l\u2019espace d\u2019exposition d\u00e9di\u00e9 \u00e0 l\u2019image-document situ\u00e9 dans le XVIIe arrondissement de Paris, pr\u00e8s de la place de Clichy.<\/p>\n<p>Ce lieu propose une exposition intitul\u00e9e <a href=\"https:\/\/www.le-bal.fr\/2025\/05\/nous-autres-de-donna-gottschalk-et-helene-giannecchini-avec-carla-williams\" target=\"_blank\" rel=\"noopener\">\u00ab\u00a0Nous autres\u00a0\u00bb<\/a>, de Donna Gottschalk et H\u00e9l\u00e8ne Giannecchini, avec Carla Williams. Il s\u2019agit du r\u00e9cit, fait par l\u2019autrice et th\u00e9oricienne de l\u2019art H\u00e9l\u00e8ne Giannecchini, de sa rencontre avec la photographe am\u00e9ricaine Donna Gottschalk, dont les images constituent le c\u0153ur du parcours propos\u00e9 aux spectateurs et spectatrices. En regard est montr\u00e9e une s\u00e9rie d\u2019autoportraits de la photographe et historienne de l\u2019art am\u00e9ricaine Carla Williams, qui s\u2019inscrit dans une filiation assum\u00e9e avec l\u2019\u0153uvre de Donna Gottschalk.<\/p>\n<p>Cette derni\u00e8re, n\u00e9e en 1949 \u00e0 New York, dans le quartier autrefois populaire et aujourd\u2019hui gentrifi\u00e9 d\u2019Alphabet City, a accueilli chez elle et photographi\u00e9 pendant des d\u00e9cennies les personnes avec lesquelles elle a v\u00e9cu, milit\u00e9 et travaill\u00e9. Et notamment les vies, aux marges de la soci\u00e9t\u00e9, des personnes LGBT+, camarades de luttes, amies ou amantes\u2026<\/p>\n<p>Le commissariat de l\u2019exposition est assur\u00e9 par Julie H\u00e9raut et H\u00e9l\u00e8ne Giannecchini. \u00ab\u00a0Nous autres\u00a0\u00bb sera visible jusqu\u2019au 16 novembre.<\/p>\n<\/p>\n<p>                                         \u00a9\u00a0Mediapart                    <\/p>\n<p>Avec\u00a0:<\/p>\n<ul>\n<li><b>Guslagie Malanda<\/b>, actrice et curatrice d\u2019exposition ind\u00e9pendante\u00a0;<\/li>\n<li><b>Margot Nguyen<\/b>, travailleuse de l\u2019art ind\u00e9pendante\u00a0;<\/li>\n<li><b>Rose Vidal<\/b>, autrice et critique, notamment pour le quotidien d\u2019id\u00e9es AOC.<\/li>\n<\/ul>\n<p>\u00a0\u00ab\u00a0L\u2019esprit critique\u00a0\u00bb est un podcast enregistr\u00e9 et r\u00e9alis\u00e9 par Karen Beun.\u00a0<\/p>\n","protected":false},"excerpt":{"rendered":"Des couleurs, des tons et du noir et blanc. Des pierres, des textiles et des photographies. Un art&hellip;\n","protected":false},"author":2,"featured_media":506674,"comment_status":"","ping_status":"","sticky":false,"template":"","format":"standard","meta":{"footnotes":""},"categories":[1358],"tags":[1348,1384,1385,1386,58,62823,59,1349,1011,27,57968,24447],"class_list":{"0":"post-506673","1":"post","2":"type-post","3":"status-publish","4":"format-standard","5":"has-post-thumbnail","7":"category-arts-et-design","8":"tag-arts","9":"tag-arts-and-design","10":"tag-arts-et-design","11":"tag-design","12":"tag-divertissement","13":"tag-donna-gottschalk","14":"tag-entertainment","15":"tag-expositions","16":"tag-fr","17":"tag-france","18":"tag-otobong-nkanga","19":"tag-rick-owens"},"share_on_mastodon":{"url":"https:\/\/pubeurope.com\/@fr\/115479985684013496","error":""},"_links":{"self":[{"href":"https:\/\/www.europesays.com\/fr\/wp-json\/wp\/v2\/posts\/506673","targetHints":{"allow":["GET"]}}],"collection":[{"href":"https:\/\/www.europesays.com\/fr\/wp-json\/wp\/v2\/posts"}],"about":[{"href":"https:\/\/www.europesays.com\/fr\/wp-json\/wp\/v2\/types\/post"}],"author":[{"embeddable":true,"href":"https:\/\/www.europesays.com\/fr\/wp-json\/wp\/v2\/users\/2"}],"replies":[{"embeddable":true,"href":"https:\/\/www.europesays.com\/fr\/wp-json\/wp\/v2\/comments?post=506673"}],"version-history":[{"count":0,"href":"https:\/\/www.europesays.com\/fr\/wp-json\/wp\/v2\/posts\/506673\/revisions"}],"wp:featuredmedia":[{"embeddable":true,"href":"https:\/\/www.europesays.com\/fr\/wp-json\/wp\/v2\/media\/506674"}],"wp:attachment":[{"href":"https:\/\/www.europesays.com\/fr\/wp-json\/wp\/v2\/media?parent=506673"}],"wp:term":[{"taxonomy":"category","embeddable":true,"href":"https:\/\/www.europesays.com\/fr\/wp-json\/wp\/v2\/categories?post=506673"},{"taxonomy":"post_tag","embeddable":true,"href":"https:\/\/www.europesays.com\/fr\/wp-json\/wp\/v2\/tags?post=506673"}],"curies":[{"name":"wp","href":"https:\/\/api.w.org\/{rel}","templated":true}]}}