{"id":506696,"date":"2025-11-02T12:10:13","date_gmt":"2025-11-02T12:10:13","guid":{"rendered":"https:\/\/www.europesays.com\/fr\/506696\/"},"modified":"2025-11-02T12:10:13","modified_gmt":"2025-11-02T12:10:13","slug":"loire-travaux-elagage-plusieurs-perturbations-a-prevoir-sur-la-rn88-la72-et-la47-cette-semaine","status":"publish","type":"post","link":"https:\/\/www.europesays.com\/fr\/506696\/","title":{"rendered":"Loire. Travaux, \u00e9lagage&#8230; Plusieurs perturbations \u00e0 pr\u00e9voir sur la RN88, l&rsquo;A72 et l&rsquo;A47 cette semaine"},"content":{"rendered":"<p>  Sur la RN88 au Chambon-Feugerolles (am\u00e9nagement acoustique)<\/p>\n<p>Dans le sens Saint-\u00c9tienne\/Le Puy, la voie de droite sera neutralis\u00e9e les journ\u00e9es du lundi 3, du mardi 4, du mercredi 5 et du jeudi 6 novembre, de 9 heures \u00e0 12 heures.<\/p>\n<p>Sur la RN88 \u00e0 Saint-Chamond et La Varizelle (travaux d\u2019am\u00e9nagement)<\/p>\n<p>Dans le sens Saint-\u00c9tienne\/Lyon, la voie de droite est neutralis\u00e9e de mani\u00e8re permanente.<\/p>\n<p>Sur la RN88 \u00e0 La Ricamarie (am\u00e9nagements acoustiques)<\/p>\n<p>Dans le sens Le Puy\/Saint-\u00c9tienne, la bretelle de sortie n\u00b028 \u00ab La Ricamarie \u00bb sera ferm\u00e9e \u00e0 la circulation de mani\u00e8re permanente jusqu\u2019au 19 d\u00e9cembre.<\/p>\n<p>La voie de droite sera neutralis\u00e9e les journ\u00e9es du lundi 3, du mardi 4 et du mercredi 5 novembre de 9 heures \u00e0 12 heures.<\/p>\n<p>Sur l&rsquo;A47 \u00e0 Givors (entretien d&rsquo;un radar)<\/p>\n<p>Dans le sens Lyon\/Saint-\u00c9tienne, la voie de droite sera neutralis\u00e9e la journ\u00e9e du lundi 3 novembre de 9 heures \u00e0 12 heures.<\/p>\n<p>Sur l&rsquo;A72 \u00e0 Andr\u00e9zieux-Bouth\u00e9on (travaux sur l&rsquo;\u00e9changeur n\u00b09)<\/p>\n<p>Dans le sens Saint-\u00c9tienne\/Andr\u00e9zieux, la bretelle de sortie 9b \u00ab Saint-Just-Saint-Rambert \u00bb sera ferm\u00e9e \u00e0 la circulation la journ\u00e9e du lundi 3 novembre de 9 heures \u00e0 12 heures.<\/p>\n<p>Sur l&rsquo;A72 \u00e0 La Fouillouse (travaux d&rsquo;\u00e9lagage sur le terre-plein central)<\/p>\n<p>Dans les deux sens de circulation, les voies de gauche seront neutralis\u00e9es, la journ\u00e9e du mardi 4 novembre de 9 heures \u00e0 16 heures.<\/p>\n<p>Sur l&rsquo;A47 \u00e0 Rive-de-Gier (pose d&rsquo;un panneau Chartreuse)<\/p>\n<p>Dans le sens Saint-\u00c9tienne\/Lyon, la voie de droite sera neutralis\u00e9e la journ\u00e9e du mardi 4 novembre de 9 heures \u00e0 16 heures.<\/p>\n<p>Sur la RN488 \u00e0 Saint-\u00c9tienne (affaissement de chauss\u00e9e)<\/p>\n<p>Dans le sens Saint-Chamond\/Saint-\u00c9tienne, la voie de droite est neutralis\u00e9e de mani\u00e8re permanente. Par ailleurs, la vitesse est r\u00e9duite \u00e0 50 km\/h.<\/p>\n<p>  Sur la RN88 \u00e0 Saint-\u00c9tienne (entretien du tunnel du Rond-Point)<\/p>\n<p>Dans le sens Saint-\u00c9tienne\/Firminy, la RN88 sera ferm\u00e9e au niveau du tunnel du Rond-Point entre l\u2019\u00e9changeur n\u00b021 (\u00ab\u00a0Le Rond-Point\u00a0\u00bb) et l\u2019\u00e9changeur \u00ab La Rivi\u00e8re \u00bb les nuits du lundi 3, du mardi 4, du mercredi 5 et du jeudi 6 novembre, de 20 h 30 \u00e0 5 h 30.<\/p>\n<p>Une d\u00e9viation sera mise en place via l\u2019A72 direction Andr\u00e9zieux, sortie n\u00b010 en direction de Firminy, RM 201, et reprise de la N88 au niveau de La Ricamarie.<\/p>\n<p>Dans le sens Firminy\/Saint-\u00c9tienne, la circulation s\u2019effectuera sur une voie les nuits du lundi 3, du mardi 4, du mercredi 5 et du jeudi 6 novembre de 20 h 30 \u00e0 5 h 30.<\/p>\n","protected":false},"excerpt":{"rendered":"Sur la RN88 au Chambon-Feugerolles (am\u00e9nagement acoustique) Dans le sens Saint-\u00c9tienne\/Le Puy, la voie de droite sera neutralis\u00e9e&hellip;\n","protected":false},"author":2,"featured_media":506697,"comment_status":"","ping_status":"","sticky":false,"template":"","format":"standard","meta":{"footnotes":""},"categories":[9653],"tags":[1111,11,17136,2430,3542,436,1777,674,107,1011,27,19625,12296,11324,12161,3367,12,25,15293,9669,4001,2803],"class_list":{"0":"post-506696","1":"post","2":"type-post","3":"status-publish","4":"format-standard","5":"has-post-thumbnail","7":"category-saint-etienne","8":"tag-actu","9":"tag-actualites","10":"tag-andrezieux-boutheon","11":"tag-auvergne-rhone-alpes","12":"tag-circulation","13":"tag-environnement","14":"tag-eu","15":"tag-europe","16":"tag-fil-info","17":"tag-fr","18":"tag-france","19":"tag-givors","20":"tag-la-fouillouse","21":"tag-la-ricamarie","22":"tag-le-chambon-feugerolles","23":"tag-loire","24":"tag-news","25":"tag-republique-francaise","26":"tag-rive-de-gier","27":"tag-saint-chamond","28":"tag-saint-etienne","29":"tag-transport"},"share_on_mastodon":{"url":"https:\/\/pubeurope.com\/@fr\/115480037002394137","error":""},"_links":{"self":[{"href":"https:\/\/www.europesays.com\/fr\/wp-json\/wp\/v2\/posts\/506696","targetHints":{"allow":["GET"]}}],"collection":[{"href":"https:\/\/www.europesays.com\/fr\/wp-json\/wp\/v2\/posts"}],"about":[{"href":"https:\/\/www.europesays.com\/fr\/wp-json\/wp\/v2\/types\/post"}],"author":[{"embeddable":true,"href":"https:\/\/www.europesays.com\/fr\/wp-json\/wp\/v2\/users\/2"}],"replies":[{"embeddable":true,"href":"https:\/\/www.europesays.com\/fr\/wp-json\/wp\/v2\/comments?post=506696"}],"version-history":[{"count":0,"href":"https:\/\/www.europesays.com\/fr\/wp-json\/wp\/v2\/posts\/506696\/revisions"}],"wp:featuredmedia":[{"embeddable":true,"href":"https:\/\/www.europesays.com\/fr\/wp-json\/wp\/v2\/media\/506697"}],"wp:attachment":[{"href":"https:\/\/www.europesays.com\/fr\/wp-json\/wp\/v2\/media?parent=506696"}],"wp:term":[{"taxonomy":"category","embeddable":true,"href":"https:\/\/www.europesays.com\/fr\/wp-json\/wp\/v2\/categories?post=506696"},{"taxonomy":"post_tag","embeddable":true,"href":"https:\/\/www.europesays.com\/fr\/wp-json\/wp\/v2\/tags?post=506696"}],"curies":[{"name":"wp","href":"https:\/\/api.w.org\/{rel}","templated":true}]}}